{"id":30416,"date":"2025-10-23T16:34:21","date_gmt":"2025-10-23T13:34:21","guid":{"rendered":"https:\/\/akdenizhaber.com.tr\/?p=30416"},"modified":"2025-10-23T16:34:21","modified_gmt":"2025-10-23T13:34:21","slug":"manavgat-belediye-baskan-vekili-av-mehmet-cicek-antalya-turizm-fuarinin-acilis-torenine-katildi","status":"publish","type":"post","link":"https:\/\/akdenizhaber.com.tr\/index.php\/2025\/10\/23\/manavgat-belediye-baskan-vekili-av-mehmet-cicek-antalya-turizm-fuarinin-acilis-torenine-katildi\/","title":{"rendered":"Manavgat Belediye Ba\u015fkan Vekili Av. Mehmet \u00c7i\u00e7ek, Antalya Turizm Fuar\u0131\u2019n\u0131n A\u00e7\u0131l\u0131\u015f T\u00f6renine Kat\u0131ld\u0131"},"content":{"rendered":"\n<p>Bu y\u0131l 7\u2019ncisi d\u00fczenlenen Antalya Turizm Fuar\u0131, ANFA\u015e Uluslararas\u0131 Fuar ve Kongre Merkezi\u2019nde \u201cT\u00fcrk turizminin kalbi Antalya\u2019da y\u00fczde 100 Turizm\u201d slogan\u0131yla kap\u0131lar\u0131n\u0131 a\u00e7t\u0131.<\/p>\n\n\n\n<p>GMT Fuarc\u0131l\u0131k taraf\u0131ndan organize edilen fuar, 100 \u00fclkeden 2 bini a\u015fk\u0131n d\u00fcnya destinasyon temsilcisini, otel gruplar\u0131n\u0131, tur operat\u00f6rlerini, acenteleri ve teknoloji giri\u015fimcilerini bir araya getirdi. A\u00e7\u0131l\u0131\u015f t\u00f6renine; Antalya Valisi Hulusi \u015eahin, Antalya B\u00fcy\u00fck\u015fehir Belediye Ba\u015fkan Vekili B\u00fc\u015fra \u00d6zdemir, AKTOB Ba\u015fkan\u0131 Kaan Ka\u015fif Kavalo\u011flu, ATSO Ba\u015fkan\u0131 Yusuf Hac\u0131s\u00fcleyman, T\u00dcRSAB Ba\u015fkan Yard\u0131mc\u0131s\u0131 Davut G\u00fcnayd\u0131n, T\u00fcrkiye \u0130\u015f Bankas\u0131 Genel M\u00fcd\u00fcr Yard\u0131mc\u0131s\u0131 Sezgin Y\u0131lmaz, KKTC Ba\u015fbakan Yard\u0131mc\u0131s\u0131, Turizm, K\u00fclt\u00fcr, Gen\u00e7lik ve \u00c7evre Bakan\u0131 Fikri Atao\u011flu ve \u00e7ok say\u0131da sekt\u00f6r temsilcisi ile bas\u0131n mensubu kat\u0131ld\u0131.<\/p>\n\n\n\n<p>Ba\u015fkan Vekili \u00c7i\u00e7ek\u2019ten S\u00fcrd\u00fcr\u00fclebilir Turizm Vurgusu<\/p>\n\n\n\n<p>Fuar\u0131n a\u00e7\u0131l\u0131\u015f\u0131na kat\u0131lan Manavgat Belediye Ba\u015fkan Vekili Av. Mehmet \u00c7i\u00e7ek, Antalya Turizm Fuar\u0131\u2019n\u0131n hem \u00fclke hem de d\u00fcnya turizmi i\u00e7in b\u00fcy\u00fck bir bulu\u015fma noktas\u0131 oldu\u011funu belirterek \u015fu de\u011ferlendirmede bulundu:<\/p>\n\n\n\n<p>\u201cAntalya\u2019m\u0131z, sahip oldu\u011fu do\u011fal g\u00fczellikleri, tarihi miras\u0131 ve g\u00fc\u00e7l\u00fc turizm altyap\u0131s\u0131yla d\u00fcnyan\u0131n en \u00f6nemli destinasyonlar\u0131ndan birisi. Amac\u0131m\u0131z, turizmi sadece yaz aylar\u0131yla s\u0131n\u0131rl\u0131 tutmadan d\u00f6rt mevsime yaymak, yerel ekonomiye s\u00fcrd\u00fcr\u00fclebilir bir katk\u0131 sa\u011flamak, Antalya ve Manavgat\u2019\u0131 uluslararas\u0131 arenada daha g\u00f6r\u00fcn\u00fcr hale getirmektir. Biz de Manavgat Belediyesi olarak, \u00e7evreye sayg\u0131l\u0131, yenilik\u00e7i ve katma de\u011feri y\u00fcksek bir turizm vizyonunu benimsiyoruz.\u201d<\/p>\n\n\n\n<p>22-23-24 Ekim tarihlerinde ziyaret\u00e7ilere a\u00e7\u0131k olacak fuar boyunca, sekt\u00f6r\u00fcn \u00f6nde gelen temsilcileri, akademisyenler ve yat\u0131r\u0131mc\u0131lar turizmde dijitalle\u015fme, yeni pazarlar, s\u00fcrd\u00fcr\u00fclebilirlik ve marka de\u011feri konular\u0131nda oturumlar ger\u00e7ekle\u015ftirecek.<\/p>\n\n\n\n<p>Manavgat Belediyesi \/ B\u00fclten<\/p>\n","protected":false},"excerpt":{"rendered":"<p>Bu y\u0131l 7\u2019ncisi d\u00fczenlenen Antalya Turizm Fuar\u0131, ANFA\u015e Uluslararas\u0131 Fuar ve Kongre Merkezi\u2019nde \u201cT\u00fcrk turizminin kalbi Antalya\u2019da y\u00fczde 100 Turizm\u201d slogan\u0131yla kap\u0131lar\u0131n\u0131 a\u00e7t\u0131. GMT Fuarc\u0131l\u0131k <a href=\"https:\/\/akdenizhaber.com.tr\/index.php\/2025\/10\/23\/manavgat-belediye-baskan-vekili-av-mehmet-cicek-antalya-turizm-fuarinin-acilis-torenine-katildi\/\" class=\"read-more-link\">[more&#8230;]<\/a><\/p>\n","protected":false},"author":2,"featured_media":30417,"comment_status":"open","ping_status":"open","sticky":false,"template":"","format":"standard","meta":{"footnotes":""},"categories":[2],"tags":[],"class_list":["post-30416","post","type-post","status-publish","format-standard","has-post-thumbnail","hentry","category-gundem"],"_links":{"self":[{"href":"https:\/\/akdenizhaber.com.tr\/index.php\/wp-json\/wp\/v2\/posts\/30416","targetHints":{"allow":["GET"]}}],"collection":[{"href":"https:\/\/akdenizhaber.com.tr\/index.php\/wp-json\/wp\/v2\/posts"}],"about":[{"href":"https:\/\/akdenizhaber.com.tr\/index.php\/wp-json\/wp\/v2\/types\/post"}],"author":[{"embeddable":true,"href":"https:\/\/akdenizhaber.com.tr\/index.php\/wp-json\/wp\/v2\/users\/2"}],"replies":[{"embeddable":true,"href":"https:\/\/akdenizhaber.com.tr\/index.php\/wp-json\/wp\/v2\/comments?post=30416"}],"version-history":[{"count":2,"href":"https:\/\/akdenizhaber.com.tr\/index.php\/wp-json\/wp\/v2\/posts\/30416\/revisions"}],"predecessor-version":[{"id":30419,"href":"https:\/\/akdenizhaber.com.tr\/index.php\/wp-json\/wp\/v2\/posts\/30416\/revisions\/30419"}],"wp:featuredmedia":[{"embeddable":true,"href":"https:\/\/akdenizhaber.com.tr\/index.php\/wp-json\/wp\/v2\/media\/30417"}],"wp:attachment":[{"href":"https:\/\/akdenizhaber.com.tr\/index.php\/wp-json\/wp\/v2\/media?parent=30416"}],"wp:term":[{"taxonomy":"category","embeddable":true,"href":"https:\/\/akdenizhaber.com.tr\/index.php\/wp-json\/wp\/v2\/categories?post=30416"},{"taxonomy":"post_tag","embeddable":true,"href":"https:\/\/akdenizhaber.com.tr\/index.php\/wp-json\/wp\/v2\/tags?post=30416"}],"curies":[{"name":"wp","href":"https:\/\/api.w.org\/{rel}","templated":true}]}}