{"id":30413,"date":"2025-10-23T16:33:46","date_gmt":"2025-10-23T13:33:46","guid":{"rendered":"https:\/\/akdenizhaber.com.tr\/?p=30413"},"modified":"2025-10-23T16:33:46","modified_gmt":"2025-10-23T13:33:46","slug":"manavgat-belediye-baskan-vekili-av-mehmet-cicekten-chp-genel-baskani-ozgur-ozele-ziyaret","status":"publish","type":"post","link":"https:\/\/akdenizhaber.com.tr\/index.php\/2025\/10\/23\/manavgat-belediye-baskan-vekili-av-mehmet-cicekten-chp-genel-baskani-ozgur-ozele-ziyaret\/","title":{"rendered":"Manavgat Belediye Ba\u015fkan Vekili Av. Mehmet \u00c7i\u00e7ek\u2019ten CHP Genel Ba\u015fkan\u0131 \u00d6zg\u00fcr \u00d6zel\u2019e Ziyaret"},"content":{"rendered":"\n<p>Manavgat Belediye Ba\u015fkan Vekili Av. Mehmet \u00c7i\u00e7ek, CHP Antalya milletvekilleri Sururi \u00c7orabat\u0131r ve Aliye Co\u015far ile belediye meclis \u00fcyelerinden olu\u015fan heyetle birlikte, Cumhuriyet Halk Partisi Genel Ba\u015fkan\u0131 \u00d6zg\u00fcr \u00d6zel\u2019i ziyaret etti.<\/p>\n\n\n\n<p>Cumhuriyet Halk Partisi Grup Toplant\u0131s\u0131 \u00f6ncesinde ger\u00e7ekle\u015ftirilen ziyarette, Ba\u015fkan Vekili \u00c7i\u00e7ek ve beraberindekiler, Genel Ba\u015fkan \u00d6zg\u00fcr \u00d6zel\u2019e Manavgat\u2019\u0131n co\u011frafi i\u015faretli \u00fcr\u00fcn\u00fc olan \u201cManavgat Alt\u0131n Susam\u0131\u201dn\u0131 ve \u00d6zel\u2019in memleketi Manisa\u2019ya ithafen haz\u0131rlanm\u0131\u015f 45 numaral\u0131 Manavgat Belediyespor formas\u0131n\u0131 takdim ettiler.<\/p>\n\n\n\n<p>Ziyaretin ard\u0131ndan a\u00e7\u0131klamalarda bulunan Manavgat Belediye Ba\u015fkan Vekili Av. Mehmet \u00c7i\u00e7ek, CHP Genel Ba\u015fkan\u0131 \u00d6zg\u00fcr \u00d6zel\u2019i Manavgat halk\u0131 ad\u0131na selamlad\u0131klar\u0131n\u0131 belirterek \u015funlar\u0131 s\u00f6yledi:<\/p>\n\n\n\n<p>\u201cCumhuriyet Halk Partisi Genel Ba\u015fkan\u0131m\u0131z Say\u0131n \u00d6zg\u00fcr \u00d6zel\u2019i, belediye meclis \u00fcyelerimiz ve milletvekillerimizle birlikte ziyaret ederek Manavgat\u2019\u0131m\u0131z\u0131n selam\u0131n\u0131 ilettik. Say\u0131n Genel Ba\u015fkan\u0131m\u0131za hem kentimizin simgesi haline gelen co\u011frafi i\u015faretli <em>Manavgat Alt\u0131n Susam\u0131\u2019n\u0131<\/em> hem de Manisa\u2019ya ithafen haz\u0131rlad\u0131\u011f\u0131m\u0131z 45 numaral\u0131 Manavgat Belediyespor formam\u0131z\u0131 takdim ettik.<br>Manavgat olarak \u00fcretime, yerel kalk\u0131nmaya ve sosyal belediyecili\u011fe verdi\u011fimiz \u00f6nemi Say\u0131n Genel Ba\u015fkan\u0131m\u0131zla payla\u015fma f\u0131rsat\u0131 bulduk. Kendilerinin ilgi ve desteklerinden dolay\u0131 te\u015fekk\u00fcr ediyoruz.\u201d<\/p>\n\n\n\n<p>Ziyaretin ard\u0131ndan Manavgat heyeti, T\u00fcrkiye B\u00fcy\u00fck Millet Meclisi\u2019nde ger\u00e7ekle\u015ftirilen CHP Grup Toplant\u0131s\u0131\u2019na da kat\u0131l\u0131m sa\u011flad\u0131.<\/p>\n\n\n\n<p>Manavgat Belediyesi \/ B\u00fclten<\/p>\n","protected":false},"excerpt":{"rendered":"<p>Manavgat Belediye Ba\u015fkan Vekili Av. Mehmet \u00c7i\u00e7ek, CHP Antalya milletvekilleri Sururi \u00c7orabat\u0131r ve Aliye Co\u015far ile belediye meclis \u00fcyelerinden olu\u015fan heyetle birlikte, Cumhuriyet Halk Partisi <a href=\"https:\/\/akdenizhaber.com.tr\/index.php\/2025\/10\/23\/manavgat-belediye-baskan-vekili-av-mehmet-cicekten-chp-genel-baskani-ozgur-ozele-ziyaret\/\" class=\"read-more-link\">[more&#8230;]<\/a><\/p>\n","protected":false},"author":2,"featured_media":30414,"comment_status":"open","ping_status":"open","sticky":false,"template":"","format":"standard","meta":{"footnotes":""},"categories":[2],"tags":[],"class_list":["post-30413","post","type-post","status-publish","format-standard","has-post-thumbnail","hentry","category-gundem"],"_links":{"self":[{"href":"https:\/\/akdenizhaber.com.tr\/index.php\/wp-json\/wp\/v2\/posts\/30413","targetHints":{"allow":["GET"]}}],"collection":[{"href":"https:\/\/akdenizhaber.com.tr\/index.php\/wp-json\/wp\/v2\/posts"}],"about":[{"href":"https:\/\/akdenizhaber.com.tr\/index.php\/wp-json\/wp\/v2\/types\/post"}],"author":[{"embeddable":true,"href":"https:\/\/akdenizhaber.com.tr\/index.php\/wp-json\/wp\/v2\/users\/2"}],"replies":[{"embeddable":true,"href":"https:\/\/akdenizhaber.com.tr\/index.php\/wp-json\/wp\/v2\/comments?post=30413"}],"version-history":[{"count":1,"href":"https:\/\/akdenizhaber.com.tr\/index.php\/wp-json\/wp\/v2\/posts\/30413\/revisions"}],"predecessor-version":[{"id":30415,"href":"https:\/\/akdenizhaber.com.tr\/index.php\/wp-json\/wp\/v2\/posts\/30413\/revisions\/30415"}],"wp:featuredmedia":[{"embeddable":true,"href":"https:\/\/akdenizhaber.com.tr\/index.php\/wp-json\/wp\/v2\/media\/30414"}],"wp:attachment":[{"href":"https:\/\/akdenizhaber.com.tr\/index.php\/wp-json\/wp\/v2\/media?parent=30413"}],"wp:term":[{"taxonomy":"category","embeddable":true,"href":"https:\/\/akdenizhaber.com.tr\/index.php\/wp-json\/wp\/v2\/categories?post=30413"},{"taxonomy":"post_tag","embeddable":true,"href":"https:\/\/akdenizhaber.com.tr\/index.php\/wp-json\/wp\/v2\/tags?post=30413"}],"curies":[{"name":"wp","href":"https:\/\/api.w.org\/{rel}","templated":true}]}}