{"id":30410,"date":"2025-10-23T16:32:55","date_gmt":"2025-10-23T13:32:55","guid":{"rendered":"https:\/\/akdenizhaber.com.tr\/?p=30410"},"modified":"2025-10-23T16:32:55","modified_gmt":"2025-10-23T13:32:55","slug":"manavgat-heyeti-chp-grup-baskanvekili-basarir-ve-milletvekilleriyle-gorustu","status":"publish","type":"post","link":"https:\/\/akdenizhaber.com.tr\/index.php\/2025\/10\/23\/manavgat-heyeti-chp-grup-baskanvekili-basarir-ve-milletvekilleriyle-gorustu\/","title":{"rendered":"Manavgat Heyeti, CHP Grup Ba\u015fkanvekili Ba\u015far\u0131r ve Milletvekilleriyle G\u00f6r\u00fc\u015ft\u00fc"},"content":{"rendered":"\n<p>Manavgat Belediye Ba\u015fkan Vekili Av. Mehmet \u00c7i\u00e7ek, beraberindeki belediye meclis \u00fcyeleriyle birlikte T\u00fcrkiye B\u00fcy\u00fck Millet Meclisi\u2019nde (TBMM) bir dizi ziyarette bulundu.<\/p>\n\n\n\n<p>Cumhuriyet Halk Partisi\u2019nin grup toplant\u0131s\u0131na kat\u0131lan Manavgat heyeti, toplant\u0131 sonras\u0131 Meclis\u2019te temaslarda bulundu. Ziyaret kapsam\u0131nda Manavgat Belediye Ba\u015fkan Vekili Av. Mehmet \u00c7i\u00e7ek ve belediye meclis \u00fcyeleri, CHP Grup Ba\u015fkanvekili Ali Mahir Ba\u015far\u0131r, Bilecik Milletvekili Ya\u015far T\u00fcz\u00fcn, Ayd\u0131n Milletvekili Evrim Karakoz ile Antalya Milletvekilleri Sururi \u00c7orabat\u0131r, Aliye Co\u015far, Mustafa Erdem ve Aykut Kaya ile bir araya geldi.<\/p>\n\n\n\n<p>Ger\u00e7ekle\u015fen g\u00f6r\u00fc\u015fmelerde, Manavgat Belediyesi\u2019nin y\u00fcr\u00fctt\u00fc\u011f\u00fc hizmetler, b\u00f6lgesel kalk\u0131nma \u00e7al\u0131\u015fmalar\u0131 ve turizm politikalar\u0131 hakk\u0131nda de\u011ferlendirmelerde bulunuldu. Ba\u015fkan Vekili \u00c7i\u00e7ek, yerel y\u00f6netimlerde halk odakl\u0131 hizmet anlay\u0131\u015f\u0131n\u0131 esas ald\u0131klar\u0131n\u0131 belirterek, belediyenin s\u00fcrd\u00fcrd\u00fc\u011f\u00fc projeler ve yeni d\u00f6nem hedefleri hakk\u0131nda milletvekillerine bilgi verdi.<\/p>\n\n\n\n<p>Belediye Ba\u015fkan Vekili Av. Mehmet \u00c7i\u00e7ek, ziyaretin ard\u0131ndan yapt\u0131\u011f\u0131 de\u011ferlendirmede, TBMM\u2019de yap\u0131lan g\u00f6r\u00fc\u015fmelerin verimli ge\u00e7ti\u011fini ifade etti. \u00c7i\u00e7ek, \u201cManavgat\u2019\u0131n ihtiya\u00e7lar\u0131n\u0131, beklentilerini ve gelece\u011fe d\u00f6n\u00fck projelerini TBMM \u00e7at\u0131s\u0131 alt\u0131nda payla\u015fma f\u0131rsat\u0131 bulduk.\u201d dedi.<\/p>\n\n\n\n<p>Manavgat Belediyesi \/ B\u00fclten<\/p>\n","protected":false},"excerpt":{"rendered":"<p>Manavgat Belediye Ba\u015fkan Vekili Av. Mehmet \u00c7i\u00e7ek, beraberindeki belediye meclis \u00fcyeleriyle birlikte T\u00fcrkiye B\u00fcy\u00fck Millet Meclisi\u2019nde (TBMM) bir dizi ziyarette bulundu. Cumhuriyet Halk Partisi\u2019nin grup <a href=\"https:\/\/akdenizhaber.com.tr\/index.php\/2025\/10\/23\/manavgat-heyeti-chp-grup-baskanvekili-basarir-ve-milletvekilleriyle-gorustu\/\" class=\"read-more-link\">[more&#8230;]<\/a><\/p>\n","protected":false},"author":2,"featured_media":30411,"comment_status":"open","ping_status":"open","sticky":false,"template":"","format":"standard","meta":{"footnotes":""},"categories":[2],"tags":[],"class_list":["post-30410","post","type-post","status-publish","format-standard","has-post-thumbnail","hentry","category-gundem"],"_links":{"self":[{"href":"https:\/\/akdenizhaber.com.tr\/index.php\/wp-json\/wp\/v2\/posts\/30410","targetHints":{"allow":["GET"]}}],"collection":[{"href":"https:\/\/akdenizhaber.com.tr\/index.php\/wp-json\/wp\/v2\/posts"}],"about":[{"href":"https:\/\/akdenizhaber.com.tr\/index.php\/wp-json\/wp\/v2\/types\/post"}],"author":[{"embeddable":true,"href":"https:\/\/akdenizhaber.com.tr\/index.php\/wp-json\/wp\/v2\/users\/2"}],"replies":[{"embeddable":true,"href":"https:\/\/akdenizhaber.com.tr\/index.php\/wp-json\/wp\/v2\/comments?post=30410"}],"version-history":[{"count":1,"href":"https:\/\/akdenizhaber.com.tr\/index.php\/wp-json\/wp\/v2\/posts\/30410\/revisions"}],"predecessor-version":[{"id":30412,"href":"https:\/\/akdenizhaber.com.tr\/index.php\/wp-json\/wp\/v2\/posts\/30410\/revisions\/30412"}],"wp:featuredmedia":[{"embeddable":true,"href":"https:\/\/akdenizhaber.com.tr\/index.php\/wp-json\/wp\/v2\/media\/30411"}],"wp:attachment":[{"href":"https:\/\/akdenizhaber.com.tr\/index.php\/wp-json\/wp\/v2\/media?parent=30410"}],"wp:term":[{"taxonomy":"category","embeddable":true,"href":"https:\/\/akdenizhaber.com.tr\/index.php\/wp-json\/wp\/v2\/categories?post=30410"},{"taxonomy":"post_tag","embeddable":true,"href":"https:\/\/akdenizhaber.com.tr\/index.php\/wp-json\/wp\/v2\/tags?post=30410"}],"curies":[{"name":"wp","href":"https:\/\/api.w.org\/{rel}","templated":true}]}}