{"id":30407,"date":"2025-10-23T16:32:18","date_gmt":"2025-10-23T13:32:18","guid":{"rendered":"https:\/\/akdenizhaber.com.tr\/?p=30407"},"modified":"2025-10-23T16:32:18","modified_gmt":"2025-10-23T13:32:18","slug":"antalya-ilce-kongreleri-tamamlandi-iyi-parti-il-kongresi-22-kasimda","status":"publish","type":"post","link":"https:\/\/akdenizhaber.com.tr\/index.php\/2025\/10\/23\/antalya-ilce-kongreleri-tamamlandi-iyi-parti-il-kongresi-22-kasimda\/","title":{"rendered":"Antalya \u0130l\u00e7e Kongreleri Tamamland\u0131                                   \u0130Y\u0130 PART\u0130 \u0130L KONGRES\u0130 22 KASIM\u2019DA"},"content":{"rendered":"\n<p><\/p>\n\n\n\n<p>\u0130Y\u0130 Parti Antalya \u0130l\u00e7e kongreleri tamamland\u0131. Yakla\u015f\u0131k bir ayd\u0131r devam eden kongrelerde 16 il\u00e7ede mevcut ba\u015fkanlar g\u00fcven tazeleyerek yeniden se\u00e7ilirken 3 il\u00e7ede bayrak de\u011fi\u015fimi ya\u015fand\u0131.<\/p>\n\n\n\n<p>\u0130l\u00e7e Kongrelerini tamamlayan \u0130Y\u0130 Parti Antalya \u0130l Ba\u015fkanl\u0131\u011f\u0131\u2019nda g\u00f6zler \u0130l Kongresine \u00e7evrildi. Konuyla ilgili yaz\u0131l\u0131 bir a\u00e7\u0131klama yapan \u0130Y\u0130 Parti Antalya \u0130l Ba\u015fkan\u0131 Ali Adnan Kaya \u015funlar\u0131 s\u00f6yledi:<\/p>\n\n\n\n<p>\u2018\u2019Birlik-beraberlik ve karde\u015flik temas\u0131yla yap\u0131lan il\u00e7e kongrelerimizi tek adayl\u0131 ancak parti i\u00e7i demokrasiyi \u00e7al\u0131\u015ft\u0131rarak ger\u00e7ekle\u015ftirdik. Akseki, Kumluca ve Korkuteli\u2019nde bayrak de\u011fi\u015fimi ya\u015fand\u0131. Ancak bu il\u00e7elerdeki ba\u015fkanlar\u0131m\u0131z da yeni y\u00f6netimlere destek verdiler. \u00d6yle ki, Akseki \u0130l\u00e7emizde \u00f6nceki d\u00f6nem ba\u015fkan\u0131m\u0131z bayra\u011f\u0131 devretmesine ra\u011fmen yeni il\u00e7e y\u00f6netiminde yer alarak partimizdeki birlik ve beraberlik ruhunu en iyi \u015fekilde yans\u0131tm\u0131\u015ft\u0131r. Di\u011fer 16 il\u00e7emizdeki ba\u015fkanlar\u0131m\u0131z ise y\u00f6netim kadrolar\u0131n\u0131 yenileyerek ve g\u00fc\u00e7lendirerek yola devam ediyorlar.\u2019\u2019<\/p>\n\n\n\n<p>DERV\u0130\u015eO\u011eLU\u2019NUN KATILMASI BEKLEN\u0130YOR<\/p>\n\n\n\n<p>Ali Adnan Kaya, \u0130l Kongresinin 22 Kas\u0131m\u2019da Naz\u0131m Hikmet Kongre Merkezinde tam bir \u015f\u00f6len havas\u0131nda ger\u00e7ekle\u015ftirilece\u011fini s\u00f6zlerine ekleyerek a\u00e7\u0131klamas\u0131n\u0131 \u015f\u00f6yle s\u00fcrd\u00fcrd\u00fc:<\/p>\n\n\n\n<p>\u2018\u2019\u0130l\u00e7elerdeki kongre heyecan\u0131m\u0131z\u0131n tamamlanmas\u0131yla birlikte s\u0131ra \u0130l Kongremize geldi. Genel Ba\u015fkan\u0131m\u0131z Say\u0131n M\u00fcsavat Dervi\u015fo\u011flu ile yapt\u0131\u011f\u0131m\u0131z g\u00f6r\u00fc\u015fmelerde, Antalya\u2019ya b\u00fcy\u00fck \u00f6nem verdiklerini, \u00fclke g\u00fcndeminin yo\u011funlu\u011fuyla ilgili bir program de\u011fi\u015fikli\u011fi olmamas\u0131 halinde \u0130l Kongremize mutlaka kat\u0131lmay\u0131 arzu ettiklerini ifade ettiler. T\u00fcm haz\u0131rl\u0131\u011f\u0131m\u0131z\u0131 Genel Ba\u015fkan\u0131m\u0131z Say\u0131n M\u00fcsavat Dervi\u015fo\u011flu\u2019nun da kongreye kat\u0131laca\u011f\u0131 varsay\u0131m\u0131yla s\u00fcrd\u00fcr\u00fcyoruz. Antalya, Say\u0131n Genel Ba\u015fkan\u0131m\u0131z\u0131 ba\u011fr\u0131na basmak i\u00e7in bekliyor. Yine birlik ve beraberlik i\u00e7inde \u0130l Kongremizi tamamlayaca\u011f\u0131m\u0131z\u0131, \u0130Y\u0130 Parti\u2019nin \u00fclkemizde ya\u015fanan sosyal, ekonomik ve Milli G\u00fcvenlik meselelerine en duyarl\u0131 parti olarak onurlu ve sorumlu siyaset anlay\u0131\u015f\u0131yla \u00e7al\u0131\u015fmalar\u0131n\u0131 s\u00fcrd\u00fcrd\u00fc\u011f\u00fc bu s\u00fcre\u00e7te Antalya\u2019dan tek yumruk olarak ve \u0130l Y\u00f6netimimizi g\u00fc\u00e7lendirerek kongre s\u00fcrecimizi tamamlayaca\u011f\u0131m\u0131z\u0131 ifade etmek istiyorum.\u2019\u2019<\/p>\n\n\n\n<p>\u0130L\u00c7E KONGRELER\u0130NDE \u015eU \u0130S\u0130MLER BA\u015eKAN OLDU<\/p>\n\n\n\n<p>\u0130l\u00e7e Kongrelerini b\u00fcy\u00fck bir co\u015fku ve demokrasi \u015f\u00f6leniyle tamamlayan \u0130Y\u0130 Parti\u2019de \u0130l\u00e7e Ba\u015fkanlar\u0131 \u015fu isimlerden olu\u015ftu:<\/p>\n\n\n\n<p>AKSEK\u0130 : Ali Kartal<\/p>\n\n\n\n<p>AKSU : Abdurrahman T\u00fct\u00fc\u015fo\u011flu<\/p>\n\n\n\n<p>ALANYA : Hilmi Er<\/p>\n\n\n\n<p>DEMRE : H\u00fcseyin Erol<\/p>\n\n\n\n<p>D\u00d6\u015eEMEALTI : Ali \u00d6zbey<\/p>\n\n\n\n<p>ELMALI : S\u00fcleyman Erdo\u011fan<\/p>\n\n\n\n<p>F\u0130N\u0130KE : \u0130smet \u00c7etin<\/p>\n\n\n\n<p>GAZ\u0130PA\u015eA : Mehmet Ali \u00c7omruk<\/p>\n\n\n\n<p>G\u00dcNGO\u011eMU\u015e : Emir Ali \u00c7atalkaya<\/p>\n\n\n\n<p>\u0130BRADI : Sel\u00e7uk Yamansoy<\/p>\n\n\n\n<p>KA\u015e : Mehmet Okral\u0131<\/p>\n\n\n\n<p>KEMER : Tolga Kavi\u015f<\/p>\n\n\n\n<p>KEPEZ : O\u011fuz Alt\u0131nkaynak<\/p>\n\n\n\n<p>KONYAALTI : Serap Kaya<\/p>\n\n\n\n<p>KORKUTEL\u0130 : Ali Ate\u015f<\/p>\n\n\n\n<p>KUMLUCA : H\u00fcseyin Oktay<\/p>\n\n\n\n<p>MANAVGAT : Remzi K\u00fc\u00e7\u00fcko\u011flu<\/p>\n\n\n\n<p>MURATPA\u015eA : Hayri Tolga Motorcu<\/p>\n\n\n\n<p>SER\u0130K : Erhan Uzun<\/p>\n\n\n\n<p>Haber Merkezi<\/p>\n","protected":false},"excerpt":{"rendered":"<p>\u0130Y\u0130 Parti Antalya \u0130l\u00e7e kongreleri tamamland\u0131. Yakla\u015f\u0131k bir ayd\u0131r devam eden kongrelerde 16 il\u00e7ede mevcut ba\u015fkanlar g\u00fcven tazeleyerek yeniden se\u00e7ilirken 3 il\u00e7ede bayrak de\u011fi\u015fimi ya\u015fand\u0131. <a href=\"https:\/\/akdenizhaber.com.tr\/index.php\/2025\/10\/23\/antalya-ilce-kongreleri-tamamlandi-iyi-parti-il-kongresi-22-kasimda\/\" class=\"read-more-link\">[more&#8230;]<\/a><\/p>\n","protected":false},"author":2,"featured_media":30408,"comment_status":"open","ping_status":"open","sticky":false,"template":"","format":"standard","meta":{"footnotes":""},"categories":[2],"tags":[],"class_list":["post-30407","post","type-post","status-publish","format-standard","has-post-thumbnail","hentry","category-gundem"],"_links":{"self":[{"href":"https:\/\/akdenizhaber.com.tr\/index.php\/wp-json\/wp\/v2\/posts\/30407","targetHints":{"allow":["GET"]}}],"collection":[{"href":"https:\/\/akdenizhaber.com.tr\/index.php\/wp-json\/wp\/v2\/posts"}],"about":[{"href":"https:\/\/akdenizhaber.com.tr\/index.php\/wp-json\/wp\/v2\/types\/post"}],"author":[{"embeddable":true,"href":"https:\/\/akdenizhaber.com.tr\/index.php\/wp-json\/wp\/v2\/users\/2"}],"replies":[{"embeddable":true,"href":"https:\/\/akdenizhaber.com.tr\/index.php\/wp-json\/wp\/v2\/comments?post=30407"}],"version-history":[{"count":1,"href":"https:\/\/akdenizhaber.com.tr\/index.php\/wp-json\/wp\/v2\/posts\/30407\/revisions"}],"predecessor-version":[{"id":30409,"href":"https:\/\/akdenizhaber.com.tr\/index.php\/wp-json\/wp\/v2\/posts\/30407\/revisions\/30409"}],"wp:featuredmedia":[{"embeddable":true,"href":"https:\/\/akdenizhaber.com.tr\/index.php\/wp-json\/wp\/v2\/media\/30408"}],"wp:attachment":[{"href":"https:\/\/akdenizhaber.com.tr\/index.php\/wp-json\/wp\/v2\/media?parent=30407"}],"wp:term":[{"taxonomy":"category","embeddable":true,"href":"https:\/\/akdenizhaber.com.tr\/index.php\/wp-json\/wp\/v2\/categories?post=30407"},{"taxonomy":"post_tag","embeddable":true,"href":"https:\/\/akdenizhaber.com.tr\/index.php\/wp-json\/wp\/v2\/tags?post=30407"}],"curies":[{"name":"wp","href":"https:\/\/api.w.org\/{rel}","templated":true}]}}