{"id":30403,"date":"2025-10-23T16:30:49","date_gmt":"2025-10-23T13:30:49","guid":{"rendered":"https:\/\/akdenizhaber.com.tr\/?p=30403"},"modified":"2025-10-23T16:30:49","modified_gmt":"2025-10-23T13:30:49","slug":"akdeniz-universitesi-ile-azerbaycan-idman-akademisi-arasinda-is-birligi","status":"publish","type":"post","link":"https:\/\/akdenizhaber.com.tr\/index.php\/2025\/10\/23\/akdeniz-universitesi-ile-azerbaycan-idman-akademisi-arasinda-is-birligi\/","title":{"rendered":"Akdeniz \u00dcniversitesi ile Azerbaycan \u0130dman Akademisi Aras\u0131nda \u0130\u015f Birli\u011fi"},"content":{"rendered":"\n<p>Akdeniz \u00dcniversitesi ile Azerbaycan \u0130dman Akademisi aras\u0131nda Antren\u00f6rl\u00fck E\u011fitimi Alan\u0131nda Uluslararas\u0131 Ortak Lisans E\u011fitim ve \u00d6\u011fretim Program\u0131 Tesisine \u0130li\u015fkin Protokol imzand\u0131.<\/p>\n\n\n\n<p>Akdeniz \u00dcniversitesi Y\u00f6netim Kurulu Salonu\u2019nda imzalanan t\u00f6rene Akdeniz \u00dcniversitesi Rekt\u00f6r\u00fc Prof. Dr. \u00d6zlenen \u00d6zkan, Azerbaycan \u0130dman Akademisi Rekt\u00f6r\u00fc Prof. Dr. Fuad Hac\u0131yev, Rekt\u00f6r Yard\u0131mc\u0131s\u0131 Prof. Dr. \u00dclk\u0259r Babayeva, Akdeniz \u00dcniversitesi Rekt\u00f6r Yard\u0131mc\u0131s\u0131 Prof. Dr. Cengiz Toker, Spor Bilimleri Fak\u00fcltesi Dekan\u0131 Prof. Dr. Tennur Yerlisu Lapa, Dekan Yard\u0131mc\u0131lar\u0131 Prof. Dr. Mustafa Y\u0131ld\u0131z, Do\u00e7. Dr. Ne\u015fe Tokta\u015f, Uluslararas\u0131 \u0130li\u015fkiler Ofisi Koordinat\u00f6r\u00fc Prof. Dr. \u0130rfan Turhan kat\u0131ld\u0131.<\/p>\n\n\n\n<p>\u0130K\u0130 \u00dcLKE ARASINDA E\u011e\u0130T\u0130M KAL\u0130TES\u0130N\u0130N PAYLA\u015eIMI<\/p>\n\n\n\n<p>Akdeniz \u00dcniversitesi Rekt\u00f6r\u00fc Prof. Dr. \u00d6zlenen \u00d6zkan, \u201cAkdeniz \u00dcniversitesi olarak g\u00f6reve geldi\u011fimiz ilk g\u00fcnden itibaren hem \u00fclkemizdeki hem de uluslararas\u0131 alandaki akademik ili\u015fkilerimizi geli\u015ftirmek i\u00e7in protokoller imzalad\u0131k. Bug\u00fcn imzalad\u0131\u011f\u0131m\u0131z protokol\u00fcm\u00fczde karde\u015f \u00fclkemiz Azerbaycan\u2019\u0131m\u0131z\u0131n \u00e7ok k\u00f6kl\u00fc ve de\u011ferli \u00fcniversitesi olan Azerbaycan \u0130dman Akademisi ile ger\u00e7ekle\u015ftiriyoruz. Protokol\u00fcm\u00fczle birlikte iki \u00fclke \u00fcniversiteleri aras\u0131nda e\u011fitim kalitesinin payla\u015f\u0131m\u0131 ve \u00f6\u011frencilerimiz farkl\u0131 \u00fclke, \u00fcniversite ve e\u011fitim sistemleri i\u00e7erisinde kendilerini geli\u015ftirmelerine y\u00f6nelik olacak.\u201d dedi. Rekt\u00f6r Prof. Dr. \u00d6zlenen \u00d6zkan, imzalanan protokol\u00fcn Olimpiyatlar ba\u015fta olmak \u00fczere uluslararas\u0131 organizasyonlarda T\u00fcrkiye ve Azerbaycan bayra\u011f\u0131n\u0131n daha fazla dalgalanmas\u0131na vesile olmas\u0131n\u0131 diledi.<\/p>\n\n\n\n<p>GURUR VE MUTLULUK DUYUYORUZ<\/p>\n\n\n\n<p>Azerbaycan \u0130dman Akademisi Rekt\u00f6r Prof. Dr. Fuad Hac\u0131yev, \u201cKendimizi kendi \u00fclkemizde gibi hissediyoruz. Akdeniz \u00dcniversitesi ile bu protokol\u00fc ger\u00e7ekle\u015ftirdi\u011fimiz i\u00e7in gurur ve mutluluk duyuyoruz. Her iki \u00fcniversitemizin \u00f6\u011frencileri de kendilerini geli\u015ftirerek alanlar\u0131nda daha etkin ve yetkin olma f\u0131rsat\u0131 yakalayacaklar. Protokol\u00fcn imzalanmas\u0131nda eme\u011fi ge\u00e7enlere te\u015fekk\u00fcr ederim.\u201d \u015feklinde konu\u015ftu.<\/p>\n\n\n\n<p>E\u011e\u0130T\u0130MLER T\u00dcRK\u00c7E VE AZERBAYCAN T\u00dcRK\u00c7ES\u0130 OLACAK<\/p>\n\n\n\n<p>T\u00fcrkiye\u2019den Akdeniz \u00dcniversitesi ile Azerbaycan \u0130dman Akademisi aras\u0131nda Antren\u00f6rl\u00fck E\u011fitimi alan\u0131nda y\u00fcr\u00fct\u00fclecek Uluslararas\u0131 Ortak Lisans E\u011fitim ve \u00d6\u011fretim Program\u0131n\u0131n kapsam\u0131 ve y\u00fcr\u00fct\u00fclmesine ili\u015fkin imzalanan protokolle ortak lisans programlar\u0131nda ortak program\u0131n e\u011fitim dili Akdeniz \u00dcniversitesinde T\u00fcrk\u00e7e, Azerbaycan \u0130dman Akademisinde Azerbaycan T\u00fcrk\u00e7esi olacak.<\/p>\n\n\n\n<p>\u00c7\u0130FT D\u0130PLOMA \u015eANSI<\/p>\n\n\n\n<p>Her iki \u00fcniversitenin akademik gerekliliklerini kar\u015f\u0131layan ve mezun olma hakk\u0131n\u0131 kazanan \u00f6\u011frenci bilgilerini ve genel transkripti taraflar birbirine g\u00f6nderecek ve ortak programdan mezun olacak \u00f6\u011frencilere, biri Akdeniz \u00dcniversitesinden, di\u011feri Azerbaycan \u0130dman Akademisinden olmak \u00fczere iki adet ayr\u0131 ve birbirinden ba\u011f\u0131ms\u0131z \u00e7oklu (double) nitelikte lisans diplomas\u0131 verilecek.<\/p>\n\n\n\n<p>PROTOKOL 5 YIL GE\u00c7ERL\u0130 OLACAK<\/p>\n\n\n\n<p>Protokol Y\u00fcksek\u00f6\u011fretim Kurulu onay\u0131 ve taraflar\u0131n yetkili kurumlar\u0131 taraf\u0131ndan onaylanmas\u0131 ile ba\u015flayacak ve 5 y\u0131l i\u00e7in ge\u00e7erli olacak. Protokol T\u00fcrk\u00e7e ve Azerbaycan T\u00fcrk\u00e7esi iki\u015fer orijinal n\u00fcsha halinde ve b\u00fct\u00fcn metinler e\u015fit derecede ge\u00e7erli olmak \u00fczere imzaland\u0131.<\/p>\n\n\n\n<p>Akdeniz \u00dcniversitesi Rekt\u00f6rl\u00fc\u011f\u00fc \/ B\u00fclten<\/p>\n","protected":false},"excerpt":{"rendered":"<p>Akdeniz \u00dcniversitesi ile Azerbaycan \u0130dman Akademisi aras\u0131nda Antren\u00f6rl\u00fck E\u011fitimi Alan\u0131nda Uluslararas\u0131 Ortak Lisans E\u011fitim ve \u00d6\u011fretim Program\u0131 Tesisine \u0130li\u015fkin Protokol imzand\u0131. Akdeniz \u00dcniversitesi Y\u00f6netim Kurulu <a href=\"https:\/\/akdenizhaber.com.tr\/index.php\/2025\/10\/23\/akdeniz-universitesi-ile-azerbaycan-idman-akademisi-arasinda-is-birligi\/\" class=\"read-more-link\">[more&#8230;]<\/a><\/p>\n","protected":false},"author":2,"featured_media":30404,"comment_status":"open","ping_status":"open","sticky":false,"template":"","format":"standard","meta":{"footnotes":""},"categories":[2],"tags":[],"class_list":["post-30403","post","type-post","status-publish","format-standard","has-post-thumbnail","hentry","category-gundem"],"_links":{"self":[{"href":"https:\/\/akdenizhaber.com.tr\/index.php\/wp-json\/wp\/v2\/posts\/30403","targetHints":{"allow":["GET"]}}],"collection":[{"href":"https:\/\/akdenizhaber.com.tr\/index.php\/wp-json\/wp\/v2\/posts"}],"about":[{"href":"https:\/\/akdenizhaber.com.tr\/index.php\/wp-json\/wp\/v2\/types\/post"}],"author":[{"embeddable":true,"href":"https:\/\/akdenizhaber.com.tr\/index.php\/wp-json\/wp\/v2\/users\/2"}],"replies":[{"embeddable":true,"href":"https:\/\/akdenizhaber.com.tr\/index.php\/wp-json\/wp\/v2\/comments?post=30403"}],"version-history":[{"count":1,"href":"https:\/\/akdenizhaber.com.tr\/index.php\/wp-json\/wp\/v2\/posts\/30403\/revisions"}],"predecessor-version":[{"id":30405,"href":"https:\/\/akdenizhaber.com.tr\/index.php\/wp-json\/wp\/v2\/posts\/30403\/revisions\/30405"}],"wp:featuredmedia":[{"embeddable":true,"href":"https:\/\/akdenizhaber.com.tr\/index.php\/wp-json\/wp\/v2\/media\/30404"}],"wp:attachment":[{"href":"https:\/\/akdenizhaber.com.tr\/index.php\/wp-json\/wp\/v2\/media?parent=30403"}],"wp:term":[{"taxonomy":"category","embeddable":true,"href":"https:\/\/akdenizhaber.com.tr\/index.php\/wp-json\/wp\/v2\/categories?post=30403"},{"taxonomy":"post_tag","embeddable":true,"href":"https:\/\/akdenizhaber.com.tr\/index.php\/wp-json\/wp\/v2\/tags?post=30403"}],"curies":[{"name":"wp","href":"https:\/\/api.w.org\/{rel}","templated":true}]}}