{"id":30371,"date":"2025-10-20T17:10:18","date_gmt":"2025-10-20T14:10:18","guid":{"rendered":"https:\/\/akdenizhaber.com.tr\/?p=30371"},"modified":"2025-10-20T17:10:19","modified_gmt":"2025-10-20T14:10:19","slug":"genc-hekim-adaylari-beyaz-onluklerini-giydi","status":"publish","type":"post","link":"https:\/\/akdenizhaber.com.tr\/index.php\/2025\/10\/20\/genc-hekim-adaylari-beyaz-onluklerini-giydi\/","title":{"rendered":"Gen\u00e7 Hekim Adaylar\u0131 Beyaz \u00d6nl\u00fcklerini Giydi"},"content":{"rendered":"\n<p>Akdeniz \u00dcniversitesi T\u0131p Fak\u00fcltesi\u2019nde geleneksel \u201cBeyaz \u00d6nl\u00fck Giyme T\u00f6reni\u201d b\u00fcy\u00fck bir co\u015fkuyla ger\u00e7ekle\u015ftirildi. T\u0131p Fak\u00fcltesi birinci s\u0131n\u0131f \u00f6\u011frencileri i\u00e7in d\u00fczenlenen t\u00f6rende, 343 \u00f6\u011frenci beyaz \u00f6nl\u00fcklerini giyerek hekimli\u011fe ilk ad\u0131mlar\u0131n\u0131 att\u0131.<\/p>\n\n\n\n<p>Akdeniz \u00dcniversitesi Atat\u00fcrk Konferans Salonunda d\u00fczenlenen t\u00f6rene Akdeniz \u00dcniversitesi Rekt\u00f6r\u00fc Prof. Dr. \u00d6zlenen \u00d6zkan, Organ Nakli Merkezi M\u00fcd\u00fcr\u00fc Prof. Dr. \u00d6mer \u00d6zkan, Rekt\u00f6r Yard\u0131mc\u0131lar\u0131 Prof. Dr. Ay\u015fe G\u00fclbin Ar\u0131c\u0131, Prof. Dr. \u015e\u00fckr\u00fc \u00d6zen, Prof. Dr. Cengiz Toker, T\u0131p Fak\u00fcltesi Dekan\u0131 Prof. Dr. Ye\u015fim \u015eenol, Hastane Ba\u015fhekimi Prof. Dr. Y\u0131ld\u0131ray \u00c7ete, akademisyenler, \u00f6\u011frenciler ve aileleri kat\u0131ld\u0131.<\/p>\n\n\n\n<p>BUG\u00dcN \u0130NSANLI\u011eA ADANMI\u015e B\u0130R YOLCULUK BA\u015eLIYOR<\/p>\n\n\n\n<p>T\u00f6renin a\u00e7\u0131l\u0131\u015f konu\u015fmas\u0131n\u0131 yapan Akdeniz \u00dcniversitesi Rekt\u00f6r\u00fc Prof. Dr. \u00d6zlenen \u00d6zkan, konu\u015fmas\u0131nda hekimli\u011fin yaln\u0131zca bir meslek de\u011fil, insanl\u0131\u011f\u0131n en kutsal g\u00f6revlerinden biri oldu\u011funa dikkat \u00e7ekerek \u201cBug\u00fcn bir unvan kazanman\u0131n de\u011fil, insanl\u0131\u011fa adanm\u0131\u015f bir yolculu\u011fa ba\u015flaman\u0131n onurunu ya\u015f\u0131yorsunuz. Giyece\u011finiz beyaz \u00f6nl\u00fck, bilime ve insanl\u0131\u011fa hizmet etme kararl\u0131l\u0131\u011f\u0131n\u0131z\u0131n, vicdan\u0131n\u0131z\u0131n ve meslek onurunuzun simgesidir.\u201d dedi. Bilim, vicdan ve etik de\u011ferlerin hekimli\u011fin ayr\u0131lmaz bir b\u00fct\u00fcn\u00fc oldu\u011funu vurgulayan \u00d6zkan, gen\u00e7 hekim adaylar\u0131na \u201cD\u00fcnyada tek bir insan bile kald\u0131\u011f\u0131, bir kalp daha atmaya devam etti\u011fi s\u00fcrece, bir hekimin bilgisine, ellerine ve vicdan\u0131na ihtiya\u00e7 olacakt\u0131r. Ve sizler, o emaneti devralan nesilsiniz. Siz, bilimin \u0131\u015f\u0131\u011f\u0131yla insan\u0131n kalbini birle\u015ftiren hekimlersiniz. Her karar\u0131n\u0131zda, her dokunu\u015funuzda, her tedavinizde, ya\u015fam\u0131n kutsiyetine hizmet edeceksiniz.\u201d dedi.<\/p>\n\n\n\n<p>PROF. DR. \u00d6MER \u00d6ZKAN\u2019A B\u00dcY\u00dcK ALKI\u015e<\/p>\n\n\n\n<p>Konu\u015fmas\u0131nda T\u0131p tarihine ge\u00e7en bilim insanlar\u0131na de\u011finen Prof. Dr. \u00d6zlenen \u00d6zkan \u201cHippokrates, \u2018\u00d6nce zarar verme\u2019 diyerek t\u0131bb\u0131n vicdan\u0131n\u0131 in\u015fa etti. Vesalius, insan anatomisini \u00e7izerek t\u0131bb\u0131n g\u00f6zlerini a\u00e7t\u0131. Pasteur ve Koch, g\u00f6r\u00fcnmeyeni g\u00f6r\u00fcn\u00fcr k\u0131ld\u0131, mikroplar\u0131 ke\u015ffetti. Fleming, k\u00fcflenmi\u015f bir petri kab\u0131nda insanl\u0131\u011f\u0131n kurtulu\u015fu olan penisilini buldu. Watson ve Crick, DNA\u2019n\u0131n yap\u0131s\u0131n\u0131 \u00e7\u00f6zerek ya\u015fam\u0131n \u015fifresini a\u00e7\u0131\u011fa \u00e7\u0131kard\u0131. Christiaan Barnard, ilk kalp naklini yaparak \u00f6mr\u00fcn s\u0131n\u0131rlar\u0131n\u0131 geni\u015fletti.\u201d dedi. Prof. Dr. \u00d6zlenen \u00d6zkan, s\u00f6zlerini Akdeniz \u00dcniversitesi\u2019nin gurur kayna\u011f\u0131 Prof. Dr. \u00d6mer \u00d6zkan\u2019a getirince salondan alk\u0131\u015f koptu. \u00d6zkan, \u201cAkdeniz \u00dcniversitesinin \u00e7ok de\u011ferli hocalar\u0131ndan Prof. Dr \u00d6mer \u00d6zkan Hoca da d\u00fcnyan\u0131n ilk rahim naklini yaparak k\u0131s\u0131rl\u0131k tedavisinde bir \u00e7\u0131\u011f\u0131r a\u00e7t\u0131. Bu insanlar sadece bilimli ilerletmediler. Onlar ayn\u0131 zamanda vicdan\u0131n ve insan sevgisinin \u0131\u015f\u0131\u011f\u0131nda yol ald\u0131lar.\u201d ifadelerini kulland\u0131.<\/p>\n\n\n\n<p>B\u0130L\u0130M VE L\u0130YAKAT VURGUSU<\/p>\n\n\n\n<p>Konu\u015fmas\u0131n\u0131n sonunda B\u00fcy\u00fck \u00d6nder Gazi Mustafa Kemal Atat\u00fcrk\u2019\u00fcn \u201cBeni T\u00fcrk hekimlerine emanet ediniz\u201d s\u00f6z\u00fcn\u00fc hat\u0131rlatan Rekt\u00f6r \u00d6zkan, bu miras\u0131n yaln\u0131zca hekimlere duyulan g\u00fcven de\u011fil, ayn\u0131 zamanda \u00e7a\u011fda\u015f ve bilimle b\u00fcy\u00fcyen bir millet olma idealinin ifadesi oldu\u011funu belirtti. Rekt\u00f6r \u00d6zkan, \u201cE\u011fer ba\u011f\u0131ms\u0131z, demokratik bir ulus olmak istiyorsak, bilimi ve liyakati asla elden b\u0131rakmamam\u0131z gerekiyor. Bu g\u00fcvene lay\u0131k olmak i\u00e7in Cumhuriyetimizin de\u011ferlerine sahip \u00e7\u0131kmak, bilimin rehberli\u011finde insanl\u0131\u011fa de\u011fer katan bir anlay\u0131\u015fla hizmet etmek, hepinizin ortak sorumlulu\u011fudur.\u201d diye konu\u015ftu.<\/p>\n\n\n\n<p>20 YILDIR HEK\u0130ML\u0130\u011eE \u0130LK ADIMI BU T\u00d6RENLE KUTLUYORUZ<\/p>\n\n\n\n<p>T\u00f6rende konu\u015fan Akdeniz \u00dcniversitesi T\u0131p Fak\u00fcltesi Dekan\u0131 Prof. Dr. Ye\u015fim \u015eenol ise, \u201cBeyaz \u00d6nl\u00fck Giyme T\u00f6reni\u2019nin fak\u00fclte i\u00e7in b\u00fcy\u00fck bir anlam ta\u015f\u0131d\u0131\u011f\u0131n\u0131 ifade ederek, \u201cBu t\u00f6reni 20 y\u0131ld\u0131r s\u00fcrd\u00fcr\u00fcyoruz. Her y\u0131l birinci s\u0131n\u0131fa ba\u015flayan \u00f6\u011frencilerimizi bu \u00f6nl\u00fckle kar\u015f\u0131l\u0131yoruz; \u00e7\u00fcnk\u00fc beyaz \u00f6nl\u00fck, hekimli\u011fi se\u00e7en her \u00f6\u011frencinin sorumluluk dolu yolculu\u011funun ilk ad\u0131m\u0131d\u0131r.\u201d dedi.<\/p>\n\n\n\n<p>T\u00fcrkiye genelinde y\u00fcksek puanlarla \u00f6\u011frenci kabul ettiklerini hat\u0131rlatan Dekan \u015eenol, T\u0131p Fak\u00fcltesi\u2019nin g\u00fc\u00e7l\u00fc akademik kadrosuna da dikkat \u00e7ekerek, \u201cAkreditasyon s\u00fcrecimizde \u00fc\u00e7\u00fcnc\u00fc d\u00f6neme girdik. \u0130lk akredite olan b\u00f6l\u00fcmlerden biriyiz. En g\u00fc\u00e7l\u00fc yan\u0131m\u0131z, \u00f6\u011fretim \u00fcyelerimizin istekle e\u011fitimlerini s\u00fcrd\u00fcrmesidir. \u00c7ocuklar\u0131n\u0131z\u0131 gururla emanet al\u0131yoruz, onlar\u0131 yaln\u0131zca bilgiyle de\u011fil, rol modelli\u011fimizle de yeti\u015ftiriyoruz.\u201d dedi.<\/p>\n\n\n\n<p>A\u00e7\u0131l\u0131\u015f konu\u015fmalar\u0131n ard\u0131ndan Rekt\u00f6r \u00d6zkan ve \u00f6\u011fretim \u00fcyeleri hekim adaylar\u0131na beyaz \u00f6nl\u00fcklerini giydirerek ba\u015far\u0131lar diledi. T\u00f6rende beyaz \u00f6nl\u00fcklerini giyen \u00f6\u011frenciler b\u00fcy\u00fck bir heyecan ya\u015farken, aileler de duygusal anlar ya\u015fad\u0131. Etkinlik, toplu foto\u011fraf \u00e7ekimiyle sona erdi.<\/p>\n\n\n\n<p>Akdeniz \u00dcniversitesi Rekt\u00f6rl\u00fc\u011f\u00fc \/ B\u00fclten<\/p>\n","protected":false},"excerpt":{"rendered":"<p>Akdeniz \u00dcniversitesi T\u0131p Fak\u00fcltesi\u2019nde geleneksel \u201cBeyaz \u00d6nl\u00fck Giyme T\u00f6reni\u201d b\u00fcy\u00fck bir co\u015fkuyla ger\u00e7ekle\u015ftirildi. T\u0131p Fak\u00fcltesi birinci s\u0131n\u0131f \u00f6\u011frencileri i\u00e7in d\u00fczenlenen t\u00f6rende, 343 \u00f6\u011frenci beyaz \u00f6nl\u00fcklerini <a href=\"https:\/\/akdenizhaber.com.tr\/index.php\/2025\/10\/20\/genc-hekim-adaylari-beyaz-onluklerini-giydi\/\" class=\"read-more-link\">[more&#8230;]<\/a><\/p>\n","protected":false},"author":2,"featured_media":30375,"comment_status":"open","ping_status":"open","sticky":false,"template":"","format":"standard","meta":{"footnotes":""},"categories":[2],"tags":[],"class_list":["post-30371","post","type-post","status-publish","format-standard","has-post-thumbnail","hentry","category-gundem"],"_links":{"self":[{"href":"https:\/\/akdenizhaber.com.tr\/index.php\/wp-json\/wp\/v2\/posts\/30371","targetHints":{"allow":["GET"]}}],"collection":[{"href":"https:\/\/akdenizhaber.com.tr\/index.php\/wp-json\/wp\/v2\/posts"}],"about":[{"href":"https:\/\/akdenizhaber.com.tr\/index.php\/wp-json\/wp\/v2\/types\/post"}],"author":[{"embeddable":true,"href":"https:\/\/akdenizhaber.com.tr\/index.php\/wp-json\/wp\/v2\/users\/2"}],"replies":[{"embeddable":true,"href":"https:\/\/akdenizhaber.com.tr\/index.php\/wp-json\/wp\/v2\/comments?post=30371"}],"version-history":[{"count":1,"href":"https:\/\/akdenizhaber.com.tr\/index.php\/wp-json\/wp\/v2\/posts\/30371\/revisions"}],"predecessor-version":[{"id":30376,"href":"https:\/\/akdenizhaber.com.tr\/index.php\/wp-json\/wp\/v2\/posts\/30371\/revisions\/30376"}],"wp:featuredmedia":[{"embeddable":true,"href":"https:\/\/akdenizhaber.com.tr\/index.php\/wp-json\/wp\/v2\/media\/30375"}],"wp:attachment":[{"href":"https:\/\/akdenizhaber.com.tr\/index.php\/wp-json\/wp\/v2\/media?parent=30371"}],"wp:term":[{"taxonomy":"category","embeddable":true,"href":"https:\/\/akdenizhaber.com.tr\/index.php\/wp-json\/wp\/v2\/categories?post=30371"},{"taxonomy":"post_tag","embeddable":true,"href":"https:\/\/akdenizhaber.com.tr\/index.php\/wp-json\/wp\/v2\/tags?post=30371"}],"curies":[{"name":"wp","href":"https:\/\/api.w.org\/{rel}","templated":true}]}}