{"id":30368,"date":"2025-10-20T17:09:13","date_gmt":"2025-10-20T14:09:13","guid":{"rendered":"https:\/\/akdenizhaber.com.tr\/?p=30368"},"modified":"2025-10-20T17:09:14","modified_gmt":"2025-10-20T14:09:14","slug":"kapadokya-deger-odullerine-basvurular-devam-ediyor","status":"publish","type":"post","link":"https:\/\/akdenizhaber.com.tr\/index.php\/2025\/10\/20\/kapadokya-deger-odullerine-basvurular-devam-ediyor\/","title":{"rendered":"Kapadokya De\u011fer \u00d6d\u00fclleri\u2019ne ba\u015fvurular devam ediyor"},"content":{"rendered":"\n<p>Nev\u015fehir Gazeteciler Cemiyeti\u2019nin, T\u00fcrkiye Gazeteciler Federasyonu\u2019nun katk\u0131s\u0131 ve Nev\u015fehir\u2019deki kamu kurum ve kurulu\u015flar\u0131n\u0131n deste\u011fi ile ger\u00e7ekle\u015ftirilen \u201cKapadokya De\u011fer \u00d6d\u00fclleri\u201dne gazeteci, akademisyen, i\u015f insanlar\u0131 ve \u00e7e\u015fitli sekt\u00f6rlerden ba\u015fvurular devam ediyor.<\/p>\n\n\n\n<p>Ba\u011f\u0131ms\u0131z j\u00fcrinin de\u011ferlendirmesiyle 12 kategoride verilecek \u00f6d\u00fcller, hem b\u00f6lgeyi d\u00fcnyaya tan\u0131tan hem de Kapadokya\u2019n\u0131n miras\u0131na kal\u0131c\u0131 katk\u0131 sa\u011flayan isim ve kurumlar\u0131 kaps\u0131yor.<\/p>\n\n\n\n<p>-Kapadokya\u2019n\u0131n marka etkinli\u011fi her y\u0131l de\u011fer kazanacak<\/p>\n\n\n\n<p>Bu \u00f6d\u00fcller, Kapadokya\u2019n\u0131n e\u015fsiz do\u011fal ve k\u00fclt\u00fcrel miras\u0131na de\u011fer katan, toplumsal ve sanatsal katk\u0131 sa\u011flayan ki\u015fi ve kurumlar\u0131 onurland\u0131rmay\u0131 ama\u00e7lamaktad\u0131r.<\/p>\n\n\n\n<p>Nev\u015fehir\u2019in k\u00fclt\u00fcrel, sanatsal, turistik ve akademik de\u011ferlerini onurland\u0131rmak amac\u0131yla d\u00fczenlenen program kapsam\u0131nda, gazetecilik, sanat, k\u00fclt\u00fcr, akademi ve turizm alanlar\u0131nda Kapadokya\u2019ya katk\u0131 sa\u011flayan ki\u015fi ve kurumlar \u00f6d\u00fcllendirilecek.<\/p>\n\n\n\n<p>-Ba\u011f\u0131ms\u0131z J\u00fcri De\u011ferlendirme Yapacak<\/p>\n\n\n\n<p>Ba\u015fvuru s\u00fcrecinin tamamlanmas\u0131n\u0131n ard\u0131ndan farkl\u0131 alanlardan akademisyen, gazeteci ve alan\u0131nda uzman ki\u015filerden olu\u015fan ba\u011f\u0131ms\u0131z j\u00fcri taraf\u0131ndan de\u011ferlendirilecek ba\u015fvuru sahiplerine d\u00fczenlenecek t\u00f6renle \u00f6d\u00fclleri takdim edilecektir.<\/p>\n\n\n\n<p>Ba\u015fvuru ve \u00f6neri s\u00fcreci ba\u015flad\u0131<\/p>\n\n\n\n<p>Proje sahibi \u201cAday\u201d olmak istedi\u011fi, vatanda\u015flar\u0131m\u0131z ise \u201cAday g\u00f6stermek\u201d istedi\u011fi ki\u015fi ve kurumun kategorisini se\u00e7ip, hangi \u00e7al\u0131\u015fmadan dolay\u0131 aday g\u00f6sterildi\u011fi bilgilerini yazarak, hem aday olabilecek hem aday \u00f6nerebilecek.<\/p>\n\n\n\n<p>Akademisyen, gazeteci ve alan\u0131nda uzman ki\u015filerden olu\u015fan ba\u011f\u0131ms\u0131z j\u00fcri, kategorilere g\u00f6re \u00f6d\u00fcl sahibi olacak ki\u015fi ve kurumlar\u0131n hangi kriterlere g\u00f6re se\u00e7iminin yap\u0131ld\u0131\u011f\u0131n\u0131 kamuoyu ile bas\u0131n-yay\u0131n kurumlar\u0131 arac\u0131l\u0131\u011f\u0131yla payla\u015facak.<\/p>\n\n\n\n<p>Ba\u015fvurular 23 Kas\u0131m 2025 saat 23.59\u2019da sona erecek. <a href=\"http:\/\/www.kapadokyaodulleri.com.tr\">www.kapadokyaodulleri.com.tr<\/a><\/p>\n\n\n\n<p>Haber Merkezi<\/p>\n","protected":false},"excerpt":{"rendered":"<p>Nev\u015fehir Gazeteciler Cemiyeti\u2019nin, T\u00fcrkiye Gazeteciler Federasyonu\u2019nun katk\u0131s\u0131 ve Nev\u015fehir\u2019deki kamu kurum ve kurulu\u015flar\u0131n\u0131n deste\u011fi ile ger\u00e7ekle\u015ftirilen \u201cKapadokya De\u011fer \u00d6d\u00fclleri\u201dne gazeteci, akademisyen, i\u015f insanlar\u0131 ve \u00e7e\u015fitli <a href=\"https:\/\/akdenizhaber.com.tr\/index.php\/2025\/10\/20\/kapadokya-deger-odullerine-basvurular-devam-ediyor\/\" class=\"read-more-link\">[more&#8230;]<\/a><\/p>\n","protected":false},"author":2,"featured_media":30369,"comment_status":"open","ping_status":"open","sticky":false,"template":"","format":"standard","meta":{"footnotes":""},"categories":[2],"tags":[],"class_list":["post-30368","post","type-post","status-publish","format-standard","has-post-thumbnail","hentry","category-gundem"],"_links":{"self":[{"href":"https:\/\/akdenizhaber.com.tr\/index.php\/wp-json\/wp\/v2\/posts\/30368","targetHints":{"allow":["GET"]}}],"collection":[{"href":"https:\/\/akdenizhaber.com.tr\/index.php\/wp-json\/wp\/v2\/posts"}],"about":[{"href":"https:\/\/akdenizhaber.com.tr\/index.php\/wp-json\/wp\/v2\/types\/post"}],"author":[{"embeddable":true,"href":"https:\/\/akdenizhaber.com.tr\/index.php\/wp-json\/wp\/v2\/users\/2"}],"replies":[{"embeddable":true,"href":"https:\/\/akdenizhaber.com.tr\/index.php\/wp-json\/wp\/v2\/comments?post=30368"}],"version-history":[{"count":1,"href":"https:\/\/akdenizhaber.com.tr\/index.php\/wp-json\/wp\/v2\/posts\/30368\/revisions"}],"predecessor-version":[{"id":30370,"href":"https:\/\/akdenizhaber.com.tr\/index.php\/wp-json\/wp\/v2\/posts\/30368\/revisions\/30370"}],"wp:featuredmedia":[{"embeddable":true,"href":"https:\/\/akdenizhaber.com.tr\/index.php\/wp-json\/wp\/v2\/media\/30369"}],"wp:attachment":[{"href":"https:\/\/akdenizhaber.com.tr\/index.php\/wp-json\/wp\/v2\/media?parent=30368"}],"wp:term":[{"taxonomy":"category","embeddable":true,"href":"https:\/\/akdenizhaber.com.tr\/index.php\/wp-json\/wp\/v2\/categories?post=30368"},{"taxonomy":"post_tag","embeddable":true,"href":"https:\/\/akdenizhaber.com.tr\/index.php\/wp-json\/wp\/v2\/tags?post=30368"}],"curies":[{"name":"wp","href":"https:\/\/api.w.org\/{rel}","templated":true}]}}