{"id":30343,"date":"2025-10-13T16:27:04","date_gmt":"2025-10-13T13:27:04","guid":{"rendered":"https:\/\/akdenizhaber.com.tr\/?p=30343"},"modified":"2025-10-13T16:27:05","modified_gmt":"2025-10-13T13:27:05","slug":"mali-musavirler-piknikte-bulustu","status":"publish","type":"post","link":"https:\/\/akdenizhaber.com.tr\/index.php\/2025\/10\/13\/mali-musavirler-piknikte-bulustu\/","title":{"rendered":"Mali M\u00fc\u015favirler Piknikte Bulu\u015ftu"},"content":{"rendered":"\n<p>Manavgat Serbest Muhasebeci Mali M\u00fc\u015favirler Odas\u0131 Ba\u015fkan\u0131 Erkan Tuncer \u201cBiz kocaman bir aileyiz, Sezon yorgunlu\u011funu hep birlikte Piknikle geride b\u0131rakt\u0131k. T\u00fcm kat\u0131l\u0131mc\u0131 meslekta\u015flar\u0131ma te\u015fekk\u00fcrler\u201d<\/p>\n\n\n\n<p>Manavgat Serbest Muhasebeci Mali M\u00fc\u015favirler Odas\u0131 \u00fcyeleri, aileleriyle birlikte ge\u00e7ti\u011fimiz hafta sonu d\u00fczenledikleri etkinlik ve oyunlar sayesinde farkl\u0131 bir g\u00fcn ge\u00e7irerek stres att\u0131lar.<\/p>\n\n\n\n<p>Oda y\u00f6netimi taraf\u0131ndan ge\u00e7ti\u011fimiz hafta sonu yap\u0131lan piknik organizasyonu ile muhasebeciler doyas\u0131ya e\u011flenerek yo\u011fun ve stresli \u00e7al\u0131\u015fma tempolar\u0131 aras\u0131nda moral depolad\u0131. D\u00fczenlenen piknik etkinli\u011fine muhasebeciler aileleriyle birlikte kat\u0131ld\u0131lar.<\/p>\n\n\n\n<p>Toplu yap\u0131lan kahvalt\u0131 ve yemek ikramlar\u0131 ile birlikte e\u011flence ama\u00e7l\u0131 \u00e7ok say\u0131da etkinlik ve oyunlar sayesinde muhasebeciler ve \u00e7ocuklar\u0131 farkl\u0131 bir g\u00fcn ge\u00e7irerek stres att\u0131lar. \u00c7e\u015fitli oyunlar\u0131n yer ald\u0131\u011f\u0131 etkinlikte en \u00e7ok sevinen ve g\u00fcn\u00fc ne\u015fe ile bitiren muhasebecilerin e\u015f ve \u00e7ocuklar\u0131 oldu.<\/p>\n\n\n\n<p>Oda Ba\u015fkan\u0131 Erkan Tuncer, y\u0131lba\u015f\u0131ndan bu yana ya\u015fanan yo\u011funluk sonras\u0131 yorgunlu\u011fu atmak i\u00e7in b\u00f6yle bir etkinlik d\u00fczenlediklerini, bu etkinli\u011fi geleneksel hale getireceklerini s\u00f6yledi.<\/p>\n\n\n\n<p>Ba\u015fkan Erkan Tuncer keyifli ve g\u00fczel ge\u00e7en bir etkinlik sonras\u0131 t\u00fcm meslekta\u015flar\u0131n\u0131n keyifli bir g\u00fcn ge\u00e7irmesinden dolay\u0131 y\u00f6netim olarak b\u00fcy\u00fck bir mutluluk duyduklar\u0131n\u0131 ifade ederek \u015f\u00f6yle konu\u015ftu;<\/p>\n\n\n\n<p>\u201cDe\u011ferli meslekta\u015flar\u0131m\u0131z, k\u0131ymetli stajyerlerimiz, sevgili \u00e7al\u0131\u015fanlar\u0131m\u0131z ve en \u00f6nemlisi birbirinden tatl\u0131 \u00e7ocuklar\u0131m\u0131z ile birlikte Manavgat Serbest Muhasebeci Mali M\u00fc\u015favirler Odam\u0131z\u0131n d\u00fczenlemi\u015f oldu\u011fu piknik etkinli\u011fimizi hep birlikte ger\u00e7ekle\u015ftirmenin mutlulu\u011funu ya\u015f\u0131yoruz. Yeni etkinliklerde bulu\u015fmak \u00fczere k\u0131ymetli kat\u0131l\u0131mlar\u0131n\u0131z i\u00e7in te\u015fekk\u00fcr ederiz\u201d dedi.<\/p>\n\n\n\n<p>B\u00fc\u015fra Deveci \/ Haber<\/p>\n","protected":false},"excerpt":{"rendered":"<p>Manavgat Serbest Muhasebeci Mali M\u00fc\u015favirler Odas\u0131 Ba\u015fkan\u0131 Erkan Tuncer \u201cBiz kocaman bir aileyiz, Sezon yorgunlu\u011funu hep birlikte Piknikle geride b\u0131rakt\u0131k. T\u00fcm kat\u0131l\u0131mc\u0131 meslekta\u015flar\u0131ma te\u015fekk\u00fcrler\u201d Manavgat <a href=\"https:\/\/akdenizhaber.com.tr\/index.php\/2025\/10\/13\/mali-musavirler-piknikte-bulustu\/\" class=\"read-more-link\">[more&#8230;]<\/a><\/p>\n","protected":false},"author":2,"featured_media":30344,"comment_status":"open","ping_status":"open","sticky":false,"template":"","format":"standard","meta":{"footnotes":""},"categories":[2],"tags":[],"class_list":["post-30343","post","type-post","status-publish","format-standard","has-post-thumbnail","hentry","category-gundem"],"_links":{"self":[{"href":"https:\/\/akdenizhaber.com.tr\/index.php\/wp-json\/wp\/v2\/posts\/30343","targetHints":{"allow":["GET"]}}],"collection":[{"href":"https:\/\/akdenizhaber.com.tr\/index.php\/wp-json\/wp\/v2\/posts"}],"about":[{"href":"https:\/\/akdenizhaber.com.tr\/index.php\/wp-json\/wp\/v2\/types\/post"}],"author":[{"embeddable":true,"href":"https:\/\/akdenizhaber.com.tr\/index.php\/wp-json\/wp\/v2\/users\/2"}],"replies":[{"embeddable":true,"href":"https:\/\/akdenizhaber.com.tr\/index.php\/wp-json\/wp\/v2\/comments?post=30343"}],"version-history":[{"count":1,"href":"https:\/\/akdenizhaber.com.tr\/index.php\/wp-json\/wp\/v2\/posts\/30343\/revisions"}],"predecessor-version":[{"id":30345,"href":"https:\/\/akdenizhaber.com.tr\/index.php\/wp-json\/wp\/v2\/posts\/30343\/revisions\/30345"}],"wp:featuredmedia":[{"embeddable":true,"href":"https:\/\/akdenizhaber.com.tr\/index.php\/wp-json\/wp\/v2\/media\/30344"}],"wp:attachment":[{"href":"https:\/\/akdenizhaber.com.tr\/index.php\/wp-json\/wp\/v2\/media?parent=30343"}],"wp:term":[{"taxonomy":"category","embeddable":true,"href":"https:\/\/akdenizhaber.com.tr\/index.php\/wp-json\/wp\/v2\/categories?post=30343"},{"taxonomy":"post_tag","embeddable":true,"href":"https:\/\/akdenizhaber.com.tr\/index.php\/wp-json\/wp\/v2\/tags?post=30343"}],"curies":[{"name":"wp","href":"https:\/\/api.w.org\/{rel}","templated":true}]}}