{"id":30338,"date":"2025-10-13T16:24:52","date_gmt":"2025-10-13T13:24:52","guid":{"rendered":"https:\/\/akdenizhaber.com.tr\/?p=30338"},"modified":"2025-10-13T16:24:52","modified_gmt":"2025-10-13T13:24:52","slug":"16-manavgat-side-geleneksel-rahvan-at-yarislari-tamamlandi","status":"publish","type":"post","link":"https:\/\/akdenizhaber.com.tr\/index.php\/2025\/10\/13\/16-manavgat-side-geleneksel-rahvan-at-yarislari-tamamlandi\/","title":{"rendered":"16. Manavgat-Side Geleneksel Rahvan At Yar\u0131\u015flar\u0131 Tamamland\u0131"},"content":{"rendered":"\n<p>Manavgat Belediyesi ve T\u00fcrkiye Geleneksel Atl\u0131 Spor Dallar\u0131 Federasyonu i\u015f birli\u011fiyle d\u00fczenlenen 16. Manavgat-Side Geleneksel Rahvan At Yar\u0131\u015flar\u0131, Atat\u00fcrk Stadyumu yan\u0131ndaki alanda ger\u00e7ekle\u015ftirildi. Yar\u0131\u015flara, Manavgat Belediye Ba\u015fkan Vekili Av. Mehmet \u00c7i\u00e7ek, T\u00fcrkiye Geleneksel Atl\u0131 Spor Dallar\u0131 Federasyonu Rahvan As Ba\u015fkan\u0131 Tayfun Karata\u015f, CHP Manavgat \u0130l\u00e7e Ba\u015fkan\u0131 Oykun Ba\u015far, Side Rahvan At\u00e7\u0131lar\u0131 Spor Kul\u00fcb\u00fc Ba\u015fkan\u0131 Hasan Delikkulak, siyasi parti temsilcileri, oda ba\u015fkanlar\u0131, sivil toplum kurulu\u015fu temsilcileri ve vatanda\u015flar kat\u0131ld\u0131.<\/p>\n\n\n\n<p>T\u00fcrkiye\u2019nin farkl\u0131 b\u00f6lgelerinden gelen birbirinden de\u011ferli Rahvan atlar\u0131n\u0131n yar\u0131\u015ft\u0131\u011f\u0131 organizasyonda, Ba\u015f Atlar, Ba\u015f Alt\u0131, B\u00fcy\u00fck Orta, K\u00fc\u00e7\u00fck Orta, Deste, Taylar ve \u0130thal Gruplar kategorilerinde k\u0131yas\u0131ya m\u00fccadeleler ya\u015fand\u0131. Toplam 450 bin lira \u00f6d\u00fcl\u00fcn da\u011f\u0131t\u0131ld\u0131\u011f\u0131 yar\u0131\u015flarda, atlar\u0131n s\u00fcratleri, zarafetleri ve dayan\u0131kl\u0131l\u0131klar\u0131 izleyicilerden b\u00fcy\u00fck be\u011feni toplad\u0131.<\/p>\n\n\n\n<p><strong>Side Rahvan At\u00e7\u0131lar\u0131 Spor Kul\u00fcb\u00fc\u2019nde \u00f6nemli dereceler<\/strong><\/p>\n\n\n\n<p>Manavgat\u2019\u0131 temsil eden Side Rahvan At\u00e7\u0131lar\u0131 Spor Kul\u00fcb\u00fc, yar\u0131\u015flarda \u00f6nemli dereceler elde etti:<\/p>\n\n\n\n<p>Sahibi Erdo\u011fan Y\u0131ld\u0131z olan \u201cSirus\u201d isimli at, \u0130thal A kategorisinde ikinci, &nbsp;Sahibi Ahmet G\u00f6k\u00e7e olan \u201cToprak\u201d isimli at, Deste kategorisinde ikinci, Sahibi Naz\u0131m Sunar olan \u201cMaverick\u201d isimli at, \u0130thal B kategorisinde birinci, Sahibi Ali Osman \u015een olan \u201cDuman\u201d isimli at, Ba\u015falt\u0131 kategorisinde \u00fc\u00e7\u00fcnc\u00fc oldu. &nbsp;<\/p>\n\n\n\n<p><strong>Ba\u015fkan Vekili Mehmet \u00c7i\u00e7ek: \u201cRahvan At Yar\u0131\u015flar\u0131 Geleneksel Bir Hal Ald\u0131\u201d<\/strong><\/p>\n\n\n\n<p>Manavgat Belediye Ba\u015fkan Vekili Av. Mehmet \u00c7i\u00e7ek, yar\u0131\u015flardan \u00f6nce yapt\u0131\u011f\u0131 a\u00e7\u0131klamada, ata sporu Rahvan yar\u0131\u015flar\u0131n\u0131n Manavgat\u2019ta geleneksel hale geldi\u011fini belirterek, \u201cBurada sadece bir yar\u0131\u015f izlemeyece\u011fiz. Geleneklerimizi, g\u00f6reneklerimizi yeni nesillere aktaraca\u011f\u0131z. Bu organizasyonlarda eme\u011fi ge\u00e7en Federasyonumuza, Rahvan At Derne\u011fimize ve belediye \u00e7al\u0131\u015fanlar\u0131m\u0131za te\u015fekk\u00fcr ederim.\u201d dedi.<\/p>\n\n\n\n<p>Manavgat Belediyesi \/ B\u00fclten<\/p>\n","protected":false},"excerpt":{"rendered":"<p>Manavgat Belediyesi ve T\u00fcrkiye Geleneksel Atl\u0131 Spor Dallar\u0131 Federasyonu i\u015f birli\u011fiyle d\u00fczenlenen 16. Manavgat-Side Geleneksel Rahvan At Yar\u0131\u015flar\u0131, Atat\u00fcrk Stadyumu yan\u0131ndaki alanda ger\u00e7ekle\u015ftirildi. Yar\u0131\u015flara, Manavgat <a href=\"https:\/\/akdenizhaber.com.tr\/index.php\/2025\/10\/13\/16-manavgat-side-geleneksel-rahvan-at-yarislari-tamamlandi\/\" class=\"read-more-link\">[more&#8230;]<\/a><\/p>\n","protected":false},"author":2,"featured_media":30340,"comment_status":"open","ping_status":"open","sticky":false,"template":"","format":"standard","meta":{"footnotes":""},"categories":[2],"tags":[],"class_list":["post-30338","post","type-post","status-publish","format-standard","has-post-thumbnail","hentry","category-gundem"],"_links":{"self":[{"href":"https:\/\/akdenizhaber.com.tr\/index.php\/wp-json\/wp\/v2\/posts\/30338","targetHints":{"allow":["GET"]}}],"collection":[{"href":"https:\/\/akdenizhaber.com.tr\/index.php\/wp-json\/wp\/v2\/posts"}],"about":[{"href":"https:\/\/akdenizhaber.com.tr\/index.php\/wp-json\/wp\/v2\/types\/post"}],"author":[{"embeddable":true,"href":"https:\/\/akdenizhaber.com.tr\/index.php\/wp-json\/wp\/v2\/users\/2"}],"replies":[{"embeddable":true,"href":"https:\/\/akdenizhaber.com.tr\/index.php\/wp-json\/wp\/v2\/comments?post=30338"}],"version-history":[{"count":1,"href":"https:\/\/akdenizhaber.com.tr\/index.php\/wp-json\/wp\/v2\/posts\/30338\/revisions"}],"predecessor-version":[{"id":30341,"href":"https:\/\/akdenizhaber.com.tr\/index.php\/wp-json\/wp\/v2\/posts\/30338\/revisions\/30341"}],"wp:featuredmedia":[{"embeddable":true,"href":"https:\/\/akdenizhaber.com.tr\/index.php\/wp-json\/wp\/v2\/media\/30340"}],"wp:attachment":[{"href":"https:\/\/akdenizhaber.com.tr\/index.php\/wp-json\/wp\/v2\/media?parent=30338"}],"wp:term":[{"taxonomy":"category","embeddable":true,"href":"https:\/\/akdenizhaber.com.tr\/index.php\/wp-json\/wp\/v2\/categories?post=30338"},{"taxonomy":"post_tag","embeddable":true,"href":"https:\/\/akdenizhaber.com.tr\/index.php\/wp-json\/wp\/v2\/tags?post=30338"}],"curies":[{"name":"wp","href":"https:\/\/api.w.org\/{rel}","templated":true}]}}