{"id":30335,"date":"2025-10-13T16:10:17","date_gmt":"2025-10-13T13:10:17","guid":{"rendered":"https:\/\/akdenizhaber.com.tr\/?p=30335"},"modified":"2025-10-13T16:10:18","modified_gmt":"2025-10-13T13:10:18","slug":"bal-yapar","status":"publish","type":"post","link":"https:\/\/akdenizhaber.com.tr\/index.php\/2025\/10\/13\/bal-yapar\/","title":{"rendered":"BAL YAPAR!"},"content":{"rendered":"\n<p><\/p>\n\n\n\n<p>Ge\u00e7ti\u011fimiz y\u0131l&nbsp; Bal ligine vedaya \u00e7ok k\u0131sa bir zaman s\u00fcreci kalarak yeniden Bal liginde oynamaya devam eden Manavgat Belediyespor futbol tak\u0131m\u0131 ge\u00e7en y\u0131lki kadrosundan bir\u00e7ok futbolcu ile yollar\u0131n\u0131 ay\u0131rm\u0131\u015ft\u0131..<\/p>\n\n\n\n<p>Y\u0131llard\u0131r dilimizde biten t\u00fcylerin haddi hesab\u0131 yok \u201d\u00d6z\u00fcm\u00fcze d\u00f6nelim,alt yap\u0131dan yeti\u015fen gen\u00e7lerimizin \u00f6n\u00fcn\u00fc a\u00e7al\u0131m,bu tak\u0131ma inanan Manavgatl\u0131 futbolcular olur ise yenilsekte koymaz\u201d diye defalarca yazm\u0131\u015ft\u0131m..<\/p>\n\n\n\n<p>Benim yazmam\u0131n d\u0131\u015f\u0131nda futbolu bilen bir \u00e7ok ki\u015fi ayn\u0131 noktada birle\u015ferek Manavgat Belediyespor\u2019un ba\u015far\u0131l\u0131 olmas\u0131 i\u00e7in \u00f6ze d\u00f6n\u00fclmesinin \u015fart oldu\u011funu defalarca vurgulam\u0131\u015flard\u0131..<\/p>\n\n\n\n<p>Ya\u015fanan bir\u00e7ok olaydan sonra bal liginde bal yapmayaca\u011f\u0131m\u0131z anlam\u0131nda toplumda ve taraftarlar aras\u0131nda bir alg\u0131 olu\u015ftu..<\/p>\n\n\n\n<p>Bu alg\u0131y\u0131 \u00f6nce \u00e7i\u00e7e\u011fi burnunda belediye ba\u015fkan vekili Mehmet \u00c7i\u00e7ek karde\u015fimiz k\u0131rd\u0131..\u00d6ncelikle tak\u0131m\u0131n teknik ekibine el att\u0131 ve Manavgat\u2019\u0131n yeti\u015ftirdi\u011fi eski futbolculara tak\u0131m\u0131 emanet etti..<\/p>\n\n\n\n<p>Ard\u0131ndan y\u0131llard\u0131r ge\u00e7mi\u015fte Manavgat Belediyespor\u2019un formas\u0131n\u0131 giyen eski ve usta futbolculardan \u0130lker ve An\u0131l\u2019\u0131 ve birka\u00e7 futbolcuyu tak\u0131ma monte etti..<\/p>\n\n\n\n<p>Ve ard\u0131ndan \u00f6z evlatlar\u0131m\u0131z alt yap\u0131dan gelen hen\u00fcz b\u0131y\u0131klar\u0131 bile terlememi\u015f 18 \u2013 20 ya\u015f aras\u0131ndaki futbolcular\u0131n tak\u0131mda oynamas\u0131na olanak sa\u011flad\u0131..<\/p>\n\n\n\n<p>Ge\u00e7ti\u011fimiz Pazar g\u00fcn\u00fc kendi saha ve seyircimiz \u00f6n\u00fcnde Kumluca Belediyespor\u2019u konuk eden Manavgat Belediyespor r\u00fczgar\u0131nda yard\u0131m\u0131yla ilk gol\u00fc yedi, ard\u0131ndan \u015foku \u00e7abuk atlat\u0131p beraberli\u011fi sa\u011flayarak ilk yar\u0131y\u0131 bu skorla kapatmay\u0131 ba\u015fard\u0131.<\/p>\n\n\n\n<p>\u0130kinci yar\u0131 usta ayaklar \u00e7\u0131kt\u0131 sahaya tak\u0131m\u0131n tecr\u00fcbeli ve futbola y\u0131llar\u0131n\u0131 vermi\u015f isimlerin saha i\u00e7erisindeki organizasyonuna ayak uyduran gen\u00e7 futbolcular ger\u00e7ek anlamda gelecek ad\u0131na \u0131\u015f\u0131k verdi..<\/p>\n\n\n\n<p>Yani bizde bu i\u015fin i\u00e7indeyiz,bizde var\u0131z mesaj\u0131yla gelecek ad\u0131na Manavgat Belediyespor\u2019un grubunda ger\u00e7ek anlamda etkili olaca\u011f\u0131 sinyalini verdi..<\/p>\n\n\n\n<p>Uyum, motivasyon..Birlik ve beraberli\u011fin yan\u0131 s\u0131ra \u201cBizim O\u011flan\u201d terimi tak\u0131m i\u00e7inde oturmu\u015f konumda ilk haftalarda tak\u0131m tam anlam\u0131yla yerine oturmasa da gelecek ad\u0131na g\u00fczelden yana sinyal var..<\/p>\n\n\n\n<p>Bu tak\u0131m grupta iddial\u0131 olan bir \u00e7ok tak\u0131ma k\u00f6k s\u00f6kt\u00fcr\u00fcr..Manavgat Belediyespor\u2019u lig ba\u015flad\u0131\u011f\u0131nda k\u00fc\u00e7\u00fcmseyenlere bir \u00e7ift s\u00f6z\u00fcm olsun \u201cAman dikkat Manavgat Belediyespor \u00e7ok can yakacak bilesiniz\u201d\u2026<\/p>\n\n\n\n<p>Bir s\u00f6z\u00fcmde taraftara olsun..<\/p>\n\n\n\n<p>Manavgat Belediyespor taraftar\u0131 sanki ge\u00e7en seneden bu yana stadyumda kalm\u0131\u015f gibi..90 dakika ellerinden gelen t\u00fcm gayret ve \u00e7abay\u0131 g\u00f6stererek 90 dakika hi\u00e7 susmadan tak\u0131mlar\u0131n\u0131 destekledi..<\/p>\n\n\n\n<p>Ne diyelim Helal olsun..<\/p>\n\n\n\n<p>Yolun a\u00e7\u0131k olsun Manavgat Belediyespor inanmak ve forman\u0131n hakk\u0131n vermek ipi g\u00f6\u011f\u00fcslemekten \u00f6nemlidir..<\/p>\n\n\n\n<p>Gen\u00e7lerle ve ustalarla bu y\u0131l \u00e7ok \u00e7ok iyi olaca\u011f\u0131m\u0131za inan\u0131yorum..<\/p>\n\n\n\n<p><\/p>\n","protected":false},"excerpt":{"rendered":"<p>Ge\u00e7ti\u011fimiz y\u0131l&nbsp; Bal ligine vedaya \u00e7ok k\u0131sa bir zaman s\u00fcreci kalarak yeniden Bal liginde oynamaya devam eden Manavgat Belediyespor futbol tak\u0131m\u0131 ge\u00e7en y\u0131lki kadrosundan bir\u00e7ok <a href=\"https:\/\/akdenizhaber.com.tr\/index.php\/2025\/10\/13\/bal-yapar\/\" class=\"read-more-link\">[more&#8230;]<\/a><\/p>\n","protected":false},"author":2,"featured_media":30336,"comment_status":"open","ping_status":"open","sticky":false,"template":"","format":"standard","meta":{"footnotes":""},"categories":[1,2],"tags":[],"class_list":["post-30335","post","type-post","status-publish","format-standard","has-post-thumbnail","hentry","category-blog","category-gundem"],"_links":{"self":[{"href":"https:\/\/akdenizhaber.com.tr\/index.php\/wp-json\/wp\/v2\/posts\/30335","targetHints":{"allow":["GET"]}}],"collection":[{"href":"https:\/\/akdenizhaber.com.tr\/index.php\/wp-json\/wp\/v2\/posts"}],"about":[{"href":"https:\/\/akdenizhaber.com.tr\/index.php\/wp-json\/wp\/v2\/types\/post"}],"author":[{"embeddable":true,"href":"https:\/\/akdenizhaber.com.tr\/index.php\/wp-json\/wp\/v2\/users\/2"}],"replies":[{"embeddable":true,"href":"https:\/\/akdenizhaber.com.tr\/index.php\/wp-json\/wp\/v2\/comments?post=30335"}],"version-history":[{"count":1,"href":"https:\/\/akdenizhaber.com.tr\/index.php\/wp-json\/wp\/v2\/posts\/30335\/revisions"}],"predecessor-version":[{"id":30337,"href":"https:\/\/akdenizhaber.com.tr\/index.php\/wp-json\/wp\/v2\/posts\/30335\/revisions\/30337"}],"wp:featuredmedia":[{"embeddable":true,"href":"https:\/\/akdenizhaber.com.tr\/index.php\/wp-json\/wp\/v2\/media\/30336"}],"wp:attachment":[{"href":"https:\/\/akdenizhaber.com.tr\/index.php\/wp-json\/wp\/v2\/media?parent=30335"}],"wp:term":[{"taxonomy":"category","embeddable":true,"href":"https:\/\/akdenizhaber.com.tr\/index.php\/wp-json\/wp\/v2\/categories?post=30335"},{"taxonomy":"post_tag","embeddable":true,"href":"https:\/\/akdenizhaber.com.tr\/index.php\/wp-json\/wp\/v2\/tags?post=30335"}],"curies":[{"name":"wp","href":"https:\/\/api.w.org\/{rel}","templated":true}]}}