{"id":30317,"date":"2025-10-13T16:04:28","date_gmt":"2025-10-13T13:04:28","guid":{"rendered":"https:\/\/akdenizhaber.com.tr\/?p=30317"},"modified":"2025-10-13T16:04:29","modified_gmt":"2025-10-13T13:04:29","slug":"minik-burceden-baskan-vekili-ciceke-ziyaret","status":"publish","type":"post","link":"https:\/\/akdenizhaber.com.tr\/index.php\/2025\/10\/13\/minik-burceden-baskan-vekili-ciceke-ziyaret\/","title":{"rendered":"Minik Bur\u00e7e\u2019den Ba\u015fkan Vekili \u00c7i\u00e7ek\u2019e Ziyaret"},"content":{"rendered":"\n<p>SMA Tip 1 (Spinal M\u00fcsk\u00fcler Atrofi) hastal\u0131\u011f\u0131yla m\u00fccadele eden Manavgat\u2019\u0131n minik k\u0131z\u0131 Bur\u00e7e, tedavisinin ard\u0131ndan ailesiyle birlikte Manavgat Belediye Ba\u015fkan Vekili Av. Mehmet \u00c7i\u00e7ek\u2019i ziyaret etti.<\/p>\n\n\n\n<p>Bur\u00e7e, yurt d\u0131\u015f\u0131nda ald\u0131\u011f\u0131 gen tedavisinin ard\u0131ndan T\u00fcrkiye\u2019ye d\u00f6nd\u00fc ve \u015fimdi fizik tedavi ile y\u00fczme programlar\u0131na devam ederek iyile\u015fme s\u00fcrecini s\u00fcrd\u00fcr\u00fcyor. Belediyeye yap\u0131lan bu ziyaret s\u0131ras\u0131nda Bur\u00e7e\u2019nin fiziksel geli\u015fimi ve tedavi s\u00fcrecindeki ilerlemeler ailesi taraf\u0131ndan Ba\u015fkan Vekili Mehmet \u00c7i\u00e7ek\u2019e detayl\u0131 bir \u015fekilde aktar\u0131ld\u0131.<\/p>\n\n\n\n<p>Ba\u015fkan Vekili \u00c7i\u00e7ek, Bur\u00e7e\u2019nin g\u00fclen g\u00f6zlerinin kendilerine b\u00fcy\u00fck bir umut verdi\u011fini belirterek, \u201cBur\u00e7e\u2019nin m\u00fccadelesi, Manavgat\u2019\u0131m\u0131z\u0131n dayan\u0131\u015fma ruhunun en g\u00fczel \u00f6rne\u011fidir. Bug\u00fcn Bur\u00e7e\u2019nin tedavi s\u00fcrecindeki ilerlemeleri g\u00f6rmek bizleri \u00e7ok mutlu ediyor. Onun iyile\u015fme yolculu\u011funa katk\u0131 sa\u011flayabilmek, hepimiz i\u00e7in \u00e7ok k\u0131ymetli.\u201d dedi.<\/p>\n\n\n\n<p>Manavgat, Bur\u00e7e \u0130\u00e7in Tek Y\u00fcrek Olmu\u015ftu<\/p>\n\n\n\n<p>Bur\u00e7e\u2019nin tedavisi i\u00e7in Manavgat\u2019ta ge\u00e7ti\u011fimiz aylarda b\u00fcy\u00fck bir dayan\u0131\u015fma seferberli\u011fi ba\u015flat\u0131lm\u0131\u015ft\u0131. Manavgat Belediyesi\u2019nin \u00f6nc\u00fcl\u00fc\u011f\u00fcnde d\u00fczenlenen \u201cBur\u00e7e\u2019nin Umut Kermesi\u201d, Atat\u00fcrk K\u00fclt\u00fcr Merkezi\u2019nde yap\u0131lan destek toplant\u0131lar\u0131 ve \u00e7ok say\u0131da g\u00f6n\u00fcll\u00fc organizasyon, il\u00e7ede geni\u015f yank\u0131 uyand\u0131rm\u0131\u015ft\u0131.<\/p>\n\n\n\n<p>Vatanda\u015flar, sivil toplum kurulu\u015flar\u0131, oda ba\u015fkanl\u0131klar\u0131, esnaflar ve hay\u0131rseverler, Bur\u00e7e\u2019nin tedavisi i\u00e7in gereken deste\u011fi sa\u011flamak ad\u0131na el ele vermi\u015f, kermeslerde sat\u0131\u015f yap\u0131lan \u00fcr\u00fcnlerin gelirleri ve ba\u011f\u0131\u015f kampanyalar\u0131yla tedavi i\u00e7in gerekli miktar toplanm\u0131\u015ft\u0131.<\/p>\n\n\n\n<p>Manavgat Belediyesi \/ B\u00fclten<\/p>\n","protected":false},"excerpt":{"rendered":"<p>SMA Tip 1 (Spinal M\u00fcsk\u00fcler Atrofi) hastal\u0131\u011f\u0131yla m\u00fccadele eden Manavgat\u2019\u0131n minik k\u0131z\u0131 Bur\u00e7e, tedavisinin ard\u0131ndan ailesiyle birlikte Manavgat Belediye Ba\u015fkan Vekili Av. Mehmet \u00c7i\u00e7ek\u2019i ziyaret <a href=\"https:\/\/akdenizhaber.com.tr\/index.php\/2025\/10\/13\/minik-burceden-baskan-vekili-ciceke-ziyaret\/\" class=\"read-more-link\">[more&#8230;]<\/a><\/p>\n","protected":false},"author":2,"featured_media":30318,"comment_status":"open","ping_status":"open","sticky":false,"template":"","format":"standard","meta":{"footnotes":""},"categories":[2],"tags":[],"class_list":["post-30317","post","type-post","status-publish","format-standard","has-post-thumbnail","hentry","category-gundem"],"_links":{"self":[{"href":"https:\/\/akdenizhaber.com.tr\/index.php\/wp-json\/wp\/v2\/posts\/30317","targetHints":{"allow":["GET"]}}],"collection":[{"href":"https:\/\/akdenizhaber.com.tr\/index.php\/wp-json\/wp\/v2\/posts"}],"about":[{"href":"https:\/\/akdenizhaber.com.tr\/index.php\/wp-json\/wp\/v2\/types\/post"}],"author":[{"embeddable":true,"href":"https:\/\/akdenizhaber.com.tr\/index.php\/wp-json\/wp\/v2\/users\/2"}],"replies":[{"embeddable":true,"href":"https:\/\/akdenizhaber.com.tr\/index.php\/wp-json\/wp\/v2\/comments?post=30317"}],"version-history":[{"count":1,"href":"https:\/\/akdenizhaber.com.tr\/index.php\/wp-json\/wp\/v2\/posts\/30317\/revisions"}],"predecessor-version":[{"id":30319,"href":"https:\/\/akdenizhaber.com.tr\/index.php\/wp-json\/wp\/v2\/posts\/30317\/revisions\/30319"}],"wp:featuredmedia":[{"embeddable":true,"href":"https:\/\/akdenizhaber.com.tr\/index.php\/wp-json\/wp\/v2\/media\/30318"}],"wp:attachment":[{"href":"https:\/\/akdenizhaber.com.tr\/index.php\/wp-json\/wp\/v2\/media?parent=30317"}],"wp:term":[{"taxonomy":"category","embeddable":true,"href":"https:\/\/akdenizhaber.com.tr\/index.php\/wp-json\/wp\/v2\/categories?post=30317"},{"taxonomy":"post_tag","embeddable":true,"href":"https:\/\/akdenizhaber.com.tr\/index.php\/wp-json\/wp\/v2\/tags?post=30317"}],"curies":[{"name":"wp","href":"https:\/\/api.w.org\/{rel}","templated":true}]}}