{"id":30314,"date":"2025-10-13T16:03:42","date_gmt":"2025-10-13T13:03:42","guid":{"rendered":"https:\/\/akdenizhaber.com.tr\/?p=30314"},"modified":"2025-10-13T16:03:42","modified_gmt":"2025-10-13T13:03:42","slug":"9-uluslararasi-halk-danslari-festivali-muhtesem-bir-finalle-sona-erdi","status":"publish","type":"post","link":"https:\/\/akdenizhaber.com.tr\/index.php\/2025\/10\/13\/9-uluslararasi-halk-danslari-festivali-muhtesem-bir-finalle-sona-erdi\/","title":{"rendered":"9. Uluslararas\u0131 Halk Danslar\u0131 Festivali Muhte\u015fem Bir Finalle Sona Erdi"},"content":{"rendered":"\n<p>Manavgat Belediyesi taraf\u0131ndan d\u00fczenlenen 9. Uluslararas\u0131 Halk Danslar\u0131 Festivali, 10-11 Ekim 2025 tarihlerinde Side Antik Kenti\u2019nde ger\u00e7ekle\u015ftirildi.<\/p>\n\n\n\n<p>\u0130ki g\u00fcn boyunca d\u00fcnyan\u0131n farkl\u0131 noktalar\u0131ndan gelen halk dans\u0131 topluluklar\u0131n\u0131 Manavgat\u2019ta bulu\u015fturan festival, k\u00fclt\u00fcr, m\u00fczik ve dans\u0131n b\u00fcy\u00fcleyici birlikteli\u011fine sahne oldu. T\u00fcrkiye, Meksika, Romanya, Ukrayna, Moldova, Kabardey-Balkar Cumhuriyeti, Rusya, Litvanya, Osetya Cumhuriyeti, Kazakistan ve G\u00fcrcistan\u2019dan gelen ekipler, geleneksel m\u00fczikler e\u015fli\u011finde sergiledikleri danslarla izleyicilere unutulmaz anlar ya\u015fatt\u0131.<\/p>\n\n\n\n<p>Kapan\u0131\u015f t\u00f6reninde, Manavgat Belediye Ba\u015fkan Vekili Av. Mehmet \u00c7i\u00e7ek, Belediye Meclis \u00dcyesi Burak Mutlu, Manavgat Belediyesi Destek Hizmetleri M\u00fcd\u00fcr\u00fc \u0130hsan Can ve K\u00fclt\u00fcr ve Sosyal \u0130\u015fler M\u00fcd\u00fcr\u00fc G\u00fclcan Bulut, sahneye \u00e7\u0131kan t\u00fcm \u00fclke ekiplerine te\u015fekk\u00fcr ederek plaket takdiminde bulundu.<\/p>\n\n\n\n<p>Ba\u015fkan Vekili Av. Mehmet \u00c7i\u00e7ek, kapan\u0131\u015f gecesinde yapt\u0131\u011f\u0131 konu\u015fmada k\u00fclt\u00fcrlerin bir araya gelmesinin \u00f6nemine vurgu yapt\u0131:<\/p>\n\n\n\n<p>\u201c\u0130ki g\u00fcn boyunca d\u00fcnyan\u0131n d\u00f6rt bir yan\u0131ndan gelen misafirlerimizle ayn\u0131 sahneyi, ayn\u0131 co\u015fkuyu ve ayn\u0131 dostlu\u011fu payla\u015ft\u0131k. Manavgat\u2019\u0131m\u0131z, bar\u0131\u015f\u0131n, sevginin ve sanat\u0131n kenti olmay\u0131 s\u00fcrd\u00fcrecektir. Katk\u0131 sunan t\u00fcm ekiplerimize, belediye \u00e7al\u0131\u015fanlar\u0131m\u0131za ve halk\u0131m\u0131za te\u015fekk\u00fcr ediyorum.\u201d<\/p>\n\n\n\n<p>Manavgat Belediyesi \/ B\u00fclten<\/p>\n","protected":false},"excerpt":{"rendered":"<p>Manavgat Belediyesi taraf\u0131ndan d\u00fczenlenen 9. Uluslararas\u0131 Halk Danslar\u0131 Festivali, 10-11 Ekim 2025 tarihlerinde Side Antik Kenti\u2019nde ger\u00e7ekle\u015ftirildi. \u0130ki g\u00fcn boyunca d\u00fcnyan\u0131n farkl\u0131 noktalar\u0131ndan gelen halk <a href=\"https:\/\/akdenizhaber.com.tr\/index.php\/2025\/10\/13\/9-uluslararasi-halk-danslari-festivali-muhtesem-bir-finalle-sona-erdi\/\" class=\"read-more-link\">[more&#8230;]<\/a><\/p>\n","protected":false},"author":2,"featured_media":30315,"comment_status":"open","ping_status":"open","sticky":false,"template":"","format":"standard","meta":{"footnotes":""},"categories":[2],"tags":[],"class_list":["post-30314","post","type-post","status-publish","format-standard","has-post-thumbnail","hentry","category-gundem"],"_links":{"self":[{"href":"https:\/\/akdenizhaber.com.tr\/index.php\/wp-json\/wp\/v2\/posts\/30314","targetHints":{"allow":["GET"]}}],"collection":[{"href":"https:\/\/akdenizhaber.com.tr\/index.php\/wp-json\/wp\/v2\/posts"}],"about":[{"href":"https:\/\/akdenizhaber.com.tr\/index.php\/wp-json\/wp\/v2\/types\/post"}],"author":[{"embeddable":true,"href":"https:\/\/akdenizhaber.com.tr\/index.php\/wp-json\/wp\/v2\/users\/2"}],"replies":[{"embeddable":true,"href":"https:\/\/akdenizhaber.com.tr\/index.php\/wp-json\/wp\/v2\/comments?post=30314"}],"version-history":[{"count":1,"href":"https:\/\/akdenizhaber.com.tr\/index.php\/wp-json\/wp\/v2\/posts\/30314\/revisions"}],"predecessor-version":[{"id":30316,"href":"https:\/\/akdenizhaber.com.tr\/index.php\/wp-json\/wp\/v2\/posts\/30314\/revisions\/30316"}],"wp:featuredmedia":[{"embeddable":true,"href":"https:\/\/akdenizhaber.com.tr\/index.php\/wp-json\/wp\/v2\/media\/30315"}],"wp:attachment":[{"href":"https:\/\/akdenizhaber.com.tr\/index.php\/wp-json\/wp\/v2\/media?parent=30314"}],"wp:term":[{"taxonomy":"category","embeddable":true,"href":"https:\/\/akdenizhaber.com.tr\/index.php\/wp-json\/wp\/v2\/categories?post=30314"},{"taxonomy":"post_tag","embeddable":true,"href":"https:\/\/akdenizhaber.com.tr\/index.php\/wp-json\/wp\/v2\/tags?post=30314"}],"curies":[{"name":"wp","href":"https:\/\/api.w.org\/{rel}","templated":true}]}}