{"id":30311,"date":"2025-10-13T16:02:51","date_gmt":"2025-10-13T13:02:51","guid":{"rendered":"https:\/\/akdenizhaber.com.tr\/?p=30311"},"modified":"2025-10-13T16:02:52","modified_gmt":"2025-10-13T13:02:52","slug":"cicek-konyalilar-derneginin-3-sonbahar-senligine-katildi","status":"publish","type":"post","link":"https:\/\/akdenizhaber.com.tr\/index.php\/2025\/10\/13\/cicek-konyalilar-derneginin-3-sonbahar-senligine-katildi\/","title":{"rendered":"\u00c7i\u00e7ek, Konyal\u0131lar Derne\u011fi\u2019nin 3. Sonbahar \u015eenli\u011fi\u2019ne Kat\u0131ld\u0131"},"content":{"rendered":"\n<p>Manavgat Belediye Ba\u015fkan Vekili Av. Mehmet \u00c7i\u00e7ek, Manavgat Konyal\u0131lar K\u00fclt\u00fcr ve Dayan\u0131\u015fma Derne\u011fi taraf\u0131ndan Sorgun Mesire Alan\u0131\u2019nda d\u00fczenlenen 3. Sonbahar \u015eenli\u011fi\u2019ne kat\u0131ld\u0131.<\/p>\n\n\n\n<p>Konyal\u0131 hem\u015fehrilerin bir araya geldi\u011fi etkinlikte konu\u015fan Ba\u015fkan Vekili \u00c7i\u00e7ek, k\u00fclt\u00fcrel dayan\u0131\u015fma ve birlik ruhunun Manavgat\u2019\u0131n toplumsal yap\u0131s\u0131n\u0131 g\u00fc\u00e7lendirdi\u011fini belirtti. \u201cBu t\u00fcr etkinlikler, hem\u015fehrilik ba\u011flar\u0131n\u0131 g\u00fc\u00e7lendirerek kent ya\u015fam\u0131na de\u011fer kat\u0131yor. Dayan\u0131\u015fma ve karde\u015flik duygusunun ya\u015fat\u0131lmas\u0131nda eme\u011fi ge\u00e7en herkese te\u015fekk\u00fcr ediyorum.\u201d ifadelerini kullanan \u00c7i\u00e7ek, Dernek Ba\u015fkan\u0131 Sedat Eken ve y\u00f6netim kurulu \u00fcyelerini de \u00e7al\u0131\u015fmalar\u0131ndan dolay\u0131 tebrik etti.<\/p>\n\n\n\n<p>Etkinlik boyunca dernek \u00fcyeleri ve vatanda\u015flarla s\u0131cak sohbetler ger\u00e7ekle\u015ftiren Manavgat Belediye Ba\u015fkan Vekili Av. Mehmet \u00c7i\u00e7ek, vatanda\u015flar\u0131n talep ve \u00f6nerilerini de dikkatle dinledi.<\/p>\n\n\n\n<p>Manavgat Belediyesi \/ B\u00fclten<\/p>\n","protected":false},"excerpt":{"rendered":"<p>Manavgat Belediye Ba\u015fkan Vekili Av. Mehmet \u00c7i\u00e7ek, Manavgat Konyal\u0131lar K\u00fclt\u00fcr ve Dayan\u0131\u015fma Derne\u011fi taraf\u0131ndan Sorgun Mesire Alan\u0131\u2019nda d\u00fczenlenen 3. Sonbahar \u015eenli\u011fi\u2019ne kat\u0131ld\u0131. Konyal\u0131 hem\u015fehrilerin bir <a href=\"https:\/\/akdenizhaber.com.tr\/index.php\/2025\/10\/13\/cicek-konyalilar-derneginin-3-sonbahar-senligine-katildi\/\" class=\"read-more-link\">[more&#8230;]<\/a><\/p>\n","protected":false},"author":2,"featured_media":30312,"comment_status":"open","ping_status":"open","sticky":false,"template":"","format":"standard","meta":{"footnotes":""},"categories":[2],"tags":[],"class_list":["post-30311","post","type-post","status-publish","format-standard","has-post-thumbnail","hentry","category-gundem"],"_links":{"self":[{"href":"https:\/\/akdenizhaber.com.tr\/index.php\/wp-json\/wp\/v2\/posts\/30311","targetHints":{"allow":["GET"]}}],"collection":[{"href":"https:\/\/akdenizhaber.com.tr\/index.php\/wp-json\/wp\/v2\/posts"}],"about":[{"href":"https:\/\/akdenizhaber.com.tr\/index.php\/wp-json\/wp\/v2\/types\/post"}],"author":[{"embeddable":true,"href":"https:\/\/akdenizhaber.com.tr\/index.php\/wp-json\/wp\/v2\/users\/2"}],"replies":[{"embeddable":true,"href":"https:\/\/akdenizhaber.com.tr\/index.php\/wp-json\/wp\/v2\/comments?post=30311"}],"version-history":[{"count":1,"href":"https:\/\/akdenizhaber.com.tr\/index.php\/wp-json\/wp\/v2\/posts\/30311\/revisions"}],"predecessor-version":[{"id":30313,"href":"https:\/\/akdenizhaber.com.tr\/index.php\/wp-json\/wp\/v2\/posts\/30311\/revisions\/30313"}],"wp:featuredmedia":[{"embeddable":true,"href":"https:\/\/akdenizhaber.com.tr\/index.php\/wp-json\/wp\/v2\/media\/30312"}],"wp:attachment":[{"href":"https:\/\/akdenizhaber.com.tr\/index.php\/wp-json\/wp\/v2\/media?parent=30311"}],"wp:term":[{"taxonomy":"category","embeddable":true,"href":"https:\/\/akdenizhaber.com.tr\/index.php\/wp-json\/wp\/v2\/categories?post=30311"},{"taxonomy":"post_tag","embeddable":true,"href":"https:\/\/akdenizhaber.com.tr\/index.php\/wp-json\/wp\/v2\/tags?post=30311"}],"curies":[{"name":"wp","href":"https:\/\/api.w.org\/{rel}","templated":true}]}}