{"id":30305,"date":"2025-10-13T16:27:20","date_gmt":"2025-10-13T13:27:20","guid":{"rendered":"https:\/\/akdenizhaber.com.tr\/?p=30305"},"modified":"2025-10-13T16:27:20","modified_gmt":"2025-10-13T13:27:20","slug":"niyazi-nefi-kara-denizlide-beraat-etmis","status":"publish","type":"post","link":"https:\/\/akdenizhaber.com.tr\/index.php\/2025\/10\/13\/niyazi-nefi-kara-denizlide-beraat-etmis\/","title":{"rendered":"Niyazi Nefi Kara Denizli\u2019de Beraat Etmi\u015f"},"content":{"rendered":"\n<p><br>2016 y\u0131l\u0131nda Denizli 3. A\u011f\u0131r Ceza mahkemesinde ihaleye fesat kar\u0131\u015ft\u0131rma, kamu g\u00f6revlisinin resmi belgede sahtecili\u011fi su\u00e7lamalar\u0131 ile yarg\u0131lanan hali haz\u0131rda Manavgat Belediyesi operasyonu kapsam\u0131nda tutuklu bulunan Manavgat Belediye ba\u015fkan\u0131 Doktor Niyazi Nefi Kara\u2019n\u0131n 16.02.2017 tarihinde Denizli 3. A\u011f\u0131r ceza mahkemesince yap\u0131lan yarg\u0131lama neticesinde beraat etti\u011fi \u00f6\u011frenildi.<\/p>\n\n\n\n<figure class=\"wp-block-image size-large is-resized\"><img loading=\"lazy\" decoding=\"async\" width=\"1024\" height=\"389\" src=\"https:\/\/akdenizhaber.com.tr\/wp-content\/uploads\/2025\/10\/IMG-20251013-WA0043-1024x389.jpg\" alt=\"\" class=\"wp-image-30308\" style=\"width:516px;height:auto\" srcset=\"https:\/\/akdenizhaber.com.tr\/wp-content\/uploads\/2025\/10\/IMG-20251013-WA0043-1024x389.jpg 1024w, https:\/\/akdenizhaber.com.tr\/wp-content\/uploads\/2025\/10\/IMG-20251013-WA0043-300x114.jpg 300w, https:\/\/akdenizhaber.com.tr\/wp-content\/uploads\/2025\/10\/IMG-20251013-WA0043-768x291.jpg 768w, https:\/\/akdenizhaber.com.tr\/wp-content\/uploads\/2025\/10\/IMG-20251013-WA0043.jpg 1170w\" sizes=\"auto, (max-width: 1024px) 100vw, 1024px\" \/><\/figure>\n\n\n\n<figure class=\"wp-block-image size-large is-resized\"><img loading=\"lazy\" decoding=\"async\" width=\"1024\" height=\"326\" src=\"https:\/\/akdenizhaber.com.tr\/wp-content\/uploads\/2025\/10\/IMG-20251013-WA0044-1024x326.jpg\" alt=\"\" class=\"wp-image-30306\" style=\"width:523px;height:auto\" srcset=\"https:\/\/akdenizhaber.com.tr\/wp-content\/uploads\/2025\/10\/IMG-20251013-WA0044-1024x326.jpg 1024w, https:\/\/akdenizhaber.com.tr\/wp-content\/uploads\/2025\/10\/IMG-20251013-WA0044-300x95.jpg 300w, https:\/\/akdenizhaber.com.tr\/wp-content\/uploads\/2025\/10\/IMG-20251013-WA0044-768x244.jpg 768w, https:\/\/akdenizhaber.com.tr\/wp-content\/uploads\/2025\/10\/IMG-20251013-WA0044.jpg 1170w\" sizes=\"auto, (max-width: 1024px) 100vw, 1024px\" \/><\/figure>\n\n\n\n<figure class=\"wp-block-image size-large is-resized\"><img loading=\"lazy\" decoding=\"async\" width=\"1024\" height=\"317\" src=\"https:\/\/akdenizhaber.com.tr\/wp-content\/uploads\/2025\/10\/IMG-20251013-WA0045-1024x317.jpg\" alt=\"\" class=\"wp-image-30307\" style=\"width:521px;height:auto\" srcset=\"https:\/\/akdenizhaber.com.tr\/wp-content\/uploads\/2025\/10\/IMG-20251013-WA0045-1024x317.jpg 1024w, https:\/\/akdenizhaber.com.tr\/wp-content\/uploads\/2025\/10\/IMG-20251013-WA0045-300x93.jpg 300w, https:\/\/akdenizhaber.com.tr\/wp-content\/uploads\/2025\/10\/IMG-20251013-WA0045-768x238.jpg 768w, https:\/\/akdenizhaber.com.tr\/wp-content\/uploads\/2025\/10\/IMG-20251013-WA0045.jpg 1170w\" sizes=\"auto, (max-width: 1024px) 100vw, 1024px\" \/><\/figure>\n\n\n\n<p><br>Son g\u00fcnlerde sosyal medya platformlar\u0131nda Niyazi Nefi Kara\u2019n\u0131n Denizli\u2019de ceza alm\u0131\u015f gibi g\u00f6z\u00fcken haberlerin ard\u0131ndan yapm\u0131\u015f oldu\u011fumuz ara\u015ft\u0131rmalar sonucunda Denizli 3. A\u011f\u0131r mahkemesinde 16.02.2017 tarihinde ilk yarg\u0131lamas\u0131 yap\u0131lm\u0131\u015f ve o tarihte \u00fczerine isnad edilen su\u00e7lardan beraat kararlar\u0131 verilmi\u015ftir.Daha sonra kat\u0131lanlarca yap\u0131lan istinaf ba\u015fvurusu ise Antalya b\u00f6lge adliye Mahkemesi 3. ceza dairesince yap\u0131lan incelemesi neticesinde reddedilmi\u015ftir. Verilen beraat kararlar\u0131 14.04.2017 tarihinde kesinle\u015fmi\u015ftir.<\/p>\n\n\n\n<p>B\u00fc\u015fra Deveci\/Haber<\/p>\n","protected":false},"excerpt":{"rendered":"<p>2016 y\u0131l\u0131nda Denizli 3. A\u011f\u0131r Ceza mahkemesinde ihaleye fesat kar\u0131\u015ft\u0131rma, kamu g\u00f6revlisinin resmi belgede sahtecili\u011fi su\u00e7lamalar\u0131 ile yarg\u0131lanan hali haz\u0131rda Manavgat Belediyesi operasyonu kapsam\u0131nda tutuklu <a href=\"https:\/\/akdenizhaber.com.tr\/index.php\/2025\/10\/13\/niyazi-nefi-kara-denizlide-beraat-etmis\/\" class=\"read-more-link\">[more&#8230;]<\/a><\/p>\n","protected":false},"author":2,"featured_media":30300,"comment_status":"open","ping_status":"open","sticky":false,"template":"","format":"standard","meta":{"footnotes":""},"categories":[2],"tags":[],"class_list":["post-30305","post","type-post","status-publish","format-standard","has-post-thumbnail","hentry","category-gundem"],"_links":{"self":[{"href":"https:\/\/akdenizhaber.com.tr\/index.php\/wp-json\/wp\/v2\/posts\/30305","targetHints":{"allow":["GET"]}}],"collection":[{"href":"https:\/\/akdenizhaber.com.tr\/index.php\/wp-json\/wp\/v2\/posts"}],"about":[{"href":"https:\/\/akdenizhaber.com.tr\/index.php\/wp-json\/wp\/v2\/types\/post"}],"author":[{"embeddable":true,"href":"https:\/\/akdenizhaber.com.tr\/index.php\/wp-json\/wp\/v2\/users\/2"}],"replies":[{"embeddable":true,"href":"https:\/\/akdenizhaber.com.tr\/index.php\/wp-json\/wp\/v2\/comments?post=30305"}],"version-history":[{"count":1,"href":"https:\/\/akdenizhaber.com.tr\/index.php\/wp-json\/wp\/v2\/posts\/30305\/revisions"}],"predecessor-version":[{"id":30310,"href":"https:\/\/akdenizhaber.com.tr\/index.php\/wp-json\/wp\/v2\/posts\/30305\/revisions\/30310"}],"wp:featuredmedia":[{"embeddable":true,"href":"https:\/\/akdenizhaber.com.tr\/index.php\/wp-json\/wp\/v2\/media\/30300"}],"wp:attachment":[{"href":"https:\/\/akdenizhaber.com.tr\/index.php\/wp-json\/wp\/v2\/media?parent=30305"}],"wp:term":[{"taxonomy":"category","embeddable":true,"href":"https:\/\/akdenizhaber.com.tr\/index.php\/wp-json\/wp\/v2\/categories?post=30305"},{"taxonomy":"post_tag","embeddable":true,"href":"https:\/\/akdenizhaber.com.tr\/index.php\/wp-json\/wp\/v2\/tags?post=30305"}],"curies":[{"name":"wp","href":"https:\/\/api.w.org\/{rel}","templated":true}]}}