{"id":30290,"date":"2025-10-13T16:25:42","date_gmt":"2025-10-13T13:25:42","guid":{"rendered":"https:\/\/akdenizhaber.com.tr\/?p=30290"},"modified":"2025-10-13T16:25:42","modified_gmt":"2025-10-13T13:25:42","slug":"manavgat-esnaf-ve-sanatkarlar-odasi-baskan-adayi-abdullah-doruesnafimizin-cogunlugu-degisimden-yana","status":"publish","type":"post","link":"https:\/\/akdenizhaber.com.tr\/index.php\/2025\/10\/13\/manavgat-esnaf-ve-sanatkarlar-odasi-baskan-adayi-abdullah-doruesnafimizin-cogunlugu-degisimden-yana\/","title":{"rendered":"Manavgat Esnaf ve Sanatkarlar Odas\u0131 Ba\u015fkan Aday\u0131 Abdullah Doru;\u201cEsnaf\u0131m\u0131z\u0131n \u00e7o\u011funlu\u011fu De\u011fi\u015fimden Yana\u201d"},"content":{"rendered":"\n<p>Manavgat Esnaf ve Sanatkarlar Odas\u0131 Ba\u015fkanl\u0131\u011f\u0131na aday olan il\u00e7emizin say\u0131lan ve sevilen sanayi esnaflar\u0131ndan Abdullah Doru beraber yol y\u00fcr\u00fcd\u00fc\u011f\u00fc y\u00f6netim kurulu \u00fcyeleriyle birlikte saha \u00e7al\u0131\u015fmalar\u0131n\u0131 devam ettiriyor.<br>Manavgat Esnaf ve Sanatkarlar Odas\u0131 Ba\u015fkan Aday\u0131 Abdullah Doru, \u201cBirlikte y\u00f6netim anlay\u0131\u015f\u0131m\u0131z\u0131n bir g\u00f6stergesi olarak, bu i\u00e7inde bulundu\u011fumuz s\u00fcreci siz sevgili g\u00f6n\u00fcl dostlar\u0131m\u0131zla birlikte y\u00fcr\u00fctecek Esnaf Odam\u0131z\u0131n ileri gitmesi, yeni fikirlerin geli\u015fmesi ve olgunla\u015fmas\u0131, sorunlar\u0131n ve \u00e7\u00f6z\u00fcm y\u00f6ntemlerinin belirlenmesi konusunda sizlerin fikirleri bizler i\u00e7in olduk\u00e7a k\u0131ymetli. Esnaf ve Sanatkarlar Odas\u0131n\u0131n Y\u00f6netimine talip olan bizlerin \u00f6nceli\u011fi esnaf ve sanatkarlar\u0131m\u0131z\u0131n ya\u015fad\u0131\u011f\u0131 sosyal, k\u00fclt\u00fcrel ve ekonomik sorunlar\u0131, el birli\u011fi, fikir birli\u011fi ve i\u015f birli\u011fi i\u00e7erisinde \u00e7\u00f6z\u00fcme kavu\u015fturmak. Ama bunun \u00f6tesinde il\u00e7emizde bulunan Sivil toplum kurulu\u015flar\u0131n\u0131n, \u00f6zellikle Ticaret ve Sanayi Odam\u0131z ve Ziraat Odam\u0131z ba\u015fta olmak \u00fczere t\u00fcm kamu kurum ve kurulu\u015flar\u0131 ile sa\u011flam ve sa\u011fl\u0131kl\u0131 ili\u015fkiler kurarak, il\u00e7emizin genel sorunlar\u0131n\u0131n \u00e7\u00f6z\u00fcm\u00fc konusunda da payda\u015f olmay\u0131 ilke olarak belirledik. Bu konuda yol arkada\u015fl\u0131\u011f\u0131 yapt\u0131\u011f\u0131m t\u00fcm g\u00f6n\u00fcl dostlar\u0131mla ayn\u0131 d\u00fc\u015f\u00fcnceyi payla\u015f\u0131yoruz. \u00c7\u0131kt\u0131\u011f\u0131m\u0131z yolda varl\u0131\u011f\u0131n\u0131 yan\u0131m\u0131zda hissetti\u011fimiz ve bizleri te\u015fvik eden esnaf ve sanatkarlar\u0131m\u0131za \u015f\u00fckran ve minnetlerimi ifade ediyor, sayg\u0131 ve sevgilerimi sunuyorum.\u201d dedi.<br>ESNAFIMIZIN DESTE\u011e\u0130 HER G\u00dcN B\u00dcY\u00dcYOR<br>Manavgat Esnaf ve Sanatkarlar Odas\u0131 Ba\u015fkan Aday\u0131 Abdullah Doru, y\u00f6netim kurulu \u00fcyeleri ile birlikte her g\u00fcn s\u00fcrd\u00fcrd\u00fckleri saha \u00e7al\u0131\u015fmalar\u0131nda Manavgat esnaf\u0131n\u0131n kendilerine g\u00f6stermi\u015f oldu\u011fu yak\u0131n ilgi ve deste\u011fin gelecek ad\u0131na b\u00fcy\u00fck umutlar verdi\u011fini ifade ederek Manavgat esnaf\u0131n\u0131n \u00e7o\u011funlu\u011funun yap\u0131lacak se\u00e7imlerde de\u011fi\u015fimden yana olduklar\u0131n\u0131 ortaya koymalar\u0131ndan b\u00fcy\u00fck g\u00fc\u00e7 ald\u0131klar\u0131n\u0131 s\u00f6yledi<br>Manavgat\u2019\u0131n h\u0131zla geli\u015fti\u011fine dikkat \u00e7eken Doru, esnaflar\u0131n artan giderler, b\u00fcy\u00fcyen rekabet ve markala\u015fma sorunu ile ba\u015f etmeye \u00e7al\u0131\u015ft\u0131\u011f\u0131n\u0131 vurgulad\u0131. \u201cZincir marketler d\u00f6rt bir yan\u0131m\u0131z\u0131 sard\u0131. Esnaf sadece m\u00fc\u015fteri kaybetmiyor; kira, maa\u015f, elektrik gibi giderlerini bile kar\u015f\u0131lamakta zorlan\u0131yor. Bu sorunlar\u0131 hamasetle de\u011fil, somut projelerle \u00e7\u00f6zece\u011fiz. Ekibimle birlikte, yap\u0131labilir ve ger\u00e7ek\u00e7i programlar haz\u0131rl\u0131yoruz\u201d dedi.<br>Se\u00e7imlere \u00e7ok az bir s\u00fcre kald\u0131\u011f\u0131n\u0131 hat\u0131rlatan Abdullah Doru, \u201cSon s\u00f6z\u00fc sand\u0131kta Manavgat esnaf\u0131 s\u00f6yleyecek aylard\u0131r s\u00fcrd\u00fcrd\u00fc\u011f\u00fcm\u00fcz saha \u00e7al\u0131\u015fmalar\u0131nda esnaf\u0131m\u0131z\u0131n odada de\u011fi\u015fimden yana oldu\u011funu g\u00f6zlemledik.. \u015eahs\u0131m ve ekibime g\u00f6sterilen yak\u0131n ilgiden dolay\u0131 t\u00fcm esnaflar\u0131m\u0131za i\u00e7ten te\u015fekk\u00fcr ediyoruz\u201d diyerek s\u00f6zlerini tamamlad\u0131.<\/p>\n\n\n\n<p>B\u00dc\u015eRA DEVEC\u0130  \/ HABER<\/p>\n\n\n\n<p><\/p>\n","protected":false},"excerpt":{"rendered":"<p>Manavgat Esnaf ve Sanatkarlar Odas\u0131 Ba\u015fkanl\u0131\u011f\u0131na aday olan il\u00e7emizin say\u0131lan ve sevilen sanayi esnaflar\u0131ndan Abdullah Doru beraber yol y\u00fcr\u00fcd\u00fc\u011f\u00fc y\u00f6netim kurulu \u00fcyeleriyle birlikte saha \u00e7al\u0131\u015fmalar\u0131n\u0131 <a href=\"https:\/\/akdenizhaber.com.tr\/index.php\/2025\/10\/13\/manavgat-esnaf-ve-sanatkarlar-odasi-baskan-adayi-abdullah-doruesnafimizin-cogunlugu-degisimden-yana\/\" class=\"read-more-link\">[more&#8230;]<\/a><\/p>\n","protected":false},"author":2,"featured_media":30293,"comment_status":"open","ping_status":"open","sticky":false,"template":"","format":"standard","meta":{"footnotes":""},"categories":[2],"tags":[],"class_list":["post-30290","post","type-post","status-publish","format-standard","has-post-thumbnail","hentry","category-gundem"],"_links":{"self":[{"href":"https:\/\/akdenizhaber.com.tr\/index.php\/wp-json\/wp\/v2\/posts\/30290","targetHints":{"allow":["GET"]}}],"collection":[{"href":"https:\/\/akdenizhaber.com.tr\/index.php\/wp-json\/wp\/v2\/posts"}],"about":[{"href":"https:\/\/akdenizhaber.com.tr\/index.php\/wp-json\/wp\/v2\/types\/post"}],"author":[{"embeddable":true,"href":"https:\/\/akdenizhaber.com.tr\/index.php\/wp-json\/wp\/v2\/users\/2"}],"replies":[{"embeddable":true,"href":"https:\/\/akdenizhaber.com.tr\/index.php\/wp-json\/wp\/v2\/comments?post=30290"}],"version-history":[{"count":1,"href":"https:\/\/akdenizhaber.com.tr\/index.php\/wp-json\/wp\/v2\/posts\/30290\/revisions"}],"predecessor-version":[{"id":30292,"href":"https:\/\/akdenizhaber.com.tr\/index.php\/wp-json\/wp\/v2\/posts\/30290\/revisions\/30292"}],"wp:featuredmedia":[{"embeddable":true,"href":"https:\/\/akdenizhaber.com.tr\/index.php\/wp-json\/wp\/v2\/media\/30293"}],"wp:attachment":[{"href":"https:\/\/akdenizhaber.com.tr\/index.php\/wp-json\/wp\/v2\/media?parent=30290"}],"wp:term":[{"taxonomy":"category","embeddable":true,"href":"https:\/\/akdenizhaber.com.tr\/index.php\/wp-json\/wp\/v2\/categories?post=30290"},{"taxonomy":"post_tag","embeddable":true,"href":"https:\/\/akdenizhaber.com.tr\/index.php\/wp-json\/wp\/v2\/tags?post=30290"}],"curies":[{"name":"wp","href":"https:\/\/api.w.org\/{rel}","templated":true}]}}