{"id":30285,"date":"2025-10-09T16:04:49","date_gmt":"2025-10-09T13:04:49","guid":{"rendered":"https:\/\/akdenizhaber.com.tr\/?p=30285"},"modified":"2025-10-09T16:04:49","modified_gmt":"2025-10-09T13:04:49","slug":"rahvan-atcilar-dernek-baskani-hasan-delikkulak-pazar-gunu-tum-manavgati-yarislarimiza-bekliyoruz","status":"publish","type":"post","link":"https:\/\/akdenizhaber.com.tr\/index.php\/2025\/10\/09\/rahvan-atcilar-dernek-baskani-hasan-delikkulak-pazar-gunu-tum-manavgati-yarislarimiza-bekliyoruz\/","title":{"rendered":"Rahvan At\u00e7\u0131lar Dernek Ba\u015fkan\u0131 Hasan Delikkulak; \u201cPazar G\u00fcn\u00fc t\u00fcm Manavgat\u2019\u0131 Yar\u0131\u015flar\u0131m\u0131za Bekliyoruz\u201d"},"content":{"rendered":"\n<p><\/p>\n\n\n\n<p>Manavgat Belediyesi ve T\u00fcrkiye Geleneksel Atl\u0131 Spor Dallar\u0131 Federasyonu i\u015f birli\u011fiyle d\u00fczenlenecek olan 16. Manavgat-Side Geleneksel Rahvan At Yar\u0131\u015flar\u0131 \u00f6ncesinde, Side Rahvan At\u00e7\u0131lar\u0131 Spor Kul\u00fcb\u00fc Ba\u015fkan\u0131 Hasan Delikkulak t\u00fcm Manavgat\u2019\u0131 bu g\u00fczel yar\u0131\u015flara davet etti.<\/p>\n\n\n\n<figure class=\"wp-block-image size-full is-resized\"><img loading=\"lazy\" decoding=\"async\" width=\"288\" height=\"162\" src=\"https:\/\/akdenizhaber.com.tr\/wp-content\/uploads\/2025\/10\/cc7b82e9-26f5-4f03-9fd4-38de4fdace12-edited.jpg\" alt=\"\" class=\"wp-image-30288\" style=\"width:647px;height:auto\"\/><\/figure>\n\n\n\n<p>Bu y\u0131l 16.s\u0131 ger\u00e7ekle\u015fecek olan Manavgat &#8211; Side Geleneksel Rahvan At Yar\u0131\u015flar\u0131 Ulualan mevkii Atat\u00fcrk Stadyumu yan\u0131ndaki sahada ger\u00e7ekle\u015fecek.<\/p>\n\n\n\n<p>120 ATLI SPORCU M\u00dcCADELE EDECEK<\/p>\n\n\n\n<p>16. Manavgat- Side Geleneksel Rahvan At Yar\u0131\u015flar\u0131; ba\u015f atlar, ba\u015f alt\u0131 atlar\u0131, b\u00fcy\u00fck orta atlar\u0131, k\u00fc\u00e7\u00fck orta atlar\u0131, deste boy, taze 5&#8217;li, 4&#8217;l\u00fc tay, 3&#8217;l\u00fc tay, ithal A, ithal B ve 4 nal atlar kategorilerinde toplam 120 atl\u0131 sporcunun kat\u0131l\u0131m\u0131yla ger\u00e7ekle\u015fmesi bekleniyor.<\/p>\n\n\n\n<p>Yar\u0131\u015fmalar\u0131n sonunda dereceye giren kat\u0131l\u0131mc\u0131lara \u00f6d\u00fclleri verilecek. D\u00fczenlenecek olan \u00f6d\u00fcl t\u00f6reninde, birinci olan jokeylere kupa ve plaket takdiminden sonra di\u011fer yar\u0131\u015fmac\u0131lara da \u00e7e\u015fitli \u00f6d\u00fcller komite taraf\u0131ndan takdim edilecek.<\/p>\n\n\n\n<p>BA\u015eKAN VEK\u0130L\u0130 \u00c7\u0130\u00c7EK\u2019 TE\u015eEKK\u00dcR<\/p>\n\n\n\n<p>Manavgat-Side Rahvan At\u00e7\u0131lar\u0131 Spor Kul\u00fcb\u00fc Ba\u015fkan\u0131 Hasan Delikkulak, etkinli\u011fe katk\u0131lar\u0131ndan dolay\u0131 Manavgat Belediye Ba\u015fkan vekili Mehmet \u00c7i\u00e7ek ve belediye yetkililerine te\u015fekk\u00fcr etti. Delikkulak, &#8220;Bizlere her zaman destek veren Federasyon Ba\u015fkan\u0131m\u0131z Say\u0131n Hakan Kazanc\u0131&#8217;ya, Atl\u0131 Spor Dallar\u0131 Federasyonu Asba\u015fkan\u0131m\u0131z Say\u0131n Tayfun Karata\u015f&#8217;a, bizlere her y\u0131l en b\u00fcy\u00fck deste\u011fi sa\u011flayan Manavgat Belediyesi&#8217;ne ve Belediye Ba\u015fkan vekilimiz Mehmet \u00c7i\u00e7ek\u2019e te\u015fekk\u00fcr ediyorum. 16. Geleneksel Rahvan at yar\u0131\u015flar\u0131m\u0131za yo\u011fun bir sporcu kat\u0131l\u0131m\u0131 olacak. T\u00fcm Manavgat\u2019\u0131 bu g\u00fczel yar\u0131\u015flarda yan\u0131m\u0131zda g\u00f6rmek istiyoruz&#8221; ifadelerini kulland\u0131.<\/p>\n\n\n\n<p>B\u00fc\u015fra Deveci \/ Haber<\/p>\n","protected":false},"excerpt":{"rendered":"<p>Manavgat Belediyesi ve T\u00fcrkiye Geleneksel Atl\u0131 Spor Dallar\u0131 Federasyonu i\u015f birli\u011fiyle d\u00fczenlenecek olan 16. Manavgat-Side Geleneksel Rahvan At Yar\u0131\u015flar\u0131 \u00f6ncesinde, Side Rahvan At\u00e7\u0131lar\u0131 Spor Kul\u00fcb\u00fc <a href=\"https:\/\/akdenizhaber.com.tr\/index.php\/2025\/10\/09\/rahvan-atcilar-dernek-baskani-hasan-delikkulak-pazar-gunu-tum-manavgati-yarislarimiza-bekliyoruz\/\" class=\"read-more-link\">[more&#8230;]<\/a><\/p>\n","protected":false},"author":2,"featured_media":30286,"comment_status":"open","ping_status":"open","sticky":false,"template":"","format":"standard","meta":{"footnotes":""},"categories":[2],"tags":[],"class_list":["post-30285","post","type-post","status-publish","format-standard","has-post-thumbnail","hentry","category-gundem"],"_links":{"self":[{"href":"https:\/\/akdenizhaber.com.tr\/index.php\/wp-json\/wp\/v2\/posts\/30285","targetHints":{"allow":["GET"]}}],"collection":[{"href":"https:\/\/akdenizhaber.com.tr\/index.php\/wp-json\/wp\/v2\/posts"}],"about":[{"href":"https:\/\/akdenizhaber.com.tr\/index.php\/wp-json\/wp\/v2\/types\/post"}],"author":[{"embeddable":true,"href":"https:\/\/akdenizhaber.com.tr\/index.php\/wp-json\/wp\/v2\/users\/2"}],"replies":[{"embeddable":true,"href":"https:\/\/akdenizhaber.com.tr\/index.php\/wp-json\/wp\/v2\/comments?post=30285"}],"version-history":[{"count":1,"href":"https:\/\/akdenizhaber.com.tr\/index.php\/wp-json\/wp\/v2\/posts\/30285\/revisions"}],"predecessor-version":[{"id":30289,"href":"https:\/\/akdenizhaber.com.tr\/index.php\/wp-json\/wp\/v2\/posts\/30285\/revisions\/30289"}],"wp:featuredmedia":[{"embeddable":true,"href":"https:\/\/akdenizhaber.com.tr\/index.php\/wp-json\/wp\/v2\/media\/30286"}],"wp:attachment":[{"href":"https:\/\/akdenizhaber.com.tr\/index.php\/wp-json\/wp\/v2\/media?parent=30285"}],"wp:term":[{"taxonomy":"category","embeddable":true,"href":"https:\/\/akdenizhaber.com.tr\/index.php\/wp-json\/wp\/v2\/categories?post=30285"},{"taxonomy":"post_tag","embeddable":true,"href":"https:\/\/akdenizhaber.com.tr\/index.php\/wp-json\/wp\/v2\/tags?post=30285"}],"curies":[{"name":"wp","href":"https:\/\/api.w.org\/{rel}","templated":true}]}}