{"id":30253,"date":"2025-10-09T15:55:14","date_gmt":"2025-10-09T12:55:14","guid":{"rendered":"https:\/\/akdenizhaber.com.tr\/?p=30253"},"modified":"2025-10-09T15:55:15","modified_gmt":"2025-10-09T12:55:15","slug":"turkiye-cumhuriyetinin-ilk-altin-parasi-100-yilinda-akdeniz-universitesinde","status":"publish","type":"post","link":"https:\/\/akdenizhaber.com.tr\/index.php\/2025\/10\/09\/turkiye-cumhuriyetinin-ilk-altin-parasi-100-yilinda-akdeniz-universitesinde\/","title":{"rendered":"T\u00fcrkiye Cumhuriyeti\u2019nin \u0130lk Alt\u0131n Paras\u0131 100. Y\u0131l\u0131nda Akdeniz \u00dcniversitesi\u2019nde"},"content":{"rendered":"\n<p>Akdeniz \u00dcniversitesi Hastanesi\u2019nde T\u00fcrkiye Cumhuriyeti\u2019nin \u0130lk Alt\u0131n Paras\u0131 ve beraberindeki eserler sergilendi.<\/p>\n\n\n\n<p>Akdeniz \u00dcniversitesi Hastanesi H Blok Atrium da sergilenen T\u00fcrkiye Cumhuriyeti\u2019nin \u0130lk Alt\u0131n Paras\u0131 Sergisi a\u00e7\u0131l\u0131\u015f\u0131 ger\u00e7ekle\u015ftirildi. A\u00e7\u0131l\u0131\u015fa Akdeniz \u00dcniversitesi Rekt\u00f6r\u00fc Prof. Dr. \u00d6zlenen \u00d6zkan, Rekt\u00f6r Yard\u0131mc\u0131s\u0131 Prof. Dr. Ay\u015fe G\u00fclbin Ar\u0131c\u0131, Hastane Ba\u015fhekimi Prof. Dr. Y\u0131ld\u0131ray \u00c7ete, ba\u015fhekim yard\u0131mc\u0131lar\u0131, hastane \u00e7al\u0131\u015fanlar\u0131 ve tedavi g\u00f6ren ziyaret\u00e7iler kat\u0131ld\u0131. Sergide g\u00f6sterilen eserlerin sahibi Bahad\u0131r Kalayc\u0131 da sergide yer ald\u0131.<\/p>\n\n\n\n<p>EKONOM\u0130K BA\u011eIMSIZLI\u011eIN S\u0130MGES\u0130 PARA<\/p>\n\n\n\n<p>\u00c7ok g\u00fczel bir g\u00fcnde bir arada olduklar\u0131n\u0131 s\u00f6yleyen Akdeniz \u00dcniversitesi Rekt\u00f6r\u00fc Prof. Dr. \u00d6zlenen \u00d6zkan, \u201cBiliyorsunuz ki para, ekonomi, bir \u00fclkenin en \u00f6nemli ba\u011f\u0131ms\u0131zl\u0131k unsuru birka\u00e7 unsuru var. Birka\u00e7 ayak var ki en \u00f6nemlisi de ekonomi, ekonomik ba\u011f\u0131ms\u0131zl\u0131k. Bunu da en g\u00fczel simgesi para. Bu para bizim Cumhuriyetimizin ekonomik yolculu\u011funda ba\u011f\u0131ms\u0131zl\u0131\u011f\u0131ndaki en \u00f6nemli ilk simgelerinden. Ayn\u0131 zamanda nutuklar\u0131m\u0131z\u0131, bayraklar\u0131m\u0131z\u0131 \u00e7ok \u00f6nemli. Her \u0130stiklal Mar\u015f\u0131nda bir dakika boyunca hep akl\u0131ma hep g\u00f6z\u00fcm\u00fcn \u00f6n\u00fcnden \u015fehitler ge\u00e7iyor ve hep Mill\u00ee M\u00fccadele ge\u00e7iyor her seferinde. Ama \u015fu anda onu burada hissetmek \u00e7ok \u00e7ok g\u00fczeldi.\u201d \u015feklinde konu\u015ftu.<\/p>\n\n\n\n<p>GEN\u00c7L\u0130\u011eE \u00c7OK G\u00dcZEL MESAJLAR VAR<\/p>\n\n\n\n<p>Sergi sahibi Bahad\u0131r Kalayc\u0131\u2019ya sergiyi burada d\u00fczenledi\u011fi i\u00e7in te\u015fekk\u00fcr eden Rekt\u00f6r Prof. Dr. \u00d6zlenen \u00d6zkan, \u201cBurada sergilenen param\u0131z ayr\u0131 g\u00fczel, bayraklar\u0131m\u0131z ayr\u0131 g\u00fczel. \u00c7ok g\u00fczel mesajlar var gen\u00e7li\u011fe. Burada yapaca\u011f\u0131m\u0131z \u015fey bizim hem bu eski k\u0131ymetlerimize sahip \u00e7\u0131kmak hem de biz \u00fclkeye ne katabiliriz onu d\u00fc\u015f\u00fcnmek.\u201d ifadelerini kulland\u0131. Vatan\u0131n\u0131 en \u00e7ok seven i\u015fini en iyi yapand\u0131r \u00f6zl\u00fc s\u00f6z\u00fc hat\u0131rlayan Rekt\u00f6r \u00d6zkan, \u201cBu y\u00fczden \u00e7ok da fazla bir \u015fey s\u00f6ylemeye gerek yok. Bunlar\u0131 hep beraber koruyaca\u011f\u0131z. Bu ba\u011flamda ne gerekiyorsa bize yapmaya katk\u0131 sunmaya da haz\u0131r\u0131z.\u201d diye konu\u015ftu.<\/p>\n\n\n\n<p>DEVLET\u0130M\u0130Z\u0130N \u0130LK ALTIN PARASI D\u00dcN 100 YA\u015eINA G\u0130RD\u0130<\/p>\n\n\n\n<p>Eserlerin Sahibi Bahad\u0131r Kalayc\u0131 ise \u201cDevletimizin ilk alt\u0131n paras\u0131 d\u00fcn 100 ya\u015f\u0131na girdi. Bug\u00fcn burada 100. ya\u015f hastas\u0131n\u0131 kesmek i\u00e7in birlikteyiz. Koleksiyoner olarak kay\u0131tl\u0131 bulundu\u011fum Antalya M\u00fczesi&#8217;nin yeni binas\u0131n\u0131n yap\u0131lmas\u0131 nedeniyle kapal\u0131d\u0131r. Bu nedenle akl\u0131ma ilk gelen yer e\u011fitim kurumu olan Antalya&#8217;m\u0131z\u0131n ad\u0131n\u0131 d\u00fcnyaya duyuran Akdeniz \u00dcniversitesi olmu\u015ftur. Gelece\u011fimize \u0131\u015f\u0131k tutan bu nadide e\u011fitim kurumunda bu a\u00e7\u0131l\u0131\u015f\u0131 yapmak benim i\u00e7in bir onurdur.\u201d dedi.<\/p>\n\n\n\n<p>5 EK\u0130M 1925 TAR\u0130H\u0130NDE \u0130LK ALTIN PARAMIZ \u0130STANBUL&#8217;DA BASILMI\u015eTIR<\/p>\n\n\n\n<p>Kalayc\u0131, \u201c5 Ekim 1925 tarihinde ilk alt\u0131n param\u0131z \u0130stanbul&#8217;da bas\u0131lm\u0131\u015ft\u0131r. Koleksiyoner olarak bu bas\u0131lan paralardan bir tanesini bulabilmek i\u00e7in tam 10 y\u0131l \u00e7al\u0131\u015ft\u0131m. Arad\u0131m. Buldu\u011fumda duydu\u011fum heyecan hisler bunlar anlatamam yani ya\u015famak gerekiyor. Mustafa Kemal Atat\u00fcrk 16 May\u0131s 1919 tarihinde \u0130stanbul&#8217;dan Band\u0131rma Vapuruyla ayr\u0131ld\u0131ktan sonra 1927 y\u0131l\u0131na kadar \u0130stanbul&#8217;a gitmedi\u011fi i\u00e7in ilk bas\u0131lan alt\u0131n para, d\u00f6nemin Maliye Bakan\u0131 taraf\u0131ndan \u0130stanbul&#8217;da teslim al\u0131nm\u0131\u015f ve Ankara&#8217;da, Atam\u0131za takdim edilmi\u015ftir.\u201d \u015feklinde konu\u015ftu.<\/p>\n\n\n\n<p>DEVLET, M\u0130LLET \u0130\u015e B\u0130RL\u0130\u011e\u0130 \u0130LE PARA M\u00dcZES\u0130 A\u00c7ILMALI<\/p>\n\n\n\n<p>Kalayc\u0131, \u201cT\u00fcrkiye Cumhuriyeti&#8217;nin ilk alt\u0131n paras\u0131 36,14 milim a\u011f\u0131rl\u0131\u011f\u0131nda 3,5 santim \u00e7ap\u0131nda 22 ayar alt\u0131ndan toplam 226 adet bas\u0131lm\u0131\u015ft\u0131r. Bu paralar Harf Devriminden sonra yeni alfabeye ge\u00e7ti\u011fimiz i\u00e7in bir k\u0131sm\u0131 s\u00fcs e\u015fyas\u0131 yapmak i\u00e7in bilezik, kolye yapmak amac\u0131yla eritilmi\u015ftir. Bug\u00fcn bilinen bir elin parmaklar\u0131 kadar miktardad\u0131r. Ve bug\u00fcne kadar g\u00f6rd\u00fc\u011f\u00fcn\u00fcz paran\u0131n d\u0131\u015f\u0131nda hi\u00e7bir para sergilenmemi\u015ftir. Hep bu paralar kapal\u0131 yerlerde saklanm\u0131\u015ft\u0131r. Ancak bu paralar\u0131n bizim milli de\u011ferlerimiz oldu\u011fu, bunlar\u0131n milletimizin g\u00f6r\u00fclmesi i\u00e7in devletimizin imk\u00e2n sa\u011flamas\u0131 gerekti\u011fini d\u00fc\u015f\u00fcn\u00fcyorum. D\u00fcnyada ilk paran\u0131n bas\u0131ld\u0131\u011f\u0131 yer Anadolu vatan\u0131m\u0131zd\u0131r. Anadolu&#8217;dan sonra para bas\u0131lan kom\u015fular\u0131m\u0131z Yunanistan&#8217;da ve \u0130ran&#8217;da para m\u00fczesi bulunmaktad\u0131r. Ancak \u00fclkemizde bir para m\u00fczesi yoktur. Devlet, millet i\u015f birli\u011fi ile Para M\u00fczesi&#8217;nin a\u00e7\u0131lmas\u0131 i\u00e7in \u00e7abalamaktayd\u0131. Hayalim koleksiyonumda bulunan. Paralar\u0131n kal\u0131c\u0131 bir m\u00fczede sergilenmesidir. Umar\u0131m \u00fclkemizin ilk para m\u00fczesini a\u00e7mak nasip olur. \u0130lk T\u00fcrk Alt\u0131n Paras\u0131 100 ya\u015f\u0131ndad\u0131r. Nice y\u00fczy\u0131llara.\u201d ifadelerini kulland\u0131.<\/p>\n\n\n\n<p>100 YILLIK T\u00dcRK BAYRAKLARI DA SERG\u0130DE<\/p>\n\n\n\n<p>Sergide T\u00fcrkiye Cumhuriyeti\u2019nin \u0130lk Alt\u0131n Paras\u0131n\u0131n yan\u0131 s\u0131ra 1927 Y\u0131l\u0131nda Bas\u0131lan Milletvekillerine Verilen \u00d6zel Bask\u0131l\u0131 Nutuk, 1927 Y\u0131l\u0131nda Bas\u0131l Halk Tipi Nutuk, salonda bulunan 100 y\u0131ll\u0131k T\u00fcrk Bayraklar\u0131 ve haritalarda yer ald\u0131.<\/p>\n\n\n\n<p>Akdeniz \u00dcniversitesi Rekt\u00f6rl\u00fc\u011f\u00fc \/ B\u00fclten<\/p>\n","protected":false},"excerpt":{"rendered":"<p>Akdeniz \u00dcniversitesi Hastanesi\u2019nde T\u00fcrkiye Cumhuriyeti\u2019nin \u0130lk Alt\u0131n Paras\u0131 ve beraberindeki eserler sergilendi. Akdeniz \u00dcniversitesi Hastanesi H Blok Atrium da sergilenen T\u00fcrkiye Cumhuriyeti\u2019nin \u0130lk Alt\u0131n Paras\u0131 <a href=\"https:\/\/akdenizhaber.com.tr\/index.php\/2025\/10\/09\/turkiye-cumhuriyetinin-ilk-altin-parasi-100-yilinda-akdeniz-universitesinde\/\" class=\"read-more-link\">[more&#8230;]<\/a><\/p>\n","protected":false},"author":2,"featured_media":30256,"comment_status":"open","ping_status":"open","sticky":false,"template":"","format":"standard","meta":{"footnotes":""},"categories":[2],"tags":[],"class_list":["post-30253","post","type-post","status-publish","format-standard","has-post-thumbnail","hentry","category-gundem"],"_links":{"self":[{"href":"https:\/\/akdenizhaber.com.tr\/index.php\/wp-json\/wp\/v2\/posts\/30253","targetHints":{"allow":["GET"]}}],"collection":[{"href":"https:\/\/akdenizhaber.com.tr\/index.php\/wp-json\/wp\/v2\/posts"}],"about":[{"href":"https:\/\/akdenizhaber.com.tr\/index.php\/wp-json\/wp\/v2\/types\/post"}],"author":[{"embeddable":true,"href":"https:\/\/akdenizhaber.com.tr\/index.php\/wp-json\/wp\/v2\/users\/2"}],"replies":[{"embeddable":true,"href":"https:\/\/akdenizhaber.com.tr\/index.php\/wp-json\/wp\/v2\/comments?post=30253"}],"version-history":[{"count":1,"href":"https:\/\/akdenizhaber.com.tr\/index.php\/wp-json\/wp\/v2\/posts\/30253\/revisions"}],"predecessor-version":[{"id":30257,"href":"https:\/\/akdenizhaber.com.tr\/index.php\/wp-json\/wp\/v2\/posts\/30253\/revisions\/30257"}],"wp:featuredmedia":[{"embeddable":true,"href":"https:\/\/akdenizhaber.com.tr\/index.php\/wp-json\/wp\/v2\/media\/30256"}],"wp:attachment":[{"href":"https:\/\/akdenizhaber.com.tr\/index.php\/wp-json\/wp\/v2\/media?parent=30253"}],"wp:term":[{"taxonomy":"category","embeddable":true,"href":"https:\/\/akdenizhaber.com.tr\/index.php\/wp-json\/wp\/v2\/categories?post=30253"},{"taxonomy":"post_tag","embeddable":true,"href":"https:\/\/akdenizhaber.com.tr\/index.php\/wp-json\/wp\/v2\/tags?post=30253"}],"curies":[{"name":"wp","href":"https:\/\/api.w.org\/{rel}","templated":true}]}}