{"id":30250,"date":"2025-10-09T16:03:28","date_gmt":"2025-10-09T13:03:28","guid":{"rendered":"https:\/\/akdenizhaber.com.tr\/?p=30250"},"modified":"2025-10-09T16:06:04","modified_gmt":"2025-10-09T13:06:04","slug":"sosyal-guvenlik-muduru-masmoyu-ziyaret-etti","status":"publish","type":"post","link":"https:\/\/akdenizhaber.com.tr\/index.php\/2025\/10\/09\/sosyal-guvenlik-muduru-masmoyu-ziyaret-etti\/","title":{"rendered":"Sosyal G\u00fcvenlik M\u00fcd\u00fcr\u00fc Masmo\u2019yu Ziyaret Etti"},"content":{"rendered":"\n<p>Manavgat Sosyal G\u00fcvenlik Kurumu m\u00fcd\u00fcr\u00fc Eri\u015f Ali \u00c7i\u00e7ek ge\u00e7ti\u011fimiz g\u00fcn Manavgat Mali M\u00fc\u015favirler Odas\u0131n\u0131 ziyaret etti.<\/p>\n\n\n\n<p>Manavgat Mali M\u00fc\u015favirler Odas\u0131 Ba\u015fkan\u0131 Erkan Tuncer ve y\u00f6netim kurulu ile birlikte odalar\u0131na ziyarete gelen SGK m\u00fcd\u00fcr\u00fc Eri\u015f Ali \u00c7i\u00e7ek ve Onur Kaya\u2019n\u0131n ziyaretlerinden b\u00fcy\u00fck mutluluk duyduklar\u0131n\u0131 s\u00f6yledi.<br>2025 Y\u0131l\u0131 Bilgilendirme ve Rehberlik faaliyetleri kapsam\u0131nda Manavgat Mali M\u00fc\u015favirler Odas\u0131 ziyaretinde kendisine ev sahipli\u011fi yapan oda y\u00f6netimine te\u015fekk\u00fcr eden Manavgat Sosyal G\u00fcvenlik Kurumu M\u00fcd\u00fcr\u00fc Say\u0131n Eri\u015f Ali \u00c7i\u00e7ek \u201c\u00c7ok anlaml\u0131 bir ziyaret oldu, kar\u015f\u0131l\u0131kl\u0131 fikir al\u0131\u015fveri\u015finde bulunarak yol haritas\u0131nda yap\u0131lmas\u0131 gereken konular\u0131 isti\u015fare etme olana\u011f\u0131 yakalad\u0131k. Ziyaretlerimiz t\u00fcm h\u0131z\u0131yla devam edecek\u201d dedi.<br>Mali M\u00fc\u015favirler Odas\u0131 Ba\u015fkan\u0131 Erkan Tuncer, ziyaretleri s\u0131ras\u0131nda kay\u0131t d\u0131\u015f\u0131 istihdam ile m\u00fccadele, i\u015fveren prim borcu ve Ba\u011f-kur prim bor\u00e7lar\u0131n\u0131n s\u00fcresi i\u00e7inde \u00f6denmesi halinde te\u015fvik al\u0131nabilece\u011fi konular\u0131nda bilgilendirme yap\u0131ld\u0131\u011f\u0131na dikkat \u00e7ekerek, nazik ziyaretleri i\u00e7in Eri\u015f Ali \u00c7i\u00e7ek ve Say\u0131n Onur Kaya&#8217;ya te\u015fekk\u00fcr ettiklerini s\u00f6zlerine ekledi.<\/p>\n\n\n\n<p><\/p>\n","protected":false},"excerpt":{"rendered":"<p>Manavgat Sosyal G\u00fcvenlik Kurumu m\u00fcd\u00fcr\u00fc Eri\u015f Ali \u00c7i\u00e7ek ge\u00e7ti\u011fimiz g\u00fcn Manavgat Mali M\u00fc\u015favirler Odas\u0131n\u0131 ziyaret etti. Manavgat Mali M\u00fc\u015favirler Odas\u0131 Ba\u015fkan\u0131 Erkan Tuncer ve y\u00f6netim <a href=\"https:\/\/akdenizhaber.com.tr\/index.php\/2025\/10\/09\/sosyal-guvenlik-muduru-masmoyu-ziyaret-etti\/\" class=\"read-more-link\">[more&#8230;]<\/a><\/p>\n","protected":false},"author":2,"featured_media":30251,"comment_status":"open","ping_status":"open","sticky":false,"template":"","format":"standard","meta":{"footnotes":""},"categories":[2],"tags":[],"class_list":["post-30250","post","type-post","status-publish","format-standard","has-post-thumbnail","hentry","category-gundem"],"_links":{"self":[{"href":"https:\/\/akdenizhaber.com.tr\/index.php\/wp-json\/wp\/v2\/posts\/30250","targetHints":{"allow":["GET"]}}],"collection":[{"href":"https:\/\/akdenizhaber.com.tr\/index.php\/wp-json\/wp\/v2\/posts"}],"about":[{"href":"https:\/\/akdenizhaber.com.tr\/index.php\/wp-json\/wp\/v2\/types\/post"}],"author":[{"embeddable":true,"href":"https:\/\/akdenizhaber.com.tr\/index.php\/wp-json\/wp\/v2\/users\/2"}],"replies":[{"embeddable":true,"href":"https:\/\/akdenizhaber.com.tr\/index.php\/wp-json\/wp\/v2\/comments?post=30250"}],"version-history":[{"count":1,"href":"https:\/\/akdenizhaber.com.tr\/index.php\/wp-json\/wp\/v2\/posts\/30250\/revisions"}],"predecessor-version":[{"id":30252,"href":"https:\/\/akdenizhaber.com.tr\/index.php\/wp-json\/wp\/v2\/posts\/30250\/revisions\/30252"}],"wp:featuredmedia":[{"embeddable":true,"href":"https:\/\/akdenizhaber.com.tr\/index.php\/wp-json\/wp\/v2\/media\/30251"}],"wp:attachment":[{"href":"https:\/\/akdenizhaber.com.tr\/index.php\/wp-json\/wp\/v2\/media?parent=30250"}],"wp:term":[{"taxonomy":"category","embeddable":true,"href":"https:\/\/akdenizhaber.com.tr\/index.php\/wp-json\/wp\/v2\/categories?post=30250"},{"taxonomy":"post_tag","embeddable":true,"href":"https:\/\/akdenizhaber.com.tr\/index.php\/wp-json\/wp\/v2\/tags?post=30250"}],"curies":[{"name":"wp","href":"https:\/\/api.w.org\/{rel}","templated":true}]}}