{"id":30243,"date":"2025-10-06T19:01:33","date_gmt":"2025-10-06T16:01:33","guid":{"rendered":"https:\/\/akdenizhaber.com.tr\/?p=30243"},"modified":"2025-10-06T19:01:34","modified_gmt":"2025-10-06T16:01:34","slug":"turkiye-sampiyonu-boksor-yagmur-eryurt-gozunu-avrupa-zirvesine-dikti","status":"publish","type":"post","link":"https:\/\/akdenizhaber.com.tr\/index.php\/2025\/10\/06\/turkiye-sampiyonu-boksor-yagmur-eryurt-gozunu-avrupa-zirvesine-dikti\/","title":{"rendered":"T\u00fcrkiye \u015eampiyonu Boks\u00f6r Ya\u011fmur Eryurt, G\u00f6z\u00fcn\u00fc Avrupa Zirvesine Dikti"},"content":{"rendered":"\n<p><br>Bah\u00e7e\u015fehir Okullar\u0131 Sorgun Kampusu \u00f6\u011frencisi ve T\u00fcrkiye Boks \u015eampiyonu Ya\u011fmur Eryurt, yakla\u015fan Avrupa \u015eampiyonas\u0131 i\u00e7in haz\u0131rl\u0131klar\u0131n\u0131 s\u00fcrd\u00fcr\u00fcyor. Hem akademik hem de sportif alandaki ba\u015far\u0131lar\u0131yla dikkat \u00e7eken Eryurt&#8217;un hedefi, T\u00fcrkiye&#8217;ye bir Avrupa \u015fampiyonlu\u011fu daha kazand\u0131rmak.<br>Bah\u00e7e\u015fehir Okullar\u0131 y\u00f6netimi, \u00f6\u011frencileri Ya\u011fmur Eryurt ile gurur duyduklar\u0131n\u0131 belirterek, gen\u00e7 sporcuya olan inan\u00e7lar\u0131n\u0131n tam oldu\u011funu vurgulad\u0131. Okul y\u00f6netiminden yap\u0131lan a\u00e7\u0131klamada, &#8220;T\u00fcrkiye \u015eampiyonu boks\u00f6r \u00f6\u011frencimiz Ya\u011fmur Eryurt, Avrupa \u015eampiyonas\u0131 i\u00e7in haz\u0131rl\u0131klar\u0131n\u0131 t\u00fcm h\u0131z\u0131yla s\u00fcrd\u00fcr\u00fcyor. Disiplini, azmi ve kararl\u0131l\u0131\u011f\u0131yla \u00f6rnek olan sporcumuz, \u00fclkemizi ve okulumuzu uluslararas\u0131 arenada en iyi \u015fekilde temsil etmeye haz\u0131rlan\u0131yor,&#8221; denildi.<br>A\u00e7\u0131klamada, Eryurt&#8217;a olan desteklerinin s\u00fcrece\u011fi belirtilerek \u015fu ifadelere yer verildi: &#8220;Bize bu gurur ve mutlulu\u011fu ya\u015fatan \u00f6\u011frencimiz Ya\u011fmur Eryurt\u2019un sonuna kadar yan\u0131nda olaca\u011f\u0131z ve her t\u00fcrl\u00fc deste\u011fi t\u00fcm Bah\u00e7e\u015fehir okullar\u0131 olarak vermeye devam edece\u011fiz. Kendisine inan\u0131yor ve g\u00fcveniyoruz; Avrupa \u015eampiyonas\u0131&#8217;ndan madalyayla d\u00f6necek ve bizi bir kez daha onurland\u0131racakt\u0131r. Kendisini tebrik ediyor, Avrupa \u015eampiyonas\u0131 yolunda ba\u015far\u0131lar\u0131n\u0131n devam\u0131n\u0131 diliyoruz.&#8221;<\/p>\n","protected":false},"excerpt":{"rendered":"<p>Bah\u00e7e\u015fehir Okullar\u0131 Sorgun Kampusu \u00f6\u011frencisi ve T\u00fcrkiye Boks \u015eampiyonu Ya\u011fmur Eryurt, yakla\u015fan Avrupa \u015eampiyonas\u0131 i\u00e7in haz\u0131rl\u0131klar\u0131n\u0131 s\u00fcrd\u00fcr\u00fcyor. Hem akademik hem de sportif alandaki ba\u015far\u0131lar\u0131yla dikkat <a href=\"https:\/\/akdenizhaber.com.tr\/index.php\/2025\/10\/06\/turkiye-sampiyonu-boksor-yagmur-eryurt-gozunu-avrupa-zirvesine-dikti\/\" class=\"read-more-link\">[more&#8230;]<\/a><\/p>\n","protected":false},"author":2,"featured_media":30244,"comment_status":"open","ping_status":"open","sticky":false,"template":"","format":"standard","meta":{"footnotes":""},"categories":[2],"tags":[],"class_list":["post-30243","post","type-post","status-publish","format-standard","has-post-thumbnail","hentry","category-gundem"],"_links":{"self":[{"href":"https:\/\/akdenizhaber.com.tr\/index.php\/wp-json\/wp\/v2\/posts\/30243","targetHints":{"allow":["GET"]}}],"collection":[{"href":"https:\/\/akdenizhaber.com.tr\/index.php\/wp-json\/wp\/v2\/posts"}],"about":[{"href":"https:\/\/akdenizhaber.com.tr\/index.php\/wp-json\/wp\/v2\/types\/post"}],"author":[{"embeddable":true,"href":"https:\/\/akdenizhaber.com.tr\/index.php\/wp-json\/wp\/v2\/users\/2"}],"replies":[{"embeddable":true,"href":"https:\/\/akdenizhaber.com.tr\/index.php\/wp-json\/wp\/v2\/comments?post=30243"}],"version-history":[{"count":1,"href":"https:\/\/akdenizhaber.com.tr\/index.php\/wp-json\/wp\/v2\/posts\/30243\/revisions"}],"predecessor-version":[{"id":30245,"href":"https:\/\/akdenizhaber.com.tr\/index.php\/wp-json\/wp\/v2\/posts\/30243\/revisions\/30245"}],"wp:featuredmedia":[{"embeddable":true,"href":"https:\/\/akdenizhaber.com.tr\/index.php\/wp-json\/wp\/v2\/media\/30244"}],"wp:attachment":[{"href":"https:\/\/akdenizhaber.com.tr\/index.php\/wp-json\/wp\/v2\/media?parent=30243"}],"wp:term":[{"taxonomy":"category","embeddable":true,"href":"https:\/\/akdenizhaber.com.tr\/index.php\/wp-json\/wp\/v2\/categories?post=30243"},{"taxonomy":"post_tag","embeddable":true,"href":"https:\/\/akdenizhaber.com.tr\/index.php\/wp-json\/wp\/v2\/tags?post=30243"}],"curies":[{"name":"wp","href":"https:\/\/api.w.org\/{rel}","templated":true}]}}