{"id":30207,"date":"2025-10-06T15:50:04","date_gmt":"2025-10-06T12:50:04","guid":{"rendered":"https:\/\/akdenizhaber.com.tr\/?p=30207"},"modified":"2025-10-06T15:50:05","modified_gmt":"2025-10-06T12:50:05","slug":"antalyalilardan-15-antalya-kitap-fuarina-yogun-ilgi","status":"publish","type":"post","link":"https:\/\/akdenizhaber.com.tr\/index.php\/2025\/10\/06\/antalyalilardan-15-antalya-kitap-fuarina-yogun-ilgi\/","title":{"rendered":"Antalyal\u0131lardan 15. Antalya Kitap Fuar\u0131\u2019na yo\u011fun ilgi"},"content":{"rendered":"\n<p>Antalya B\u00fcy\u00fck\u015fehir Belediyesi ev sahipli\u011finde bu y\u0131l 15\u2019incisi ger\u00e7ekle\u015ftirilen Antalya Kitap Fuar\u0131, yo\u011fun ilgi g\u00f6r\u00fcyor. G\u00fczel havay\u0131 f\u0131rsat bilen vatanda\u015flar hafta sonunda Antalya Kitap Fuar\u0131\u2019na ak\u0131n etti. Antalya Valisi Hulusi \u015eahin de B\u00fcy\u00fck\u015fehir Belediyesi Ba\u015fkan Vekili B\u00fc\u015fra \u00d6zdemir ile birlikte fuar\u0131 ziyaret ederek, kitapseverlerle bir araya geldi.<\/p>\n\n\n\n<p>Cam Piramit Fuar ve Kongre Merkezi\u2019nde &nbsp;\u201cKitapla umuda, adalete, \u00f6zg\u00fcrl\u00fc\u011fe\u2026\u201d temas\u0131yla bu y\u0131l 15\u2019inci kez ger\u00e7ekle\u015ftirilen Antalya Kitap Fuar\u0131 t\u00fcm h\u0131z\u0131yla s\u00fcr\u00fcyor. Antalya Kitap Fuar\u0131\u2019n\u0131n \u00fc\u00e7\u00fcnc\u00fc g\u00fcn\u00fcnde fuar, ziyaret\u00e7ilerden yo\u011fun ilgi g\u00f6rd\u00fc. Hafta sonunda g\u00fczel hava ile birlikte Antalya Kitap Fuar\u0131 dolu dolu ge\u00e7ti. Yay\u0131nevlerinin yeni \u00e7\u0131kan kitaplar\u0131n\u0131 inceleyerek, yazarlarla tan\u0131\u015fma f\u0131rsat\u0131 bulan kitapseverler keyifli bir hafta sonu ge\u00e7irdi.<\/p>\n\n\n\n<p>VAL\u0130 \u015eAH\u0130N\u2019DEN Z\u0130YARET<\/p>\n\n\n\n<p>15. Antalya Kitap Fuar\u0131\u2019n\u0131 Antalya Valisi Hulusi \u015eahin e\u015fi Ebru \u015eahin ile birlikte ziyaret etti. B\u00fcy\u00fck\u015fehir Belediye Ba\u015fkan Vekili B\u00fc\u015fra \u00d6zdemir, Vali Hulusi \u015eahin ve e\u015fi Ebru \u015eahin\u2019e e\u015flik ederek, fuar alan\u0131n\u0131 gezdi. Vali \u015eahin, fuara kat\u0131l\u0131m sa\u011flayan yazarlar ile sohbet ederek, bol bol kitap ald\u0131. Ba\u015fkan Vekili B\u00fc\u015fra \u00d6zdemir de vatanda\u015flarla bol bol sohbet ederek, foto\u011fraf \u00e7ektirdi. Ba\u015fkan Vekili \u00d6zdemir, Vali \u015eahin\u2019e fuar\u0131 ziyaretlerinden ve desteklerinden dolay\u0131 te\u015fekk\u00fcr etti.<\/p>\n\n\n\n<p>YAZARLAR K\u0130TAPLARINI \u0130MZALIYOR<\/p>\n\n\n\n<p>15. Antalya Kitap Fuar\u0131\u2019n\u0131n \u00fc\u00e7\u00fcnc\u00fc g\u00fcn\u00fcnde birbirinden de\u011ferli yazarlar Antalyal\u0131 vatanda\u015flar ile bulu\u015ftu. \u0130lyas Salman, Zekiye Y\u00fcksel, Sayg\u0131 \u00d6zt\u00fcrk, K\u00fcbra Kiraz Berk, R. \u0130deli, Ay\u00e7a Kavraz, Hilal Ayd\u0131n \u00d6zcan, Fatma \u015eamata, Fatih Tuncay, Loresima, Sezin Karama\u015fe, H\u00fcmeyra, D.N Archeron gibi bir\u00e7ok sevilen yazar okurlar\u0131yla bulu\u015farak kitaplar\u0131n\u0131 imzalad\u0131. Cam Piramit alan\u0131n\u0131 d\u0131\u015f\u0131nda yer alan imza stantlar\u0131nda ise gen\u00e7 okurlar sevdikleri yazarlar i\u00e7in uzun kuyruklar olu\u015fturdu. &nbsp;Gen\u00e7ler, bol bol kitaplar\u0131n\u0131 imzalatarak, yazarlar ile bol bol foto\u011fraf \u00e7ektirdi.<\/p>\n\n\n\n<p>Antalya B\u00fcy\u00fck\u015fehir Belediyesi \/ B\u00fclten<\/p>\n","protected":false},"excerpt":{"rendered":"<p>Antalya B\u00fcy\u00fck\u015fehir Belediyesi ev sahipli\u011finde bu y\u0131l 15\u2019incisi ger\u00e7ekle\u015ftirilen Antalya Kitap Fuar\u0131, yo\u011fun ilgi g\u00f6r\u00fcyor. G\u00fczel havay\u0131 f\u0131rsat bilen vatanda\u015flar hafta sonunda Antalya Kitap Fuar\u0131\u2019na <a href=\"https:\/\/akdenizhaber.com.tr\/index.php\/2025\/10\/06\/antalyalilardan-15-antalya-kitap-fuarina-yogun-ilgi\/\" class=\"read-more-link\">[more&#8230;]<\/a><\/p>\n","protected":false},"author":2,"featured_media":30208,"comment_status":"open","ping_status":"open","sticky":false,"template":"","format":"standard","meta":{"footnotes":""},"categories":[2],"tags":[],"class_list":["post-30207","post","type-post","status-publish","format-standard","has-post-thumbnail","hentry","category-gundem"],"_links":{"self":[{"href":"https:\/\/akdenizhaber.com.tr\/index.php\/wp-json\/wp\/v2\/posts\/30207","targetHints":{"allow":["GET"]}}],"collection":[{"href":"https:\/\/akdenizhaber.com.tr\/index.php\/wp-json\/wp\/v2\/posts"}],"about":[{"href":"https:\/\/akdenizhaber.com.tr\/index.php\/wp-json\/wp\/v2\/types\/post"}],"author":[{"embeddable":true,"href":"https:\/\/akdenizhaber.com.tr\/index.php\/wp-json\/wp\/v2\/users\/2"}],"replies":[{"embeddable":true,"href":"https:\/\/akdenizhaber.com.tr\/index.php\/wp-json\/wp\/v2\/comments?post=30207"}],"version-history":[{"count":1,"href":"https:\/\/akdenizhaber.com.tr\/index.php\/wp-json\/wp\/v2\/posts\/30207\/revisions"}],"predecessor-version":[{"id":30209,"href":"https:\/\/akdenizhaber.com.tr\/index.php\/wp-json\/wp\/v2\/posts\/30207\/revisions\/30209"}],"wp:featuredmedia":[{"embeddable":true,"href":"https:\/\/akdenizhaber.com.tr\/index.php\/wp-json\/wp\/v2\/media\/30208"}],"wp:attachment":[{"href":"https:\/\/akdenizhaber.com.tr\/index.php\/wp-json\/wp\/v2\/media?parent=30207"}],"wp:term":[{"taxonomy":"category","embeddable":true,"href":"https:\/\/akdenizhaber.com.tr\/index.php\/wp-json\/wp\/v2\/categories?post=30207"},{"taxonomy":"post_tag","embeddable":true,"href":"https:\/\/akdenizhaber.com.tr\/index.php\/wp-json\/wp\/v2\/tags?post=30207"}],"curies":[{"name":"wp","href":"https:\/\/api.w.org\/{rel}","templated":true}]}}