{"id":30204,"date":"2025-10-06T15:49:15","date_gmt":"2025-10-06T12:49:15","guid":{"rendered":"https:\/\/akdenizhaber.com.tr\/?p=30204"},"modified":"2025-10-06T15:49:16","modified_gmt":"2025-10-06T12:49:16","slug":"buyuksehir-asattan-serike-2-milyar-400-milyon-tllik-yatirim","status":"publish","type":"post","link":"https:\/\/akdenizhaber.com.tr\/index.php\/2025\/10\/06\/buyuksehir-asattan-serike-2-milyar-400-milyon-tllik-yatirim\/","title":{"rendered":"B\u00fcy\u00fck\u015fehir ASAT\u2019tan Serik\u2019e 2 Milyar 400 milyon TL\u2019lik yat\u0131r\u0131m"},"content":{"rendered":"\n<p>Antalya B\u00fcy\u00fck\u015fehir Belediyesi ASAT Genel M\u00fcd\u00fcrl\u00fc\u011f\u00fc, turizmin en \u00f6nemli merkezlerinden biri olan Belek b\u00f6lgesinin i\u00e7mesuyu sorunlar\u0131n\u0131 \u00e7\u00f6zmek amac\u0131yla kapsaml\u0131 bir yat\u0131r\u0131m ger\u00e7ekle\u015ftirdi. Yakla\u015f\u0131k 2 milyar 400 milyon TL maliyetle hayata ge\u00e7irilen \u00e7al\u0131\u015fmalar tamamlanarak b\u00f6lgenin i\u00e7mesuyu altyap\u0131s\u0131 tamamen yenilendi.<\/p>\n\n\n\n<p>B\u00fcy\u00fck\u015fehir Belediyesi ASAT Genel M\u00fcd\u00fcrl\u00fc\u011f\u00fc, Serik\u2019teki yat\u0131r\u0131mlar\u0131yla il\u00e7enin altyap\u0131 sorunlar\u0131na kal\u0131c\u0131 \u00e7\u00f6z\u00fcmler \u00fcretmeyi s\u00fcrd\u00fcr\u00fcyor. Revize edilen mevcut i\u00e7mesuyu depolar\u0131 ve tamamlanan yeni depolar sayesinde hem bug\u00fcn\u00fcn ihtiya\u00e7lar\u0131 kar\u015f\u0131lan\u0131yor hem de gelece\u011fe d\u00f6n\u00fck sa\u011flam temeller at\u0131l\u0131yor. Vatanda\u015flar\u0131n ya\u015fam kalitesini y\u00fckseltmeyi ama\u00e7layan bu yat\u0131r\u0131mlar, Serik\u2019in modern ve sa\u011fl\u0131kl\u0131 bir kent olarak geli\u015fimine b\u00fcy\u00fck katk\u0131 sa\u011fl\u0131yor.<\/p>\n\n\n\n<p>Terfi Merkezlerinde Revizyon ve \u0130zolasyon<\/p>\n\n\n\n<p>\u00c7al\u0131\u015fmalar kapsam\u0131nda t\u00fcm terfi merkezlerinde revizyon ve izolasyon i\u015flemleri yap\u0131ld\u0131. Kullan\u0131m \u00f6mr\u00fcn\u00fc tamamlam\u0131\u015f pompa ve motorlar, daha verimli ve enerji tasarrufu sa\u011flayan yeni sistemlerle de\u011fi\u015ftirildi. Ayr\u0131ca, Serik Karaday\u0131 \u00dcretim ve Terfi Merkezi\u2019nin devreye al\u0131nmas\u0131yla i\u00e7mesuyu kapasitesi \u00f6nemli \u00f6l\u00e7\u00fcde art\u0131r\u0131ld\u0131.<\/p>\n\n\n\n<p>Kesintisiz Su \u0130\u00e7in Jenerat\u00f6rler<\/p>\n\n\n\n<p>Vatanda\u015flara 7\/24 kesintisiz i\u00e7mesuyu \u00fcretimi sa\u011flamak amac\u0131yla tesislerin tamam\u0131na jenerat\u00f6r kurulumlar\u0131 ger\u00e7ekle\u015ftirildi. B\u00f6ylece olas\u0131 elektrik kesintilerinde su ar\u0131zalar\u0131nda herhangi bir aksakl\u0131k ya\u015fanmas\u0131n\u0131n \u00f6n\u00fcne ge\u00e7ildi.<\/p>\n\n\n\n<p>\u0130sale Hatlar\u0131 Yenilendi<\/p>\n\n\n\n<p>Belek, Kadriye ve Karaday\u0131 b\u00f6lgelerinde yakla\u015f\u0131k 50 bin metre muhtelif \u00e7aplarda isale hatt\u0131 yenilendi. Ayr\u0131ca otel parsel s\u0131n\u0131rlar\u0131 i\u00e7erisinde kalan isale hatlar\u0131 ve saya\u00e7 panolar\u0131 otel d\u0131\u015f\u0131na \u00e7\u0131kar\u0131larak modernizasyon sa\u011fland\u0131.<\/p>\n\n\n\n<p>SCADA Sistemiyle Uzaktan Kontrol<\/p>\n\n\n\n<p>B\u00fct\u00fcn tesisler, SCADA sistemine entegre edilerek uzaktan takip ve kontrol alt\u0131na al\u0131nd\u0131. Bu sayede i\u00e7mesuyu sisteminde meydana gelebilecek sorunlara an\u0131nda m\u00fcdahale edilebilmesi m\u00fcmk\u00fcn hale geldi.<\/p>\n\n\n\n<p>Sorun Tamamen \u00c7\u00f6z\u00fcld\u00fc<\/p>\n\n\n\n<p>Yap\u0131lan yat\u0131r\u0131mlar sonucunda Belek, Kadriye ve Karaday\u0131 b\u00f6lgelerinin i\u00e7mesuyu sorunlar\u0131 tamamen \u00e7\u00f6z\u00fcld\u00fc. Antalya B\u00fcy\u00fck\u015fehir Belediyesi ASAT Genel M\u00fcd\u00fcrl\u00fc\u011f\u00fc, b\u00f6lge halk\u0131na ve turizme uzun y\u0131llar g\u00fcvenli ve sa\u011fl\u0131kl\u0131 i\u00e7mesuyu temin edecek bir altyap\u0131y\u0131 kazand\u0131rm\u0131\u015f oldu.<\/p>\n\n\n\n<p>Antalya B\u00fcy\u00fck\u015fehir Belediyesi \/ B\u00fclten<\/p>\n","protected":false},"excerpt":{"rendered":"<p>Antalya B\u00fcy\u00fck\u015fehir Belediyesi ASAT Genel M\u00fcd\u00fcrl\u00fc\u011f\u00fc, turizmin en \u00f6nemli merkezlerinden biri olan Belek b\u00f6lgesinin i\u00e7mesuyu sorunlar\u0131n\u0131 \u00e7\u00f6zmek amac\u0131yla kapsaml\u0131 bir yat\u0131r\u0131m ger\u00e7ekle\u015ftirdi. Yakla\u015f\u0131k 2 milyar <a href=\"https:\/\/akdenizhaber.com.tr\/index.php\/2025\/10\/06\/buyuksehir-asattan-serike-2-milyar-400-milyon-tllik-yatirim\/\" class=\"read-more-link\">[more&#8230;]<\/a><\/p>\n","protected":false},"author":2,"featured_media":30205,"comment_status":"open","ping_status":"open","sticky":false,"template":"","format":"standard","meta":{"footnotes":""},"categories":[2],"tags":[],"class_list":["post-30204","post","type-post","status-publish","format-standard","has-post-thumbnail","hentry","category-gundem"],"_links":{"self":[{"href":"https:\/\/akdenizhaber.com.tr\/index.php\/wp-json\/wp\/v2\/posts\/30204","targetHints":{"allow":["GET"]}}],"collection":[{"href":"https:\/\/akdenizhaber.com.tr\/index.php\/wp-json\/wp\/v2\/posts"}],"about":[{"href":"https:\/\/akdenizhaber.com.tr\/index.php\/wp-json\/wp\/v2\/types\/post"}],"author":[{"embeddable":true,"href":"https:\/\/akdenizhaber.com.tr\/index.php\/wp-json\/wp\/v2\/users\/2"}],"replies":[{"embeddable":true,"href":"https:\/\/akdenizhaber.com.tr\/index.php\/wp-json\/wp\/v2\/comments?post=30204"}],"version-history":[{"count":1,"href":"https:\/\/akdenizhaber.com.tr\/index.php\/wp-json\/wp\/v2\/posts\/30204\/revisions"}],"predecessor-version":[{"id":30206,"href":"https:\/\/akdenizhaber.com.tr\/index.php\/wp-json\/wp\/v2\/posts\/30204\/revisions\/30206"}],"wp:featuredmedia":[{"embeddable":true,"href":"https:\/\/akdenizhaber.com.tr\/index.php\/wp-json\/wp\/v2\/media\/30205"}],"wp:attachment":[{"href":"https:\/\/akdenizhaber.com.tr\/index.php\/wp-json\/wp\/v2\/media?parent=30204"}],"wp:term":[{"taxonomy":"category","embeddable":true,"href":"https:\/\/akdenizhaber.com.tr\/index.php\/wp-json\/wp\/v2\/categories?post=30204"},{"taxonomy":"post_tag","embeddable":true,"href":"https:\/\/akdenizhaber.com.tr\/index.php\/wp-json\/wp\/v2\/tags?post=30204"}],"curies":[{"name":"wp","href":"https:\/\/api.w.org\/{rel}","templated":true}]}}