{"id":30201,"date":"2025-10-06T15:48:42","date_gmt":"2025-10-06T12:48:42","guid":{"rendered":"https:\/\/akdenizhaber.com.tr\/?p=30201"},"modified":"2025-10-06T15:48:42","modified_gmt":"2025-10-06T12:48:42","slug":"elmalinin-yerel-lezzetleri-tescil-yolunda","status":"publish","type":"post","link":"https:\/\/akdenizhaber.com.tr\/index.php\/2025\/10\/06\/elmalinin-yerel-lezzetleri-tescil-yolunda\/","title":{"rendered":"Elmal\u0131\u2019n\u0131n Yerel Lezzetleri Tescil Yolunda\u00a0"},"content":{"rendered":"\n<p>Antalya Gastronomi Platformu\u2019nun 8\u2019inci toplant\u0131s\u0131, Antalya Valisi Hulusi \u015eahin ve e\u015fi Ebru \u015eahin\u2019in kat\u0131l\u0131m\u0131yla Elmal\u0131\u2019da ger\u00e7ekle\u015ftirildi.<\/p>\n\n\n\n<p>Antalya\u2019n\u0131n yaln\u0131zca tarihi ve do\u011fal zenginlikleriyle de\u011fil, ayn\u0131 zamanda y\u00f6resel mutfa\u011f\u0131yla da marka de\u011ferini art\u0131rmas\u0131 amac\u0131yla y\u00fcr\u00fct\u00fclen \u00e7al\u0131\u015fmalar kapsam\u0131nda, Antalya Gastronomi Platformu 8\u2019inci toplant\u0131s\u0131n\u0131 Elmal\u0131\u2019da ger\u00e7ekle\u015ftirdi. Daha \u00f6nce Muratpa\u015fa, Konyaalt\u0131, \u0130brad\u0131, Alanya ve Finike il\u00e7elerinde ger\u00e7ekle\u015ftirilen toplant\u0131lar\u0131n ard\u0131ndan, Elmal\u0131\u2019da yap\u0131lan toplant\u0131da Elmal\u0131\u2019ya \u00f6zg\u00fc tatlar\u0131n tan\u0131t\u0131m\u0131, co\u011frafi i\u015faret tescil s\u00fcre\u00e7lerinin de\u011ferlendirilmesi ve Elmal\u0131\u2019n\u0131n sahip oldu\u011fu mutfak k\u00fclt\u00fcr\u00fcn\u00fcn korunarak ulusal ve uluslararas\u0131 alanda daha g\u00f6r\u00fcn\u00fcr h\u00e2le getirilmesi ele al\u0131nd\u0131.<\/p>\n\n\n\n<p>Bayralar K\u00f6y\u00fc\u2019nde d\u00fczenlenen toplant\u0131ya, Antalya Valisi Hulusi \u015eahin ve e\u015fi Ebru \u015eahin, Elmal\u0131 Kaymakam\u0131 Faruk Erdem, Elmal\u0131 Belediye Ba\u015fkan\u0131 Halil \u00d6zt\u00fcrk ve Antalya Gastronomi Platformu \u00fcyeleri kat\u0131ld\u0131.<\/p>\n\n\n\n<p>Co\u011frafi \u0130\u015faretli ve Ba\u015fvurusu Yap\u0131lacak Y\u00f6resel \u00dcr\u00fcnler Tan\u0131t\u0131ld\u0131<br>Program kapsam\u0131nda, co\u011frafi i\u015faret ba\u015fvurusu yap\u0131lan Tilki Kuyru\u011fu \u00dcz\u00fcm\u00fc, Elmal\u0131 Gaziler Helvas\u0131, Elmal\u0131 K\u00f6lle, Elmal\u0131 K\u0131rm\u0131z\u0131 Suyu Et, Elmal\u0131 Susaml\u0131 \u00c7\u00f6rek Helva, Elmal\u0131 Sulu Salatas\u0131, Elmal\u0131 Di\u011fan Katmeri, Elmal\u0131 Sa\u011fle Peyniri, Elmal\u0131 Araba\u015f\u0131 \u00c7orbas\u0131, Elmal\u0131 Ge\u00e7men Nohutu, Elmal\u0131 Ya\u011f \u00c7\u00f6kele\u011fi, Elmal\u0131 Kar\u0131n Ya\u011f\u0131, Elmal\u0131 K\u0131\u015f Yo\u011furdu ile co\u011frafi i\u015faret ba\u015fvurusu yap\u0131lacak olan Elmal\u0131 Gilevgi Sar\u0131msa\u011f\u0131, Elmal\u0131 M\u00fcren Pekmezi, Ac\u0131kara \u00dcz\u00fcm\u00fc, Elmal\u0131 \u00c7obanisa Fasulyesi ve Elmal\u0131 K\u0131\u015f Kaba\u011f\u0131 Dolmas\u0131 tan\u0131t\u0131ld\u0131.<\/p>\n\n\n\n<p>Antalya Valili\u011fi \/ B\u00fclten<\/p>\n\n\n\n<p><\/p>\n","protected":false},"excerpt":{"rendered":"<p>Antalya Gastronomi Platformu\u2019nun 8\u2019inci toplant\u0131s\u0131, Antalya Valisi Hulusi \u015eahin ve e\u015fi Ebru \u015eahin\u2019in kat\u0131l\u0131m\u0131yla Elmal\u0131\u2019da ger\u00e7ekle\u015ftirildi. Antalya\u2019n\u0131n yaln\u0131zca tarihi ve do\u011fal zenginlikleriyle de\u011fil, ayn\u0131 zamanda <a href=\"https:\/\/akdenizhaber.com.tr\/index.php\/2025\/10\/06\/elmalinin-yerel-lezzetleri-tescil-yolunda\/\" class=\"read-more-link\">[more&#8230;]<\/a><\/p>\n","protected":false},"author":2,"featured_media":30202,"comment_status":"open","ping_status":"open","sticky":false,"template":"","format":"standard","meta":{"footnotes":""},"categories":[2],"tags":[],"class_list":["post-30201","post","type-post","status-publish","format-standard","has-post-thumbnail","hentry","category-gundem"],"_links":{"self":[{"href":"https:\/\/akdenizhaber.com.tr\/index.php\/wp-json\/wp\/v2\/posts\/30201","targetHints":{"allow":["GET"]}}],"collection":[{"href":"https:\/\/akdenizhaber.com.tr\/index.php\/wp-json\/wp\/v2\/posts"}],"about":[{"href":"https:\/\/akdenizhaber.com.tr\/index.php\/wp-json\/wp\/v2\/types\/post"}],"author":[{"embeddable":true,"href":"https:\/\/akdenizhaber.com.tr\/index.php\/wp-json\/wp\/v2\/users\/2"}],"replies":[{"embeddable":true,"href":"https:\/\/akdenizhaber.com.tr\/index.php\/wp-json\/wp\/v2\/comments?post=30201"}],"version-history":[{"count":1,"href":"https:\/\/akdenizhaber.com.tr\/index.php\/wp-json\/wp\/v2\/posts\/30201\/revisions"}],"predecessor-version":[{"id":30203,"href":"https:\/\/akdenizhaber.com.tr\/index.php\/wp-json\/wp\/v2\/posts\/30201\/revisions\/30203"}],"wp:featuredmedia":[{"embeddable":true,"href":"https:\/\/akdenizhaber.com.tr\/index.php\/wp-json\/wp\/v2\/media\/30202"}],"wp:attachment":[{"href":"https:\/\/akdenizhaber.com.tr\/index.php\/wp-json\/wp\/v2\/media?parent=30201"}],"wp:term":[{"taxonomy":"category","embeddable":true,"href":"https:\/\/akdenizhaber.com.tr\/index.php\/wp-json\/wp\/v2\/categories?post=30201"},{"taxonomy":"post_tag","embeddable":true,"href":"https:\/\/akdenizhaber.com.tr\/index.php\/wp-json\/wp\/v2\/tags?post=30201"}],"curies":[{"name":"wp","href":"https:\/\/api.w.org\/{rel}","templated":true}]}}