{"id":30197,"date":"2025-10-01T12:09:25","date_gmt":"2025-10-01T09:09:25","guid":{"rendered":"https:\/\/akdenizhaber.com.tr\/?p=30197"},"modified":"2025-10-01T12:09:26","modified_gmt":"2025-10-01T09:09:26","slug":"ozel-manavgat-hastanesi-genel-muduru-esref-karamizraksagliginiz-bizim-icin-onemli-muayene-ucretiniz-bizden","status":"publish","type":"post","link":"https:\/\/akdenizhaber.com.tr\/index.php\/2025\/10\/01\/ozel-manavgat-hastanesi-genel-muduru-esref-karamizraksagliginiz-bizim-icin-onemli-muayene-ucretiniz-bizden\/","title":{"rendered":"\u00d6zel Manavgat Hastanesi Genel M\u00fcd\u00fcr\u00fc E\u015fref Karam\u0131zrak;\u201cSa\u011fl\u0131\u011f\u0131n\u0131z Bizim \u0130\u00e7in \u00d6nemli Muayene \u00fccretiniz bizden\u201d"},"content":{"rendered":"\n<p><br>\u00d6zel Manavgat Hastanesi Genel M\u00fcd\u00fcr\u00fc E\u015fref Karam\u0131zrak, y\u0131llard\u0131r sa\u011fl\u0131k anlam\u0131nda Manavgat\u2019a ve kentimize gelen yabanc\u0131 turistlere en iyi bi\u00e7imde sa\u011fl\u0131k hizmeti vermenin onurunu ya\u015fad\u0131klar\u0131n\u0131 ifade ederek, hastane y\u00f6netim kurulunun alm\u0131\u015f oldu\u011fu yeni karar\u0131 Manavgatl\u0131larla payla\u015ft\u0131.<br>1 \u2013 15 Ekim tarihleri aras\u0131nda hastanenin t\u00fcm bran\u015flar\u0131nda \u00fccretsiz muayene sistemini ba\u015flatt\u0131klar\u0131n\u0131 dile getiren E\u015fref Karam\u0131zrak, \u201cHastanemiz y\u00f6netim kurulu yeni bir kararla Manavgatl\u0131 hem\u015ferilerimizin b\u00fct\u00e7elerine katk\u0131 sa\u011flamak amac\u0131yla 1 \u2013 15 Ekim tarihleri aras\u0131nda t\u00fcm bran\u015flarda \u00fccretsiz muayene sistemini hayata ge\u00e7irmi\u015f bulunmaktad\u0131r. Parolam\u0131z sa\u011fl\u0131\u011f\u0131n\u0131z\u0131 ertelemeyin, Randevunuzu hemen al\u0131n sistemi ile ba\u015flam\u0131\u015f bulunmaktad\u0131r. T\u00fcm sa\u011fl\u0131k sorunu ya\u015fayanlarla bu g\u00fczel haberi payla\u015fmaktan mutluluk duyuyor, hepinizi hastanemize bekliyoruz\u201d dedi.<br>\u00d6zel Manavgat Hastanesi Genel M\u00fcd\u00fcr\u00fc E\u015fref Karam\u0131zrak konu\u015fmas\u0131n\u0131 \u015f\u00f6yle tamamlad\u0131;<br>\u201cHastanemizde t\u00fcm bran\u015flar\u0131m\u0131zda Manavgat\u2019\u0131n de\u011ferli doktorlar\u0131 sa\u011fl\u0131k i\u00e7in hizmet vermeye devam etmektedir. Son derece teknolojik cihazlar\u0131m\u0131zla Manavgat\u2019a hizmet etmekten onur duyuyoruz.1 \u2013 15 Ekim tarihleri aras\u0131nda sa\u011fl\u0131k soru ya\u015fayan t\u00fcm Manavgatl\u0131lar\u0131 \u00fccretsiz muayene kampanyam\u0131za bekliyoruz. Randevu telefonlar\u0131m\u0131z 0242 746 55 99 ve 0543 623 35 51\u2019dir\u201d dedi.<\/p>\n\n\n\n<p>B\u00fc\u015fra Deveci\/ Haber<\/p>\n","protected":false},"excerpt":{"rendered":"<p>\u00d6zel Manavgat Hastanesi Genel M\u00fcd\u00fcr\u00fc E\u015fref Karam\u0131zrak, y\u0131llard\u0131r sa\u011fl\u0131k anlam\u0131nda Manavgat\u2019a ve kentimize gelen yabanc\u0131 turistlere en iyi bi\u00e7imde sa\u011fl\u0131k hizmeti vermenin onurunu ya\u015fad\u0131klar\u0131n\u0131 ifade <a href=\"https:\/\/akdenizhaber.com.tr\/index.php\/2025\/10\/01\/ozel-manavgat-hastanesi-genel-muduru-esref-karamizraksagliginiz-bizim-icin-onemli-muayene-ucretiniz-bizden\/\" class=\"read-more-link\">[more&#8230;]<\/a><\/p>\n","protected":false},"author":2,"featured_media":30198,"comment_status":"open","ping_status":"open","sticky":false,"template":"","format":"standard","meta":{"footnotes":""},"categories":[2],"tags":[],"class_list":["post-30197","post","type-post","status-publish","format-standard","has-post-thumbnail","hentry","category-gundem"],"_links":{"self":[{"href":"https:\/\/akdenizhaber.com.tr\/index.php\/wp-json\/wp\/v2\/posts\/30197","targetHints":{"allow":["GET"]}}],"collection":[{"href":"https:\/\/akdenizhaber.com.tr\/index.php\/wp-json\/wp\/v2\/posts"}],"about":[{"href":"https:\/\/akdenizhaber.com.tr\/index.php\/wp-json\/wp\/v2\/types\/post"}],"author":[{"embeddable":true,"href":"https:\/\/akdenizhaber.com.tr\/index.php\/wp-json\/wp\/v2\/users\/2"}],"replies":[{"embeddable":true,"href":"https:\/\/akdenizhaber.com.tr\/index.php\/wp-json\/wp\/v2\/comments?post=30197"}],"version-history":[{"count":1,"href":"https:\/\/akdenizhaber.com.tr\/index.php\/wp-json\/wp\/v2\/posts\/30197\/revisions"}],"predecessor-version":[{"id":30199,"href":"https:\/\/akdenizhaber.com.tr\/index.php\/wp-json\/wp\/v2\/posts\/30197\/revisions\/30199"}],"wp:featuredmedia":[{"embeddable":true,"href":"https:\/\/akdenizhaber.com.tr\/index.php\/wp-json\/wp\/v2\/media\/30198"}],"wp:attachment":[{"href":"https:\/\/akdenizhaber.com.tr\/index.php\/wp-json\/wp\/v2\/media?parent=30197"}],"wp:term":[{"taxonomy":"category","embeddable":true,"href":"https:\/\/akdenizhaber.com.tr\/index.php\/wp-json\/wp\/v2\/categories?post=30197"},{"taxonomy":"post_tag","embeddable":true,"href":"https:\/\/akdenizhaber.com.tr\/index.php\/wp-json\/wp\/v2\/tags?post=30197"}],"curies":[{"name":"wp","href":"https:\/\/api.w.org\/{rel}","templated":true}]}}