{"id":30176,"date":"2025-09-29T16:04:34","date_gmt":"2025-09-29T13:04:34","guid":{"rendered":"https:\/\/akdenizhaber.com.tr\/?p=30176"},"modified":"2025-09-29T16:04:34","modified_gmt":"2025-09-29T13:04:34","slug":"fotograflar-yalan-soylemez","status":"publish","type":"post","link":"https:\/\/akdenizhaber.com.tr\/index.php\/2025\/09\/29\/fotograflar-yalan-soylemez\/","title":{"rendered":"FOTO\u011eRAFLAR YALAN S\u00d6YLEMEZ!.."},"content":{"rendered":"\n<p>Resimler, foto\u011fraflar anl\u0131k d\u0131r ,poz verildi\u011fi yada foto\u011fraf makinesine yakaland\u0131\u011f\u0131 an\u0131 ya\u015fat\u0131r, \u00f6l\u00fcms\u00fczle\u015ftirir..<\/p>\n\n\n\n<p>Foto\u011fraflar de\u011ferlidir,elden ele dola\u015f\u0131r, nesilden nesile ula\u015f\u0131r..<\/p>\n\n\n\n<figure class=\"wp-block-image size-large is-resized\"><img loading=\"lazy\" decoding=\"async\" width=\"1024\" height=\"1024\" src=\"https:\/\/akdenizhaber.com.tr\/wp-content\/uploads\/2025\/09\/090ffb7f-a34a-479e-b6a7-cf96cb5f5301-1024x1024.jpg\" alt=\"\" class=\"wp-image-30177\" style=\"width:217px;height:auto\" srcset=\"https:\/\/akdenizhaber.com.tr\/wp-content\/uploads\/2025\/09\/090ffb7f-a34a-479e-b6a7-cf96cb5f5301-1024x1024.jpg 1024w, https:\/\/akdenizhaber.com.tr\/wp-content\/uploads\/2025\/09\/090ffb7f-a34a-479e-b6a7-cf96cb5f5301-300x300.jpg 300w, https:\/\/akdenizhaber.com.tr\/wp-content\/uploads\/2025\/09\/090ffb7f-a34a-479e-b6a7-cf96cb5f5301-150x150.jpg 150w, https:\/\/akdenizhaber.com.tr\/wp-content\/uploads\/2025\/09\/090ffb7f-a34a-479e-b6a7-cf96cb5f5301-768x768.jpg 768w, https:\/\/akdenizhaber.com.tr\/wp-content\/uploads\/2025\/09\/090ffb7f-a34a-479e-b6a7-cf96cb5f5301.jpg 1440w\" sizes=\"auto, (max-width: 1024px) 100vw, 1024px\" \/><\/figure>\n\n\n\n<p>Eskilerde siyah beyaz olan foto\u011fraflar zamanla renklerin i\u00e7in de bo\u011fuldu, o an ki renkler ne ise foto\u011frafa aksederek ,o renklerinde \u00f6l\u00fcms\u00fczler aras\u0131nda yer almas\u0131n\u0131 sa\u011flard\u0131..<\/p>\n\n\n\n<p>Vard\u0131r her birimizin \u00f6zenle saklad\u0131\u011f\u0131,saklay\u0131p da ; zaman zaman bu\u011fulu g\u00f6zlerle bak\u0131p da ; an\u0131 tazeledi\u011fi..<\/p>\n\n\n\n<p>Biliriz ki ,bir \u00e7ok g\u00fczel ,hatta \u00e7irkin olaylar silinmez izlerle an\u0131lar\u0131m\u0131z da ya\u015far da ;<\/p>\n\n\n\n<p>G\u00fcn gelir,o an\u0131lar\u0131 ta\u015f\u0131yanlar b\u0131rak\u0131n ge\u00e7mi\u015fi; g\u00f6z\u00fcn\u00fcn \u00f6n\u00fcndekileri bile tan\u0131mazlar..<\/p>\n\n\n\n<p>\u0130\u015fte o zaman alb\u00fcmlerde ki siyah beyaz yada renkli foto\u011fraflar \u00e7\u0131kar sahaya ve;<\/p>\n\n\n\n<p>\u201cBen buraday\u0131m, bende ya\u015fad\u0131m bir zamanlar bu d\u00fcnyada, bende aran\u0131zda idim, unuttunuz mu yoksa beni\u201d &#8230; dercesine \u00e7\u0131karlar t\u00fcm farkl\u0131l\u0131klar\u0131 ile kar\u015f\u0131m\u0131za..<\/p>\n\n\n\n<p>Ad\u0131 san\u0131 an\u0131lmaz olanlar, unutulanlard\u0131r bu foto\u011fraf da ya\u015fayanlar.<\/p>\n\n\n\n<p>Bak o\u011flum,bak k\u0131z\u0131m; bu b\u00fcy\u00fck deden,bu b\u00fcy\u00fck annen, b\u00fcy\u00fck baba annen..<\/p>\n\n\n\n<p>\u015eu kaytan b\u0131y\u0131kl\u0131 rahmetli amcam,\u015fu g\u00fczel kad\u0131n rahmetli halam&#8230;gibi s\u00f6zler \u00e7\u0131kar a\u011f\u0131zdan..<\/p>\n\n\n\n<p>Foto\u011fraflar de\u011ferlidir, foto\u011fraf demek ge\u00e7mi\u015f, ge\u00e7mi\u015fle gelecek aras\u0131nda bir k\u00f6pr\u00fcd\u00fcr..<\/p>\n\n\n\n<p>Hep ad\u0131 duyulup da ,y\u00fcz\u00fc hi\u00e7bir zaman g\u00f6r\u00fclmeyenlerin, sesleri duyulmayanlar\u0131n adeta geriye gelmeleri, zaman\u0131m\u0131za d\u00f6nmeleri, aram\u0131zda yer almalar\u0131d\u0131r..<\/p>\n\n\n\n<p>Bebeklik den,\u00e7ocukluktan , delikanl\u0131l\u0131k tan, ya\u015fl\u0131l\u0131ktan esen tatl\u0131 meltem, zal\u0131m poyrazd\u0131r foto\u011fraflar..<\/p>\n\n\n\n<p>Ya\u011fan ya\u011fmur,kar, doludur..<\/p>\n\n\n\n<p>Vay beeeee..<\/p>\n\n\n\n<p>Ben neymi\u015fim?<\/p>\n\n\n\n<p>Abi be sende az de\u011filmi\u015f sin..dedirten,bu s\u00f6zleri hatta daha fazlas\u0131n\u0131 duyurand\u0131r foto\u011fraf..<\/p>\n\n\n\n<p>Biz de gen\u00e7tik be abim, bizimde s\u0131rma gibi sa\u00e7lar\u0131m\u0131z,kaytan b\u0131y\u0131klar\u0131m\u0131z vard\u0131..<\/p>\n\n\n\n<p>Ta\u015f\u0131 s\u0131kt\u0131m m\u0131 suyunu \u00e7\u0131kart\u0131rd\u0131m..<\/p>\n\n\n\n<p>\u201cAzg\u0131n akan \u0131rmak,deli dalgalar gibiydik evvel Allah\u201d..<\/p>\n\n\n\n<p>Dedirtendir y\u0131llar sonra bak\u0131lan foto\u011fraflar.<\/p>\n\n\n\n<p>Bunlar\u0131, daha fazlas\u0131n\u0131 d\u00fc\u015f\u00fcnd\u00fcrd\u00fc, d\u00fc\u015f\u00fcnd\u00fcrd\u00fc de kaleme ald\u0131r\u0131p yazd\u0131rd\u0131 Manavgat\u2019\u0131n efsane evlad\u0131, sevgili karde\u015fim Ali G\u00fcng\u00f6r \u00fcn bu siyah beyaz ama harika foto\u011fraf\u0131.<\/p>\n\n\n\n<p>Gen\u00e7li\u011fimizin bir \u00e7ok an\u0131lar\u0131n da beraber oldu\u011fumuz bu koca y\u00fcrekli..<\/p>\n\n\n\n<p>Manavgat ve T\u00fcrkiye sevdal\u0131s\u0131 karde\u015fim, ya\u015f\u0131tlar\u0131 gibi,hak etti\u011fi mutlu ve huzurlu bir emeklili\u011fin tad\u0131n\u0131 \u00e7\u0131kar\u0131yor..<\/p>\n\n\n\n<p>Sa\u011fl\u0131kl\u0131 ve uzun \u00f6m\u00fcrler diliyorum Ali G\u00fcng\u00f6r karde\u015fim..<\/p>\n\n\n\n<p>Kal\u0131n Sa\u011fl\u0131cakla..<\/p>\n","protected":false},"excerpt":{"rendered":"<p>Resimler, foto\u011fraflar anl\u0131k d\u0131r ,poz verildi\u011fi yada foto\u011fraf makinesine yakaland\u0131\u011f\u0131 an\u0131 ya\u015fat\u0131r, \u00f6l\u00fcms\u00fczle\u015ftirir.. Foto\u011fraflar de\u011ferlidir,elden ele dola\u015f\u0131r, nesilden nesile ula\u015f\u0131r.. Eskilerde siyah beyaz olan foto\u011fraflar <a href=\"https:\/\/akdenizhaber.com.tr\/index.php\/2025\/09\/29\/fotograflar-yalan-soylemez\/\" class=\"read-more-link\">[more&#8230;]<\/a><\/p>\n","protected":false},"author":2,"featured_media":29939,"comment_status":"open","ping_status":"open","sticky":false,"template":"","format":"standard","meta":{"footnotes":""},"categories":[2],"tags":[],"class_list":["post-30176","post","type-post","status-publish","format-standard","has-post-thumbnail","hentry","category-gundem"],"_links":{"self":[{"href":"https:\/\/akdenizhaber.com.tr\/index.php\/wp-json\/wp\/v2\/posts\/30176","targetHints":{"allow":["GET"]}}],"collection":[{"href":"https:\/\/akdenizhaber.com.tr\/index.php\/wp-json\/wp\/v2\/posts"}],"about":[{"href":"https:\/\/akdenizhaber.com.tr\/index.php\/wp-json\/wp\/v2\/types\/post"}],"author":[{"embeddable":true,"href":"https:\/\/akdenizhaber.com.tr\/index.php\/wp-json\/wp\/v2\/users\/2"}],"replies":[{"embeddable":true,"href":"https:\/\/akdenizhaber.com.tr\/index.php\/wp-json\/wp\/v2\/comments?post=30176"}],"version-history":[{"count":1,"href":"https:\/\/akdenizhaber.com.tr\/index.php\/wp-json\/wp\/v2\/posts\/30176\/revisions"}],"predecessor-version":[{"id":30178,"href":"https:\/\/akdenizhaber.com.tr\/index.php\/wp-json\/wp\/v2\/posts\/30176\/revisions\/30178"}],"wp:featuredmedia":[{"embeddable":true,"href":"https:\/\/akdenizhaber.com.tr\/index.php\/wp-json\/wp\/v2\/media\/29939"}],"wp:attachment":[{"href":"https:\/\/akdenizhaber.com.tr\/index.php\/wp-json\/wp\/v2\/media?parent=30176"}],"wp:term":[{"taxonomy":"category","embeddable":true,"href":"https:\/\/akdenizhaber.com.tr\/index.php\/wp-json\/wp\/v2\/categories?post=30176"},{"taxonomy":"post_tag","embeddable":true,"href":"https:\/\/akdenizhaber.com.tr\/index.php\/wp-json\/wp\/v2\/tags?post=30176"}],"curies":[{"name":"wp","href":"https:\/\/api.w.org\/{rel}","templated":true}]}}