{"id":30170,"date":"2025-09-29T15:59:14","date_gmt":"2025-09-29T12:59:14","guid":{"rendered":"https:\/\/akdenizhaber.com.tr\/?p=30170"},"modified":"2025-09-29T15:59:15","modified_gmt":"2025-09-29T12:59:15","slug":"ornek-taksici-yarali-cocugu-hastane-yetistirdi","status":"publish","type":"post","link":"https:\/\/akdenizhaber.com.tr\/index.php\/2025\/09\/29\/ornek-taksici-yarali-cocugu-hastane-yetistirdi\/","title":{"rendered":"\u00d6rnek Taksici Yaral\u0131 \u00c7ocu\u011fu Hastane Yeti\u015ftirdi"},"content":{"rendered":"\n<p>Manavgat Garaj Takside taksicilik yapan \u0130brahim \u0130nal, yol kenar\u0131nda a\u011flayarak kolunu tutan 10 ya\u015f\u0131ndaki \u00e7ocu\u011fu fark ederek acil servise yeti\u015ftirerek \u00f6rnek bir davran\u0131\u015fta bulundu.<\/p>\n\n\n\n<p>Manavgat Sar\u0131 K\u00f6pr\u00fc civar\u0131nda a\u011flayarak y\u00fcr\u00fcyen E.\u00d6.\u2019y\u00fc g\u00f6ren taksici \u0130brahim \u0130nal, \u00e7ocu\u011fun k\u0131r\u0131lm\u0131\u015f olabilece\u011fini d\u00fc\u015f\u00fcn\u00fcp kolunu sabitledikten sonra ailesine haber verip Manavgat Devlet Hastanesi\u2019ne g\u00f6t\u00fcrd\u00fc.<\/p>\n\n\n\n<p>HASTANEDE KOLUNUN KIRIK OLDU\u011eU BEL\u0130RLEND\u0130<\/p>\n\n\n\n<p>Manavgat Devlet Hastanesi Acil Servisinde yap\u0131lan muayenede \u00e7ocu\u011fun \u00f6n kolunda k\u0131r\u0131k tespit edildi, al\u00e7\u0131ya al\u0131nd\u0131 ve ortopedi kontrol\u00fcne y\u00f6nlendirildi.<\/p>\n\n\n\n<p>BABA \u00d6Z\u2019DEN TE\u015eEKK\u00dcR<\/p>\n\n\n\n<p>\u00c7ocu\u011fun babas\u0131 Mustafa \u00d6z, taksici \u0130brahim \u0130nal&#8217;\u0131n \u00f6rnek bir davran\u0131\u015fta bulundu\u011funu belirterek, &#8220;Ne kadar te\u015fekk\u00fcr etsek az olur. Evrenseki turizm b\u00f6lgesinde i\u015fletmecilik yap\u0131yorum. \u00c7ocu\u011fumun d\u00fc\u015ft\u00fc\u011f\u00fcn\u00fc ve a\u011flad\u0131\u011f\u0131n\u0131 bir kad\u0131n aray\u0131p haber vermi\u015fti. Olay yerine gelmeye \u00e7al\u0131\u015f\u0131rken e\u015fim arayarak \u00e7ocu\u011fu bir taksicinin hastaneye g\u00f6t\u00fcrd\u00fc\u011f\u00fcn\u00fc haber verdiklerini s\u00f6yledi. Taksiciye bu \u00f6rnek davran\u0131\u015f\u0131 i\u00e7in te\u015fekk\u00fcr ediyorum. Hastaneye gitti\u011fimde kendisine para teklif ettim, kesinlikle kabul etmeyece\u011fini belirterek hastaneden ayr\u0131ld\u0131.&#8221; dedi.<\/p>\n\n\n\n<p>HASTANE \u00c7ALI\u015eANLARINA DA TE\u015eEKK\u00dcR ETT\u0130<\/p>\n\n\n\n<p>Ayr\u0131ca Manavgat Devlet Hastanesi Acil servisi \u00e7al\u0131\u015fanlar\u0131 ve hastaneye y\u00f6netimine te\u015fekk\u00fcr eden Baba \u00d6z, \u201cben gelinceye kadar \u00e7ocu\u011fumla ilgilenerek kolundaki k\u0131r\u0131\u011f\u0131 tespit edip al\u00e7\u0131ya alm\u0131\u015flar. M\u00fcdahale eden doktorlara, acil servis \u00e7al\u0131\u015fanlar\u0131na ve hastane y\u00f6netimine te\u015fekk\u00fcr ediyorum\u201d dedi<\/p>\n\n\n\n<p>\u201c\u0130NSANLIK NAMINA YAPTIM\u201d<\/p>\n\n\n\n<p>Taksici \u0130brahim \u0130nal ise &#8220;\u00c7ocu\u011fun kolunu tutarak a\u011flad\u0131\u011f\u0131n\u0131 g\u00f6r\u00fcnce k\u0131r\u0131k olabilece\u011fini d\u00fc\u015f\u00fcnd\u00fcm. Hemen kolunu sabitledim, arac\u0131ma alarak hastaneye g\u00f6t\u00fcrd\u00fcm. Bunu insanl\u0131k nam\u0131na yapt\u0131m, hi\u00e7bir beklenti i\u00e7inde de\u011fildim. \u00c7ocu\u011fa ge\u00e7mi\u015f olsun dileklerimi iletiyorum, bir an \u00f6nce iyile\u015fmesini ve ileride topluma faydal\u0131 bir birey olmas\u0131n\u0131 diliyorum.&#8221; ifadelerini kulland\u0131.<\/p>\n\n\n\n<p>Haber Merkezi<\/p>\n","protected":false},"excerpt":{"rendered":"<p>Manavgat Garaj Takside taksicilik yapan \u0130brahim \u0130nal, yol kenar\u0131nda a\u011flayarak kolunu tutan 10 ya\u015f\u0131ndaki \u00e7ocu\u011fu fark ederek acil servise yeti\u015ftirerek \u00f6rnek bir davran\u0131\u015fta bulundu. Manavgat <a href=\"https:\/\/akdenizhaber.com.tr\/index.php\/2025\/09\/29\/ornek-taksici-yarali-cocugu-hastane-yetistirdi\/\" class=\"read-more-link\">[more&#8230;]<\/a><\/p>\n","protected":false},"author":2,"featured_media":30171,"comment_status":"open","ping_status":"open","sticky":false,"template":"","format":"standard","meta":{"footnotes":""},"categories":[2],"tags":[],"class_list":["post-30170","post","type-post","status-publish","format-standard","has-post-thumbnail","hentry","category-gundem"],"_links":{"self":[{"href":"https:\/\/akdenizhaber.com.tr\/index.php\/wp-json\/wp\/v2\/posts\/30170","targetHints":{"allow":["GET"]}}],"collection":[{"href":"https:\/\/akdenizhaber.com.tr\/index.php\/wp-json\/wp\/v2\/posts"}],"about":[{"href":"https:\/\/akdenizhaber.com.tr\/index.php\/wp-json\/wp\/v2\/types\/post"}],"author":[{"embeddable":true,"href":"https:\/\/akdenizhaber.com.tr\/index.php\/wp-json\/wp\/v2\/users\/2"}],"replies":[{"embeddable":true,"href":"https:\/\/akdenizhaber.com.tr\/index.php\/wp-json\/wp\/v2\/comments?post=30170"}],"version-history":[{"count":1,"href":"https:\/\/akdenizhaber.com.tr\/index.php\/wp-json\/wp\/v2\/posts\/30170\/revisions"}],"predecessor-version":[{"id":30172,"href":"https:\/\/akdenizhaber.com.tr\/index.php\/wp-json\/wp\/v2\/posts\/30170\/revisions\/30172"}],"wp:featuredmedia":[{"embeddable":true,"href":"https:\/\/akdenizhaber.com.tr\/index.php\/wp-json\/wp\/v2\/media\/30171"}],"wp:attachment":[{"href":"https:\/\/akdenizhaber.com.tr\/index.php\/wp-json\/wp\/v2\/media?parent=30170"}],"wp:term":[{"taxonomy":"category","embeddable":true,"href":"https:\/\/akdenizhaber.com.tr\/index.php\/wp-json\/wp\/v2\/categories?post=30170"},{"taxonomy":"post_tag","embeddable":true,"href":"https:\/\/akdenizhaber.com.tr\/index.php\/wp-json\/wp\/v2\/tags?post=30170"}],"curies":[{"name":"wp","href":"https:\/\/api.w.org\/{rel}","templated":true}]}}