{"id":30169,"date":"2025-09-29T16:03:48","date_gmt":"2025-09-29T13:03:48","guid":{"rendered":"https:\/\/akdenizhaber.com.tr\/?p=30169"},"modified":"2025-09-29T16:03:48","modified_gmt":"2025-09-29T13:03:48","slug":"manavgat-kiyilari-icin-mavi-hareket-dediler-harekete-gectiler","status":"publish","type":"post","link":"https:\/\/akdenizhaber.com.tr\/index.php\/2025\/09\/29\/manavgat-kiyilari-icin-mavi-hareket-dediler-harekete-gectiler\/","title":{"rendered":"Manavgat K\u0131y\u0131lar\u0131 \u0130\u00e7in Mavi Hareket Dediler Harekete Ge\u00e7tiler"},"content":{"rendered":"\n<p>27.09.2025 Cumartesi g\u00fcn\u00fc Manavgat Sorgun Bo\u011faz sahilinde, DEKAFOK K\u0131y\u0131 Koruma Derne\u011fi<br>ve Manavgat \u0130l\u00e7e Gen\u00e7lik ve Spor M\u00fcd\u00fcrl\u00fc\u011f\u00fc i\u015f birli\u011finde, Avrupa Birli\u011fi taraf\u0131ndan finanse<br>edilen Mavi Hareket Gen\u00e7lerle K\u0131y\u0131lar\u0131 Koruma Dayan\u0131\u015fmas\u0131 projesi kapsam\u0131nda d\u00fczenlenen<br>Mavi Hareket Ko\u015fusu, k\u0131y\u0131lar\u0131n gelece\u011fe ta\u015f\u0131nmas\u0131 ve korunmas\u0131 konusunda fark\u0131ndal\u0131k<br>olu\u015fturmak amac\u0131yla ger\u00e7ekle\u015ftirildi.<br>Manavgat k\u0131y\u0131lar\u0131n\u0131n ve k\u0131y\u0131 biyo\u00e7e\u015fitlili\u011finin gelece\u011fe ta\u015f\u0131nmas\u0131 i\u00e7in 5 y\u0131ld\u0131r istikrarl\u0131 \u015fekilde<br>\u00e7al\u0131\u015fmalar\u0131n\u0131 s\u00fcrd\u00fcren DEKAFOK K\u0131y\u0131 Koruma Derne\u011fi\u2019nin y\u00fcr\u00fct\u00fcc\u00fcs\u00fc oldu\u011fu Mavi Hareket<br>projesi kapsam\u0131nda k\u0131y\u0131lar\u0131n korunmas\u0131na dikkat \u00e7ekmek amac\u0131yla Mavi Hareket Ko\u015fusu<br>d\u00fczenlendi. Manavgat \u0130l\u00e7e Gen\u00e7lik ve Spor M\u00fcd\u00fcrl\u00fc\u011f\u00fc\u2019n\u00fcn destek verdi\u011fi halk ko\u015fusuna<br>Manavgat\u2019ta ya\u015fayan 7\u2019den 70\u2019e 100\u2019den fazla ko\u015fucu kat\u0131ld\u0131.<br>Kat\u0131lanlara \u00e7e\u015fitli hediyeler ve ikramlar\u0131n sunuldu\u011fu etkinlikte DEKAFOK ba\u015fkan\u0131 Seher AKYOL,<br>Manavgat k\u0131y\u0131lar\u0131n\u0131n e\u015fsiz t\u00fcrleri olan deniz kaplumba\u011falar\u0131, Akdeniz foklar\u0131 ve kum zambaklar\u0131<br>hakk\u0131nda bilgilendirmelerde bulundu.<br>DEKAFOK ba\u015fkan\u0131 Seher AKYOL etkinlikle ilgili olarak, \u201c65 kilometrelik sahilimiz var ancak ne<br>kadar\u0131na sahip \u00e7\u0131k\u0131yoruz? DEKAFOK gibi sivil toplum kurulu\u015flar\u0131 d\u00fczenli olarak \u00e7al\u0131\u015fmalarda<br>bulunuyor ancak halk yan\u0131m\u0131zda olmazsa bunu asla ba\u015faramay\u0131z. Bunun bilincinde olarak<br>s\u00fcrekli yapt\u0131\u011f\u0131m\u0131z temizlik etkinliklerinden farkl\u0131 olsun diye bu sefer bir halk ko\u015fusu etkinli\u011fi<br>planlad\u0131k ve \u00e7ok \u015f\u00fck\u00fcr sorunsuz \u015fekilde tamamlad\u0131k. Etkinli\u011fin Avrupa Spor Haftas\u0131na denk<br>gelmesi sebebiyle de ayr\u0131ca mutluyuz. Manavgat ad\u0131n\u0131n, y\u00f6n\u00fcn\u00fc ayd\u0131nl\u0131\u011fa d\u00f6nen bu t\u00fcr<br>etkinliklerle an\u0131lmas\u0131 i\u00e7in \u00e7aba g\u00f6steriyoruz ve vatanda\u015f\u0131n da bizim yan\u0131m\u0131zda olmas\u0131 bize g\u00fc\u00e7<br>veriyor. Ba\u015fta say\u0131n kaymakam\u0131m\u0131z Adil Karata\u015f, Gen\u00e7lik ve Spor M\u00fcd\u00fcr\u00fcm\u00fcz S\u00fcleyman<br>Karakaya ve \u0130l\u00e7e Jandarma Komutanl\u0131\u011f\u0131m\u0131z olmak \u00fczere t\u00fcm kamu kurumlar\u0131m\u0131z\u0131n deste\u011fi i\u00e7in<br>de ayr\u0131ca minnettar\u0131z.\u201d dedi.<br>E\u015fsiz k\u0131y\u0131lar\u0131n gelecek nesillere miras kalmas\u0131 amac\u0131yla d\u00fczenlenen bu t\u00fcr etkinliklere olan<br>vatanda\u015f ilgisinin, k\u0131y\u0131lardaki kirlili\u011fe de olumlu y\u00f6nde katk\u0131 sa\u011flamas\u0131 bekleniyor<\/p>\n\n\n\n<p>Haber Merkezi<\/p>\n\n\n\n<p><\/p>\n","protected":false},"excerpt":{"rendered":"<p>27.09.2025 Cumartesi g\u00fcn\u00fc Manavgat Sorgun Bo\u011faz sahilinde, DEKAFOK K\u0131y\u0131 Koruma Derne\u011five Manavgat \u0130l\u00e7e Gen\u00e7lik ve Spor M\u00fcd\u00fcrl\u00fc\u011f\u00fc i\u015f birli\u011finde, Avrupa Birli\u011fi taraf\u0131ndan finanseedilen Mavi Hareket <a href=\"https:\/\/akdenizhaber.com.tr\/index.php\/2025\/09\/29\/manavgat-kiyilari-icin-mavi-hareket-dediler-harekete-gectiler\/\" class=\"read-more-link\">[more&#8230;]<\/a><\/p>\n","protected":false},"author":2,"featured_media":30174,"comment_status":"open","ping_status":"open","sticky":false,"template":"","format":"standard","meta":{"footnotes":""},"categories":[2],"tags":[],"class_list":["post-30169","post","type-post","status-publish","format-standard","has-post-thumbnail","hentry","category-gundem"],"_links":{"self":[{"href":"https:\/\/akdenizhaber.com.tr\/index.php\/wp-json\/wp\/v2\/posts\/30169","targetHints":{"allow":["GET"]}}],"collection":[{"href":"https:\/\/akdenizhaber.com.tr\/index.php\/wp-json\/wp\/v2\/posts"}],"about":[{"href":"https:\/\/akdenizhaber.com.tr\/index.php\/wp-json\/wp\/v2\/types\/post"}],"author":[{"embeddable":true,"href":"https:\/\/akdenizhaber.com.tr\/index.php\/wp-json\/wp\/v2\/users\/2"}],"replies":[{"embeddable":true,"href":"https:\/\/akdenizhaber.com.tr\/index.php\/wp-json\/wp\/v2\/comments?post=30169"}],"version-history":[{"count":1,"href":"https:\/\/akdenizhaber.com.tr\/index.php\/wp-json\/wp\/v2\/posts\/30169\/revisions"}],"predecessor-version":[{"id":30175,"href":"https:\/\/akdenizhaber.com.tr\/index.php\/wp-json\/wp\/v2\/posts\/30169\/revisions\/30175"}],"wp:featuredmedia":[{"embeddable":true,"href":"https:\/\/akdenizhaber.com.tr\/index.php\/wp-json\/wp\/v2\/media\/30174"}],"wp:attachment":[{"href":"https:\/\/akdenizhaber.com.tr\/index.php\/wp-json\/wp\/v2\/media?parent=30169"}],"wp:term":[{"taxonomy":"category","embeddable":true,"href":"https:\/\/akdenizhaber.com.tr\/index.php\/wp-json\/wp\/v2\/categories?post=30169"},{"taxonomy":"post_tag","embeddable":true,"href":"https:\/\/akdenizhaber.com.tr\/index.php\/wp-json\/wp\/v2\/tags?post=30169"}],"curies":[{"name":"wp","href":"https:\/\/api.w.org\/{rel}","templated":true}]}}