{"id":30163,"date":"2025-09-29T15:56:16","date_gmt":"2025-09-29T12:56:16","guid":{"rendered":"https:\/\/akdenizhaber.com.tr\/?p=30163"},"modified":"2025-09-29T15:56:17","modified_gmt":"2025-09-29T12:56:17","slug":"tff-plaj-futbolu-ligi-manavgat-etabi-sampiyonu-cimhan-sarilarspor-oldu","status":"publish","type":"post","link":"https:\/\/akdenizhaber.com.tr\/index.php\/2025\/09\/29\/tff-plaj-futbolu-ligi-manavgat-etabi-sampiyonu-cimhan-sarilarspor-oldu\/","title":{"rendered":"TFF Plaj Futbolu Ligi Manavgat Etab\u0131 \u015eampiyonu \u00c7imhan Sar\u0131larspor Oldu"},"content":{"rendered":"\n<p>2025 TFF Plaj Futbolu Ligi Manavgat Belediyesi Etab\u0131, 25-26-27 Eyl\u00fcl tarihlerinde Sorgun Bo\u011faz Hotel Beach Futbol Sahas\u0131\u2019nda ger\u00e7ekle\u015ftirildi. \u00dc\u00e7 g\u00fcn boyunca devam eden turnuva, Manavgatl\u0131 sporseverlerden b\u00fcy\u00fck ilgi g\u00f6rd\u00fc.<\/p>\n\n\n\n<p>Final kar\u015f\u0131la\u015fmas\u0131nda \u00c7imhan Sar\u0131larspor, g\u00fc\u00e7l\u00fc rakibi \u00c7oraman Yat\u00e7\u0131l\u0131k Sar\u0131larspor\u2019u 2-1 ma\u011flup ederek turnuvan\u0131n \u015fampiyonu oldu. Final m\u00fcsabakas\u0131n\u0131 Belediye Ba\u015fkan Vekili Av. Mehmet \u00c7i\u00e7ek\u2019in yan\u0131 s\u0131ra belediye ba\u015fkan yard\u0131mc\u0131lar\u0131, belediye meclis \u00fcyeleri, oda ba\u015fkanlar\u0131, STK temsilcileri, bas\u0131n mensuplar\u0131 ve \u00e7ok say\u0131da vatanda\u015f takip etti.<\/p>\n\n\n\n<p>Turnuvada \u00fc\u00e7\u00fcnc\u00fcl\u00fck k\u00fcrs\u00fcs\u00fcne Kardelenspor Bat\u0131 Koleji \u00e7\u0131kt\u0131. Ayr\u0131ca Kardelenspor Bat\u0131 Koleji, g\u00f6sterdi\u011fi sportmenlik nedeniyle turnuvan\u0131n \u201cEn Centilmen Tak\u0131m\u0131\u201d se\u00e7ildi.<\/p>\n\n\n\n<p>Bireysel \u00f6d\u00fcllerde ise dikkat \u00e7eken isimler vard\u0131. \u00c7imhan Sar\u0131larspor\u2019dan Serkan Banazl\u0131, \u201cEn \u0130yi Kaleci\u201d \u00f6d\u00fcl\u00fcne lay\u0131k g\u00f6r\u00fcld\u00fc. Gol krall\u0131\u011f\u0131 yar\u0131\u015f\u0131nda ise tam d\u00f6rt futbolcu 3\u2019er golle zirveyi payla\u015ft\u0131: Oliver Ramring (\u00c7imhan Sar\u0131larspor), \u00d6zcan Kocaman (\u00c7imhan Sar\u0131larspor), Serkan Kamalak (Kardelenspor Bat\u0131 Koleji), Orhan Mamadov (\u00c7oraman Yat\u00e7\u0131l\u0131k Sar\u0131larspor)<\/p>\n\n\n\n<p>\u015eampiyon \u00c7imhan Sar\u0131larspor\u2019a kupa ve madalyalar\u0131, Manavgat Belediye Ba\u015fkan Vekili Av. Mehmet \u00c7i\u00e7ek taraf\u0131ndan takdim edildi. Kupa t\u00f6reninde bir konu\u015fma yapan Belediye Ba\u015fkan Vekili Av. Mehmet \u00c7i\u00e7ek, sporun Manavgat i\u00e7in \u00f6nemine vurgu yaparak \u015funlar\u0131 s\u00f6yledi:<br>&nbsp;\u201cManavgat Belediyesi olarak spora ve sporcular\u0131m\u0131za her zaman destek vermeye devam edece\u011fiz. Plaj futbolu turnuvam\u0131z, hem sporun yayg\u0131nla\u015fmas\u0131 hem de kentimizin sosyal hayat\u0131na renk katmas\u0131 a\u00e7\u0131s\u0131ndan \u00e7ok de\u011ferli bir organizasyon oldu. T\u00fcm tak\u0131mlar\u0131m\u0131za, eme\u011fi ge\u00e7en \u00e7al\u0131\u015fma arkada\u015flar\u0131m\u0131za ve trib\u00fcnleri doldurarak heyecan\u0131m\u0131za ortak olan vatanda\u015flar\u0131m\u0131za te\u015fekk\u00fcr ediyorum.\u201d<\/p>\n\n\n\n<p>\u00dc\u00e7 g\u00fcn boyunca k\u0131yas\u0131ya m\u00fccadelelere sahne olan turnuvada, Manavgatl\u0131 sporseverler plaj futbolunun co\u015fkusunu doyas\u0131ya ya\u015fad\u0131.<\/p>\n\n\n\n<p>Manavgat Belediyesi \/ B\u00fclten<\/p>\n","protected":false},"excerpt":{"rendered":"<p>2025 TFF Plaj Futbolu Ligi Manavgat Belediyesi Etab\u0131, 25-26-27 Eyl\u00fcl tarihlerinde Sorgun Bo\u011faz Hotel Beach Futbol Sahas\u0131\u2019nda ger\u00e7ekle\u015ftirildi. \u00dc\u00e7 g\u00fcn boyunca devam eden turnuva, Manavgatl\u0131 <a href=\"https:\/\/akdenizhaber.com.tr\/index.php\/2025\/09\/29\/tff-plaj-futbolu-ligi-manavgat-etabi-sampiyonu-cimhan-sarilarspor-oldu\/\" class=\"read-more-link\">[more&#8230;]<\/a><\/p>\n","protected":false},"author":2,"featured_media":30166,"comment_status":"open","ping_status":"open","sticky":false,"template":"","format":"standard","meta":{"footnotes":""},"categories":[2],"tags":[],"class_list":["post-30163","post","type-post","status-publish","format-standard","has-post-thumbnail","hentry","category-gundem"],"_links":{"self":[{"href":"https:\/\/akdenizhaber.com.tr\/index.php\/wp-json\/wp\/v2\/posts\/30163","targetHints":{"allow":["GET"]}}],"collection":[{"href":"https:\/\/akdenizhaber.com.tr\/index.php\/wp-json\/wp\/v2\/posts"}],"about":[{"href":"https:\/\/akdenizhaber.com.tr\/index.php\/wp-json\/wp\/v2\/types\/post"}],"author":[{"embeddable":true,"href":"https:\/\/akdenizhaber.com.tr\/index.php\/wp-json\/wp\/v2\/users\/2"}],"replies":[{"embeddable":true,"href":"https:\/\/akdenizhaber.com.tr\/index.php\/wp-json\/wp\/v2\/comments?post=30163"}],"version-history":[{"count":1,"href":"https:\/\/akdenizhaber.com.tr\/index.php\/wp-json\/wp\/v2\/posts\/30163\/revisions"}],"predecessor-version":[{"id":30167,"href":"https:\/\/akdenizhaber.com.tr\/index.php\/wp-json\/wp\/v2\/posts\/30163\/revisions\/30167"}],"wp:featuredmedia":[{"embeddable":true,"href":"https:\/\/akdenizhaber.com.tr\/index.php\/wp-json\/wp\/v2\/media\/30166"}],"wp:attachment":[{"href":"https:\/\/akdenizhaber.com.tr\/index.php\/wp-json\/wp\/v2\/media?parent=30163"}],"wp:term":[{"taxonomy":"category","embeddable":true,"href":"https:\/\/akdenizhaber.com.tr\/index.php\/wp-json\/wp\/v2\/categories?post=30163"},{"taxonomy":"post_tag","embeddable":true,"href":"https:\/\/akdenizhaber.com.tr\/index.php\/wp-json\/wp\/v2\/tags?post=30163"}],"curies":[{"name":"wp","href":"https:\/\/api.w.org\/{rel}","templated":true}]}}