{"id":30160,"date":"2025-09-29T15:54:32","date_gmt":"2025-09-29T12:54:32","guid":{"rendered":"https:\/\/akdenizhaber.com.tr\/?p=30160"},"modified":"2025-09-29T15:54:33","modified_gmt":"2025-09-29T12:54:33","slug":"iyi-parti-ibradi-kongresinde-selcuk-yamansoya-guvenoyu-91-yasinda-dervisogluyla-sipere","status":"publish","type":"post","link":"https:\/\/akdenizhaber.com.tr\/index.php\/2025\/09\/29\/iyi-parti-ibradi-kongresinde-selcuk-yamansoya-guvenoyu-91-yasinda-dervisogluyla-sipere\/","title":{"rendered":"\u0130Y\u0130 Parti \u0130brad\u0131 Kongresinde Sel\u00e7uk Yamansoy\u2019a g\u00fcvenoyu 91 Ya\u015f\u0131nda, Dervi\u015fo\u011flu\u2019yla sipere!"},"content":{"rendered":"\n<p><\/p>\n\n\n\n<p>\u0130Y\u0130 Parti \u0130brad\u0131 3. Ola\u011fan \u0130l\u00e7e Kongresi\u2019nde delegelerin g\u00fcven oyunu alan Sel\u00e7uk Yamansoy yeniden \u0130l\u00e7e Ba\u015fkanl\u0131\u011f\u0131na se\u00e7ildi.<\/p>\n\n\n\n<p>Muammer Aksoy K\u00fclt\u00fcr Evinde yap\u0131lan kongreye \u0130Y\u0130 Parti Antalya \u0130l Ba\u015fkan Yard\u0131mc\u0131s\u0131 M.\u015e\u00fckr\u00fc M\u0131s\u0131rl\u0131, Akseki \u0130l\u00e7e Ba\u015fkan\u0131 Ali Kartal, G\u00fcndo\u011fmu\u015f \u0130l\u00e7e Ba\u015fkan\u0131 Emir Ali \u00c7atalkaya, Demre \u0130l\u00e7e Ba\u015fkan\u0131 H\u00fcseyin Erol, D\u00f6\u015femealt\u0131 \u0130l\u00e7e Ba\u015fkan\u0131 Ali \u00d6zbey, Ka\u015f \u0130l\u00e7e Ba\u015fkan\u0131 Mehmet Okral\u0131 ile Siyasi Partilerin temsilcileri ve delegeler kat\u0131ld\u0131.<\/p>\n\n\n\n<p>Divan Ba\u015fkanl\u0131\u011f\u0131na se\u00e7ilen \u0130Y\u0130 Parti \u0130l Ba\u015fkan Yard\u0131mc\u0131s\u0131 M.\u015e\u00fckr\u00fc M\u0131s\u0131rl\u0131 kongrenin a\u00e7\u0131l\u0131\u015f\u0131nda yapt\u0131\u011f\u0131 konu\u015fmada \u0130Y\u0130 Parti\u2019nin M\u00fcsavat Dervi\u015fo\u011flu liderli\u011finde ger\u00e7ekle\u015ftirece\u011fi 4. B\u00fcy\u00fck kongresinin iktidara y\u00fcr\u00fcy\u00fc\u015f kongresi olaca\u011f\u0131n\u0131 belirterek; \u2018\u2019Gazipa\u015fa\u2019dan, Ka\u015f\u2019a Antalya\u2019m\u0131zda, Edirne\u2019den, Kars\u2019a T\u00fcrkiye\u2019mizde ger\u00e7ekle\u015ftirilen kongrelerimizle \u0130Y\u0130 ve Cesurlar hareketinin iktidar y\u00fcr\u00fcy\u00fc\u015f\u00fc ba\u015flam\u0131\u015ft\u0131r. 23 y\u0131ll\u0131k iktidar\u0131n sebep oldu\u011fu sosyal ve ekonomik sorunlar\u0131 \u0130Y\u0130 Parti kadrolar\u0131 \u00e7\u00f6zecektir. Emeklisiyle, \u0130\u015f\u00e7isiyle, K\u00f6yl\u00fcs\u00fcyle, Memuruyla, Milletimizin dertlerini ve \u00e7\u00f6z\u00fcm yollar\u0131n\u0131 \u00e7ok iyi biliyoruz \u0130Y\u0130 Parti gelecek t\u00fcm dertler bitecek\u2019\u2019 \u015feklinde konu\u015ftu.<\/p>\n\n\n\n<p>\u0130Y\u0130 Parti \u0130brad\u0131 \u0130l\u00e7e Kongresinde dikkat \u00e7eken bir geli\u015fme de ya\u015fand\u0131. Kongre salonunda bulunan 1935 do\u011fumlu Yurdag\u00fcl Ayhan Bi\u00e7en, s\u00f6z isteyerek; &#8221;T\u00fcrkiye&#8217;nin i\u00e7inde bulundu\u011fu s\u0131k\u0131nt\u0131lar\u0131 cesaretle dile getiren tek liderin M\u00fcsavat Dervi\u015fo\u011flu oldu\u011funu g\u00f6r\u00fcyoruz. Kendisini uzun bir zamand\u0131r ilgiyle ve takdirle izliyorum. M\u00fcsavat Bey, T\u00fcrk Milletine bir \u00e7a\u011fr\u0131 yapm\u0131\u015ft\u0131. Kuvva-i Milliye ruhuyla kazd\u0131\u011f\u0131 siperde vatan m\u00fcdafaas\u0131 yapt\u0131\u011f\u0131n\u0131 ve \u00e7a\u011fr\u0131s\u0131na uymak isteyen herkesi yan\u0131nda saf tutmaya davet etti\u011fini s\u00f6ylemi\u015fti. Ben de bu davete icabet ederek, M\u00fcsavat Bey\u2019in kazd\u0131\u011f\u0131 siperde yan\u0131nda saf tutmak \u00fczere \u0130Y\u0130 Parti&#8217;ye kat\u0131l\u0131yorum&#8221; dedi.<\/p>\n\n\n\n<p>91 ya\u015f\u0131ndaki Yurdag\u00fcl Ayhan Bi\u00e7en\u2019in bu s\u00f6zleri kongre salonunu dolduranlar taraf\u0131ndan dakikalarca ayakta alk\u0131\u015fland\u0131.<\/p>\n\n\n\n<p>\u0130Y\u0130 Parti \u0130brad\u0131 3. Ola\u011fan Kongresinde se\u00e7ime tek liste ile giren mevcut Ba\u015fkan Sel\u00e7uk Yamansoy delegelerden g\u00fcvenoyu olarak yeniden \u0130l\u00e7e Ba\u015fkan\u0131 se\u00e7ildi. Sel\u00e7uk Yamansoy\u2019un Ba\u015fkanl\u0131\u011f\u0131nda olu\u015fan \u0130Y\u0130 Parti \u0130l\u00e7e Y\u00f6netim Kurulu \u015fu isimlerden olu\u015ftu:<\/p>\n\n\n\n<p>Y\u00d6NET\u0130M KURULU ASIL \u00dcYELER:<\/p>\n\n\n\n<p>Engin BA\u015e<\/p>\n\n\n\n<p>Halil KESK\u0130N<\/p>\n\n\n\n<p>Kaz\u0131m \u00dcLKER<\/p>\n\n\n\n<p>Durmu\u015f \u00d6ZDEM\u0130R<\/p>\n\n\n\n<p>Cengiz B\u0130LGEN<\/p>\n\n\n\n<p>Sadiye YILMAZSOY<\/p>\n\n\n\n<p>Mustafa SONG\u00dcR<\/p>\n\n\n\n<p>Selahattin SERTO\u011eLU<\/p>\n\n\n\n<p>Ferhat SOYDEM\u0130R<\/p>\n\n\n\n<p>Ali Mesut KORKMAZ<\/p>\n\n\n\n<p>Erdin\u00e7 AVCU<\/p>\n\n\n\n<p>Z\u00fclk\u00fcf \u00d6ZT\u00dcRK<\/p>\n\n\n\n<p>Galip D\u00dcZENL\u0130<\/p>\n\n\n\n<p>Furkan ERTEK\u0130N<\/p>\n\n\n\n<p>Saadet G\u00dcNEBAK<\/p>\n\n\n\n<p>Y\u00d6NET\u0130M KURULU YEDEK \u00dcYELER:<\/p>\n\n\n\n<p>Hatice YAMANSOY<\/p>\n\n\n\n<p>Song\u00fcl SONG\u00dcR<\/p>\n\n\n\n<p>Ert\u00fcrk MACAR<\/p>\n\n\n\n<p>Arife YAMANSOY<\/p>\n\n\n\n<p>Erdem ERTEK\u0130N<\/p>\n\n\n\n<p>Haber Merkezi<\/p>\n","protected":false},"excerpt":{"rendered":"<p>\u0130Y\u0130 Parti \u0130brad\u0131 3. Ola\u011fan \u0130l\u00e7e Kongresi\u2019nde delegelerin g\u00fcven oyunu alan Sel\u00e7uk Yamansoy yeniden \u0130l\u00e7e Ba\u015fkanl\u0131\u011f\u0131na se\u00e7ildi. Muammer Aksoy K\u00fclt\u00fcr Evinde yap\u0131lan kongreye \u0130Y\u0130 Parti <a href=\"https:\/\/akdenizhaber.com.tr\/index.php\/2025\/09\/29\/iyi-parti-ibradi-kongresinde-selcuk-yamansoya-guvenoyu-91-yasinda-dervisogluyla-sipere\/\" class=\"read-more-link\">[more&#8230;]<\/a><\/p>\n","protected":false},"author":2,"featured_media":30161,"comment_status":"open","ping_status":"open","sticky":false,"template":"","format":"standard","meta":{"footnotes":""},"categories":[2],"tags":[],"class_list":["post-30160","post","type-post","status-publish","format-standard","has-post-thumbnail","hentry","category-gundem"],"_links":{"self":[{"href":"https:\/\/akdenizhaber.com.tr\/index.php\/wp-json\/wp\/v2\/posts\/30160","targetHints":{"allow":["GET"]}}],"collection":[{"href":"https:\/\/akdenizhaber.com.tr\/index.php\/wp-json\/wp\/v2\/posts"}],"about":[{"href":"https:\/\/akdenizhaber.com.tr\/index.php\/wp-json\/wp\/v2\/types\/post"}],"author":[{"embeddable":true,"href":"https:\/\/akdenizhaber.com.tr\/index.php\/wp-json\/wp\/v2\/users\/2"}],"replies":[{"embeddable":true,"href":"https:\/\/akdenizhaber.com.tr\/index.php\/wp-json\/wp\/v2\/comments?post=30160"}],"version-history":[{"count":1,"href":"https:\/\/akdenizhaber.com.tr\/index.php\/wp-json\/wp\/v2\/posts\/30160\/revisions"}],"predecessor-version":[{"id":30162,"href":"https:\/\/akdenizhaber.com.tr\/index.php\/wp-json\/wp\/v2\/posts\/30160\/revisions\/30162"}],"wp:featuredmedia":[{"embeddable":true,"href":"https:\/\/akdenizhaber.com.tr\/index.php\/wp-json\/wp\/v2\/media\/30161"}],"wp:attachment":[{"href":"https:\/\/akdenizhaber.com.tr\/index.php\/wp-json\/wp\/v2\/media?parent=30160"}],"wp:term":[{"taxonomy":"category","embeddable":true,"href":"https:\/\/akdenizhaber.com.tr\/index.php\/wp-json\/wp\/v2\/categories?post=30160"},{"taxonomy":"post_tag","embeddable":true,"href":"https:\/\/akdenizhaber.com.tr\/index.php\/wp-json\/wp\/v2\/tags?post=30160"}],"curies":[{"name":"wp","href":"https:\/\/api.w.org\/{rel}","templated":true}]}}