{"id":30159,"date":"2025-09-29T15:56:29","date_gmt":"2025-09-29T12:56:29","guid":{"rendered":"https:\/\/akdenizhaber.com.tr\/?p=30159"},"modified":"2025-09-29T15:56:30","modified_gmt":"2025-09-29T12:56:30","slug":"denizler-korunuyor-esnaf-rahat-ediyor","status":"publish","type":"post","link":"https:\/\/akdenizhaber.com.tr\/index.php\/2025\/09\/29\/denizler-korunuyor-esnaf-rahat-ediyor\/","title":{"rendered":"Denizler korunuyor esnaf rahat ediyor"},"content":{"rendered":"\n<p>Antalya B\u00fcy\u00fck\u015fehir Belediyesi, her y\u0131l milyonlarca yerli ve yabanc\u0131 misafire ev sahipli\u011fi yapan Akdeniz sahillerini temiz tutmak amac\u0131yla \u00e7al\u0131\u015fmalar\u0131n\u0131 yo\u011fun bir \u015fekilde s\u00fcrd\u00fcr\u00fcyor. B\u00fcy\u00fck\u015fehir Belediyesi, at\u0131k su, sintine ve ya\u011f gibi at\u0131klar\u0131n bo\u015falt\u0131lmas\u0131 i\u00e7in 8\u2019inci Gemi At\u0131k Al\u0131m Tesisi\u2019ni Serik Ac\u0131su\u2019da hizmete sundu.<\/p>\n\n\n\n<p>Antalya B\u00fcy\u00fck\u015fehir Belediyesi Deniz ve K\u0131y\u0131 Y\u00f6netimi \u015eube M\u00fcd\u00fcrl\u00fc\u011f\u00fc, deniz ve k\u0131y\u0131lar\u0131n korunmas\u0131 i\u00e7in yo\u011fun mesaisini s\u00fcrd\u00fcr\u00fcyor. Antalya K\u00f6rfezi deniz sorumluluk alanlar\u0131nda deniz ara\u00e7lar\u0131n\u0131 denetleyen ekipler, gemi at\u0131k al\u0131m tesisleri ile de Akdeniz\u2019in mas mavi sular\u0131n\u0131n temiz kalmas\u0131 i\u00e7in \u00e7al\u0131\u015fmalar\u0131n\u0131 ger\u00e7ekle\u015ftiriyor.&nbsp;<\/p>\n\n\n\n<p>ATIK ALIM TES\u0130S\u0130 SAYISI 8\u2019E \u00c7IKTI<\/p>\n\n\n\n<p>Antalya\u2019da deniz trafi\u011finin yo\u011fun oldu\u011fu noktalara kazand\u0131r\u0131lan at\u0131k al\u0131m tesisleri ile deniz ara\u00e7lar\u0131n\u0131n at\u0131k suyu, sintine ve at\u0131k ya\u011flar\u0131 modern \u015fartlarda toplan\u0131yor. B\u00fcy\u00fck\u015fehir Belediyesi, mevcut al\u0131m tesislerine ek Serik Belek Ac\u0131su\u2019da tamamlad\u0131\u011f\u0131 tesisle kurdu\u011fu gemi at\u0131k al\u0131m tesisi say\u0131s\u0131n\u0131 8\u2019e \u00e7\u0131kartt\u0131.<\/p>\n\n\n\n<p>SER\u0130K ACISU\u2019YA SON TEKNOLOJ\u0130 TES\u0130S<\/p>\n\n\n\n<p>Antalya\u2019da toplam 21 at\u0131k al\u0131m tesisi bulundu\u011funu belirten B\u00fcy\u00fck\u015fehir Belediyesi Deniz ve K\u0131y\u0131 Y\u00f6netimi \u015eube M\u00fcd\u00fcr\u00fc Dr. Mustafa Y\u0131ld\u0131r\u0131m, bunlardan 8\u2019inin B\u00fcy\u00fck\u015fehir Belediyesi taraf\u0131ndan kuruldu\u011funu s\u00f6yledi. Aksu ve Serik b\u00f6lgesinde deniz ara\u00e7lar\u0131n\u0131n at\u0131k aktar\u0131m\u0131 i\u00e7in Kalei\u00e7i\u2019ne gitmek zorunda kald\u0131klar\u0131n\u0131 hat\u0131rlatan Y\u0131ld\u0131r\u0131m, \u201cBu ihtiyac\u0131 kar\u015f\u0131lamak i\u00e7in iki tesis in\u015fa ettik. Ge\u00e7en y\u0131l Aksu\u2019da hizmete giren tesisin ard\u0131ndan Serik Belek Ac\u0131su\u2019da da son teknoloji bir tesisi hayata ge\u00e7irdik. Bu sayede hem ekonomik hem de zaman a\u00e7\u0131s\u0131ndan b\u00f6lgedeki teknelere b\u00fcy\u00fck fayda sa\u011fl\u0131yoruz\u201d dedi.<\/p>\n\n\n\n<p>ESNAFA ZAMAN VE MAL\u0130YET AVANTAJI&nbsp;<\/p>\n\n\n\n<p>Bo\u011fazkent Bal\u0131k\u00e7\u0131lar Kooperatifi Ba\u015fkan\u0131 ve Bo\u011fazkent Mahallesi Muhtar\u0131 \u00d6zkan Uysal, tesisin b\u00f6lge i\u00e7in \u00f6nemini \u015fu s\u00f6zlerle ifade etti: \u201cManavgat ve Aksu\u2019daki tesislere gitmek hem maliyet hem zaman kayb\u0131 yarat\u0131yordu. \u0130l\u00e7emize kazand\u0131r\u0131lan bu tesis i\u00e7in B\u00fcy\u00fck\u015fehir Belediye\u2019mize te\u015fekk\u00fcr ederiz.\u201d<\/p>\n\n\n\n<p>TUR\u0130ZM ESNAFI DA MEMNUN<\/p>\n\n\n\n<p>B\u00f6lgede 25 y\u0131ld\u0131r teknecilik yapan Mehmet Niyazi An\u0131l da \u201cSerik Ac\u0131su\u2019ya kazand\u0131r\u0131lan bu tesis \u00e7ok faydal\u0131 oldu. Art\u0131k at\u0131klar\u0131m\u0131z\u0131 buraya b\u0131rakaca\u011f\u0131z, maliyetlerimiz d\u00fc\u015fecek. Yapanlardan Allah raz\u0131 olsun\u201d dedi.<\/p>\n\n\n\n<p>Antalya Aksu \u00c7ay\u0131\u2019nda yat ve tekne turizmi yapan Kooperatif Ba\u015fkan\u0131 Muharrem \u00c7ift\u00e7io\u011flu ise \u015funlar\u0131 s\u00f6yledi: \u201cTeknelerimizin at\u0131k sular\u0131n\u0131 bo\u015faltabilmesi i\u00e7in B\u00fcy\u00fck\u015fehir Belediye\u2019mizden talepte bulunmu\u015ftuk. Sa\u011folsun bizleri yaln\u0131z b\u0131rakmad\u0131. Kooperatif olarak i\u015fbirli\u011fi i\u00e7inde tesisin i\u015fletilmesini sa\u011fl\u0131yoruz. Bu sayede sahillerimizi koruyor, teknelerimizin at\u0131k b\u0131rakmadan sefere \u00e7\u0131kmas\u0131na imk\u00e2n veriyoruz.\u201d<\/p>\n\n\n\n<p>Antalya B\u00fcy\u00fck\u015fehir Belediyesi \/ B\u00fclten<\/p>\n","protected":false},"excerpt":{"rendered":"<p>Antalya B\u00fcy\u00fck\u015fehir Belediyesi, her y\u0131l milyonlarca yerli ve yabanc\u0131 misafire ev sahipli\u011fi yapan Akdeniz sahillerini temiz tutmak amac\u0131yla \u00e7al\u0131\u015fmalar\u0131n\u0131 yo\u011fun bir \u015fekilde s\u00fcrd\u00fcr\u00fcyor. B\u00fcy\u00fck\u015fehir Belediyesi, <a href=\"https:\/\/akdenizhaber.com.tr\/index.php\/2025\/09\/29\/denizler-korunuyor-esnaf-rahat-ediyor\/\" class=\"read-more-link\">[more&#8230;]<\/a><\/p>\n","protected":false},"author":2,"featured_media":30164,"comment_status":"open","ping_status":"open","sticky":false,"template":"","format":"standard","meta":{"footnotes":""},"categories":[2],"tags":[],"class_list":["post-30159","post","type-post","status-publish","format-standard","has-post-thumbnail","hentry","category-gundem"],"_links":{"self":[{"href":"https:\/\/akdenizhaber.com.tr\/index.php\/wp-json\/wp\/v2\/posts\/30159","targetHints":{"allow":["GET"]}}],"collection":[{"href":"https:\/\/akdenizhaber.com.tr\/index.php\/wp-json\/wp\/v2\/posts"}],"about":[{"href":"https:\/\/akdenizhaber.com.tr\/index.php\/wp-json\/wp\/v2\/types\/post"}],"author":[{"embeddable":true,"href":"https:\/\/akdenizhaber.com.tr\/index.php\/wp-json\/wp\/v2\/users\/2"}],"replies":[{"embeddable":true,"href":"https:\/\/akdenizhaber.com.tr\/index.php\/wp-json\/wp\/v2\/comments?post=30159"}],"version-history":[{"count":1,"href":"https:\/\/akdenizhaber.com.tr\/index.php\/wp-json\/wp\/v2\/posts\/30159\/revisions"}],"predecessor-version":[{"id":30168,"href":"https:\/\/akdenizhaber.com.tr\/index.php\/wp-json\/wp\/v2\/posts\/30159\/revisions\/30168"}],"wp:featuredmedia":[{"embeddable":true,"href":"https:\/\/akdenizhaber.com.tr\/index.php\/wp-json\/wp\/v2\/media\/30164"}],"wp:attachment":[{"href":"https:\/\/akdenizhaber.com.tr\/index.php\/wp-json\/wp\/v2\/media?parent=30159"}],"wp:term":[{"taxonomy":"category","embeddable":true,"href":"https:\/\/akdenizhaber.com.tr\/index.php\/wp-json\/wp\/v2\/categories?post=30159"},{"taxonomy":"post_tag","embeddable":true,"href":"https:\/\/akdenizhaber.com.tr\/index.php\/wp-json\/wp\/v2\/tags?post=30159"}],"curies":[{"name":"wp","href":"https:\/\/api.w.org\/{rel}","templated":true}]}}