{"id":30156,"date":"2025-09-29T15:47:04","date_gmt":"2025-09-29T12:47:04","guid":{"rendered":"https:\/\/akdenizhaber.com.tr\/?p=30156"},"modified":"2025-09-29T15:47:05","modified_gmt":"2025-09-29T12:47:05","slug":"unesco-dunya-miras-listesinde-antalya-fotograf-sergisi-acildi","status":"publish","type":"post","link":"https:\/\/akdenizhaber.com.tr\/index.php\/2025\/09\/29\/unesco-dunya-miras-listesinde-antalya-fotograf-sergisi-acildi\/","title":{"rendered":"\u201cUNESCO D\u00fcnya Miras Listesi\u2019nde Antalya\u201d foto\u011fraf sergisi a\u00e7\u0131ld\u0131"},"content":{"rendered":"\n<p>Tarihin izlerini ta\u015f\u0131yan zengin eserlerle t\u00fcm d\u00fcnyan\u0131n dikkat \u00e7eken Antalya\u2019n\u0131n k\u00fclt\u00fcrel miras\u0131 \u2018Avrupa Miras G\u00fcnleri\u2019 ile bir kez daha g\u00fcn y\u00fcz\u00fcne \u00e7\u0131k\u0131yor. Avrupa Konseyi&#8217;nin E\u011fitim-K\u00fclt\u00fcr, Miras-Gen\u00e7lik ve Spor B\u00f6l\u00fcm\u00fc&#8217;nce y\u00fcr\u00fct\u00fclen &#8220;Avrupa Miras G\u00fcnleri&#8221; etkinlikleri kapsam\u0131nda Antalya\u2019da iki farkl\u0131 noktada sergi a\u00e7\u0131ld\u0131. Antalya B\u00fcy\u00fck\u015fehir Belediyesi\u2019nin ev sahipli\u011fi yapt\u0131\u011f\u0131 sergilerde Antalya\u2019n\u0131n UNESCO D\u00fcnya Miras\u0131 Ge\u00e7ici Listesinde yer alan g\u00fczellikleri ve mimari eserleri sergileniyor.<\/p>\n\n\n\n<p>\u201cUNESCO D\u00fcnya Miras Listesi\u2019nde Antalya\u201d isimli foto\u011fraf sergisi a\u00e7\u0131ld\u0131. Cumhuriyet Meydan\u0131 a\u00e7\u0131k hava sergi alan\u0131nda ve Antalya B\u00fcy\u00fck\u015fehir Belediyesi B\u00fclent Ecevit K\u00fclt\u00fcr Merkezi\u2019nde e\u015f zamanl\u0131 a\u00e7\u0131lan sergide UNESCO D\u00fcnya Miras Listesi\u2019nde yer alan ve adayl\u0131k s\u00fcrecinde bulunan Antalya\u2019daki k\u00fclt\u00fcrel varl\u0131klar\u0131n etkileyici foto\u011fraflar\u0131 yer al\u0131yor. K\u00fclt\u00fcr ve Turizm Bakanl\u0131\u011f\u0131\u2019n\u0131n katk\u0131lar\u0131yla a\u00e7\u0131lan sergide yer alan ve Antalya\u2019n\u0131n tarihi de\u011ferlerini farkl\u0131 a\u00e7\u0131lardan belgeleyen bu foto\u011fraflar, ziyaret\u00e7ilere kentin k\u00fclt\u00fcrel kimli\u011fini daha yak\u0131ndan tan\u0131ma imk\u00e2n\u0131 sa\u011fl\u0131yor.<\/p>\n\n\n\n<p>K\u00dcLT\u00dcREL M\u0130RASA I\u015eIK TUTUYOR<\/p>\n\n\n\n<p>Sergide UNESCO D\u00fcnya Miras\u0131 Ge\u00e7ici Listesi\u2019nde bekleyen Alanya Kalesi ve Tersanesi, Karain Ma\u011faras\u0131, St. Nicholas Kilisesi, Perge Arkeolojik Alan\u0131, Kekova gibi g\u00fczellikler hem foto\u011fraflar\u0131 hem de ayd\u0131nlat\u0131c\u0131 metinlerle yer al\u0131yor. UNESCO D\u00fcnya Miras Listesinde Antalya\u2019n\u0131n \u00f6neminden bahseden Antalya B\u00fcy\u00fck\u015fehir Belediyesi Kent Tarihi ve Tan\u0131t\u0131m\u0131 Dairesi Ba\u015fkan\u0131 \u0130smail Oskay \u201cAntalya\u2019da hem ge\u00e7ici hem de kal\u0131c\u0131 listede yer alan k\u00fclt\u00fcrel miras\u0131m\u0131z\u0131n tan\u0131t\u0131m\u0131n\u0131 yapmak ve bu s\u00fcrece katk\u0131 sa\u011flamak amac\u0131yla bu sergiyi d\u00fczenledik. Bir turizm kenti olan Antalya\u2019m\u0131z\u0131 do\u011fru tan\u0131mak ve tan\u0131tmak bizim i\u00e7in \u00e7ok \u00f6nemli. Kendimizi do\u011fru tan\u0131rsak, d\u0131\u015f d\u00fcnyaya da kendimizi daha do\u011fru anlatabiliriz.\u201d dedi.<\/p>\n\n\n\n<p>. Antalya B\u00fcy\u00fck\u015fehir Belediyesi \/ B\u00fclten<\/p>\n","protected":false},"excerpt":{"rendered":"<p>Tarihin izlerini ta\u015f\u0131yan zengin eserlerle t\u00fcm d\u00fcnyan\u0131n dikkat \u00e7eken Antalya\u2019n\u0131n k\u00fclt\u00fcrel miras\u0131 \u2018Avrupa Miras G\u00fcnleri\u2019 ile bir kez daha g\u00fcn y\u00fcz\u00fcne \u00e7\u0131k\u0131yor. Avrupa Konseyi&#8217;nin E\u011fitim-K\u00fclt\u00fcr, <a href=\"https:\/\/akdenizhaber.com.tr\/index.php\/2025\/09\/29\/unesco-dunya-miras-listesinde-antalya-fotograf-sergisi-acildi\/\" class=\"read-more-link\">[more&#8230;]<\/a><\/p>\n","protected":false},"author":2,"featured_media":30157,"comment_status":"open","ping_status":"open","sticky":false,"template":"","format":"standard","meta":{"footnotes":""},"categories":[2],"tags":[],"class_list":["post-30156","post","type-post","status-publish","format-standard","has-post-thumbnail","hentry","category-gundem"],"_links":{"self":[{"href":"https:\/\/akdenizhaber.com.tr\/index.php\/wp-json\/wp\/v2\/posts\/30156","targetHints":{"allow":["GET"]}}],"collection":[{"href":"https:\/\/akdenizhaber.com.tr\/index.php\/wp-json\/wp\/v2\/posts"}],"about":[{"href":"https:\/\/akdenizhaber.com.tr\/index.php\/wp-json\/wp\/v2\/types\/post"}],"author":[{"embeddable":true,"href":"https:\/\/akdenizhaber.com.tr\/index.php\/wp-json\/wp\/v2\/users\/2"}],"replies":[{"embeddable":true,"href":"https:\/\/akdenizhaber.com.tr\/index.php\/wp-json\/wp\/v2\/comments?post=30156"}],"version-history":[{"count":1,"href":"https:\/\/akdenizhaber.com.tr\/index.php\/wp-json\/wp\/v2\/posts\/30156\/revisions"}],"predecessor-version":[{"id":30158,"href":"https:\/\/akdenizhaber.com.tr\/index.php\/wp-json\/wp\/v2\/posts\/30156\/revisions\/30158"}],"wp:featuredmedia":[{"embeddable":true,"href":"https:\/\/akdenizhaber.com.tr\/index.php\/wp-json\/wp\/v2\/media\/30157"}],"wp:attachment":[{"href":"https:\/\/akdenizhaber.com.tr\/index.php\/wp-json\/wp\/v2\/media?parent=30156"}],"wp:term":[{"taxonomy":"category","embeddable":true,"href":"https:\/\/akdenizhaber.com.tr\/index.php\/wp-json\/wp\/v2\/categories?post=30156"},{"taxonomy":"post_tag","embeddable":true,"href":"https:\/\/akdenizhaber.com.tr\/index.php\/wp-json\/wp\/v2\/tags?post=30156"}],"curies":[{"name":"wp","href":"https:\/\/api.w.org\/{rel}","templated":true}]}}