{"id":30150,"date":"2025-09-22T17:10:20","date_gmt":"2025-09-22T14:10:20","guid":{"rendered":"https:\/\/akdenizhaber.com.tr\/?p=30150"},"modified":"2025-09-22T17:10:21","modified_gmt":"2025-09-22T14:10:21","slug":"yazar-mine-yildirimin-imza-gunune-yogun-ilgi","status":"publish","type":"post","link":"https:\/\/akdenizhaber.com.tr\/index.php\/2025\/09\/22\/yazar-mine-yildirimin-imza-gunune-yogun-ilgi\/","title":{"rendered":"Yazar Mine Y\u0131ld\u0131r\u0131m\u2019\u0131n \u0130mza G\u00fcn\u00fcne Yo\u011fun \u0130lgi"},"content":{"rendered":"\n<p>Bioenerji e\u011fitim uzman\u0131 yazar Mine Y\u0131ld\u0131r\u0131m 20 Eyl\u00fcl 2025 Cumartesi g\u00fcn\u00fc \u00c7etin kitapevinde d\u00fczenledi\u011fi s\u00f6yle\u015fi ve imza g\u00fcn\u00fcne kat\u0131l\u0131m yo\u011fundu.<\/p>\n\n\n\n<p>Yazarlar, kitap severler ailesi ve yak\u0131nlar\u0131n\u0131n kat\u0131ld\u0131\u011f\u0131 imza ve s\u00f6yle\u015fi g\u00fcn\u00fcnde yazar Mine Y\u0131ld\u0131r\u0131m duygulu anlar ya\u015fad\u0131..<\/p>\n\n\n\n<p>Ya\u015fam\u0131n\u0131n en g\u00fczel anlar\u0131ndan birini y\u0131llar s\u00fcren \u00e7al\u0131\u015fmalar\u0131n\u0131n sonucunda elde etmekle birlikte d\u00fczenledi\u011fi imza ve s\u00f6yle\u015fi g\u00fcn\u00fcne yo\u011fun kat\u0131l\u0131m\u0131n olmas\u0131ndan dolay\u0131 duydu\u011fu mutlulu\u011fu dile getiren Mine Y\u0131ld\u0131r\u0131m, \u201cNil\u00fcfer in \u00d6z\u00fc, kitap \u00e7al\u0131\u015fmalar\u0131na \u00e7ok uzun s\u00fcre \u00f6nce ba\u015flad\u0131m aylar s\u00fcren \u00e7al\u0131\u015fmalar sonucunda kitab\u0131m piyasaya \u00e7\u0131kt\u0131 ve \u00e7ok yo\u011fun bir ilgiyle kar\u015f\u0131land\u0131, eme\u011fimin kar\u015f\u0131l\u0131\u011f\u0131n\u0131 kitab\u0131m\u0131n bas\u0131m\u0131ndan sonra g\u00f6rmek beni son derece mutlu etti.20 Eyl\u00fcl 2025 Cumartesi g\u00fcn\u00fc d\u00fczenledi\u011fim s\u00f6yle\u015fi ve imza g\u00fcn\u00fcmde beni yaln\u0131z b\u0131rakmayan t\u00fcm sanatseverlere, yazar ve ayd\u0131nlarla birlikte aileme sonsuz te\u015fekk\u00fcrler ediyorum\u201d dedi.<\/p>\n\n\n\n<p>M\u0130NE YILDIRIM ALANYA K\u0130TAP FUARINA KATILIYOR<\/p>\n\n\n\n<p>Alanya\u2019da d\u00fczenlenecek olan Zalanya kitap fuar\u0131 etkinli\u011fine Nil\u00fcfer\u2019in \u00d6z\u00fc kitab\u0131 ile kat\u0131laca\u011f\u0131n\u0131 s\u00f6zlerine ekleyen yazar Mine Y\u0131ld\u0131r\u0131m dostlar\u0131n\u0131 bu kitap fuar\u0131na da davet etti.1 Ekim \u00c7ar\u015famba g\u00fcn\u00fc d\u00fczenlenecek olan fuarda Manavgatl\u0131 dostlar\u0131n\u0131 da g\u00f6rmekten b\u00fcy\u00fck mutluluk duyaca\u011f\u0131n\u0131 ifade etti.<\/p>\n\n\n\n<p>B\u00fc\u015fra Deveci\/ Haber<\/p>\n","protected":false},"excerpt":{"rendered":"<p>Bioenerji e\u011fitim uzman\u0131 yazar Mine Y\u0131ld\u0131r\u0131m 20 Eyl\u00fcl 2025 Cumartesi g\u00fcn\u00fc \u00c7etin kitapevinde d\u00fczenledi\u011fi s\u00f6yle\u015fi ve imza g\u00fcn\u00fcne kat\u0131l\u0131m yo\u011fundu. Yazarlar, kitap severler ailesi ve <a href=\"https:\/\/akdenizhaber.com.tr\/index.php\/2025\/09\/22\/yazar-mine-yildirimin-imza-gunune-yogun-ilgi\/\" class=\"read-more-link\">[more&#8230;]<\/a><\/p>\n","protected":false},"author":2,"featured_media":30151,"comment_status":"open","ping_status":"open","sticky":false,"template":"","format":"standard","meta":{"footnotes":""},"categories":[2],"tags":[],"class_list":["post-30150","post","type-post","status-publish","format-standard","has-post-thumbnail","hentry","category-gundem"],"_links":{"self":[{"href":"https:\/\/akdenizhaber.com.tr\/index.php\/wp-json\/wp\/v2\/posts\/30150","targetHints":{"allow":["GET"]}}],"collection":[{"href":"https:\/\/akdenizhaber.com.tr\/index.php\/wp-json\/wp\/v2\/posts"}],"about":[{"href":"https:\/\/akdenizhaber.com.tr\/index.php\/wp-json\/wp\/v2\/types\/post"}],"author":[{"embeddable":true,"href":"https:\/\/akdenizhaber.com.tr\/index.php\/wp-json\/wp\/v2\/users\/2"}],"replies":[{"embeddable":true,"href":"https:\/\/akdenizhaber.com.tr\/index.php\/wp-json\/wp\/v2\/comments?post=30150"}],"version-history":[{"count":1,"href":"https:\/\/akdenizhaber.com.tr\/index.php\/wp-json\/wp\/v2\/posts\/30150\/revisions"}],"predecessor-version":[{"id":30152,"href":"https:\/\/akdenizhaber.com.tr\/index.php\/wp-json\/wp\/v2\/posts\/30150\/revisions\/30152"}],"wp:featuredmedia":[{"embeddable":true,"href":"https:\/\/akdenizhaber.com.tr\/index.php\/wp-json\/wp\/v2\/media\/30151"}],"wp:attachment":[{"href":"https:\/\/akdenizhaber.com.tr\/index.php\/wp-json\/wp\/v2\/media?parent=30150"}],"wp:term":[{"taxonomy":"category","embeddable":true,"href":"https:\/\/akdenizhaber.com.tr\/index.php\/wp-json\/wp\/v2\/categories?post=30150"},{"taxonomy":"post_tag","embeddable":true,"href":"https:\/\/akdenizhaber.com.tr\/index.php\/wp-json\/wp\/v2\/tags?post=30150"}],"curies":[{"name":"wp","href":"https:\/\/api.w.org\/{rel}","templated":true}]}}