{"id":30147,"date":"2025-09-22T17:09:30","date_gmt":"2025-09-22T14:09:30","guid":{"rendered":"https:\/\/akdenizhaber.com.tr\/?p=30147"},"modified":"2025-09-22T17:09:31","modified_gmt":"2025-09-22T14:09:31","slug":"ak-parti-manavgat-ilce-teskilati-gurlevik-yaylasi-icin-yine-yaygara-cikariyorlar","status":"publish","type":"post","link":"https:\/\/akdenizhaber.com.tr\/index.php\/2025\/09\/22\/ak-parti-manavgat-ilce-teskilati-gurlevik-yaylasi-icin-yine-yaygara-cikariyorlar\/","title":{"rendered":"Ak Parti Manavgat \u0130l\u00e7e Te\u015fkilat\u0131; \u201cG\u00fcrlevik Yaylas\u0131 \u0130\u00e7in Yine Yaygara \u00c7\u0131kar\u0131yorlar\u201d"},"content":{"rendered":"\n<p><\/p>\n\n\n\n<p>Ak Parti Manavgat il\u00e7e te\u015fkilat\u0131 ge\u00e7ti\u011fimiz g\u00fcnlerde g\u00fcndeme gelen G\u00fcrlevik yaylas\u0131ndaki maden i\u015fletmesi i\u00e7in ortada hen\u00fcz bir \u015fey yok iken ana muhalefet partisinin ge\u00e7mi\u015fte oldu\u011fu gibi yine yaygara \u00e7\u0131kararak vatanda\u015flar\u0131 yanl\u0131\u015f bilgilendirdiklerini ifade ederek konu ile ilgili yaz\u0131l\u0131 bir bas\u0131n a\u00e7\u0131klamas\u0131 yapt\u0131.<\/p>\n\n\n\n<p>Ak Parti Manavgat il\u00e7e te\u015fkilat\u0131n\u0131n yaz\u0131l\u0131 bas\u0131n a\u00e7\u0131klamas\u0131 aynen \u015f\u00f6yle;<\/p>\n\n\n\n<p>\u201cK\u0131ymetli Hem\u015ferilerimiz,<\/p>\n\n\n\n<p>G\u00fcndo\u011fmu\u015f s\u0131n\u0131rlar\u0131 i\u00e7erisinde bulunan ve alt\u0131 mahallemizin yayla k\u00fclt\u00fcr\u00fcn\u00fcn \u00f6nemli bir par\u00e7as\u0131 olan G\u00fcrlevik Yaylas\u0131\u2019nda bir maden \u015firketinin arama faaliyetine ili\u015fkin bas\u0131na yans\u0131yan haberler, ana muhalefet partisinin milletvekilleri i\u00e7in yeni bir g\u00fcndem olsa da bizlerin uzun s\u00fcredir takip etti\u011fi ve hassasiyetle yakla\u015ft\u0131\u011f\u0131 bir konudur.<\/p>\n\n\n\n<p>Daha \u00f6nce ba\u015fka \u015firketlerde de oldu\u011fu gibi, bu \u015firketin arama faaliyetleri g\u00fcndeme geldi\u011finde ba\u015fta Bakan\u0131m\u0131z Sn. Mevl\u00fct \u00c7avu\u015fo\u011flu ve b\u00f6lge milletvekilimiz Sn. Dr. Tuba Vural \u00c7okal olmak \u00fczere, il ba\u015fkan\u0131m\u0131z ve t\u00fcm milletvekillerimizle birlikte ilgili kurumlarla g\u00f6r\u00fc\u015fmeler ger\u00e7ekle\u015ftirdik. Hem\u015ferilerimizin aleyhine olabilecek herhangi bir durumun geli\u015fmemesi i\u00e7in s\u00fcreci hep birlikte hassasiyetle takip ettik ve etmeye devam ediyoruz.<\/p>\n\n\n\n<p>Bu yap\u0131lacak olan i\u015flemin \u00f6n arama iznini i\u00e7ermekte oldu\u011fu, bu iznin iki y\u0131l \u00f6nce al\u0131nd\u0131\u011f\u0131 ve 3 Ekim 2025 tarihinde sona erece\u011fi, maden a\u00e7ma ve i\u015fletme ruhsat\u0131 olmad\u0131\u011f\u0131 taraf\u0131m\u0131zca bilinmektedir. Maden oca\u011f\u0131 a\u00e7ma ve i\u015fletme ruhsat\u0131 ba\u015fvurusu yap\u0131lsa bile on d\u00f6rt kurumdan g\u00f6r\u00fc\u015f al\u0131nmas\u0131 ve \u00c7ED s\u00fcrecinin de tamamlanmas\u0131 gerekti\u011fi de a\u015fik\u00e2rd\u0131r.<\/p>\n\n\n\n<p>Bu ba\u011flamda s\u00f6z konusu \u015firketin s\u00fcrecin hen\u00fcz ba\u015f\u0131nda oldu\u011fu g\u00f6r\u00fclmektedir. Ancak ana muhalefet partisinin il\u00e7e \u00f6rg\u00fct\u00fcn\u00fcn ve milletvekillerinin, daha \u00f6nce Oymap\u0131nar\u2019da yapt\u0131klar\u0131 gibi, konuyu siyasi \u015fov malzemesi haline getirdikleri g\u00f6r\u00fclmektedir.<\/p>\n\n\n\n<p>Bizler, AK Parti Manavgat \u0130l\u00e7e Te\u015fkilat\u0131 olarak hem\u015ferilerimizin yan\u0131nda durdu\u011fumuzu, tarihi, do\u011fal ve k\u00fclt\u00fcrel de\u011ferlerimizi korumak i\u00e7in, siyasi \u015fov yapmadan \u00e7al\u0131\u015ft\u0131\u011f\u0131m\u0131z\u0131, daha \u00f6nce oldu\u011fu gibi bu s\u00fcreci de vatanda\u015flar\u0131m\u0131z\u0131n iradeleri do\u011frultusunda hassasiyetle takip etti\u011fimizi siz k\u0131ymetli hem\u015ferilerimize duyuruyoruz. Sayg\u0131lar\u0131m\u0131zla\u201d<\/p>\n\n\n\n<p>B\u00fc\u015fra Deveci \/ Haber<\/p>\n","protected":false},"excerpt":{"rendered":"<p>Ak Parti Manavgat il\u00e7e te\u015fkilat\u0131 ge\u00e7ti\u011fimiz g\u00fcnlerde g\u00fcndeme gelen G\u00fcrlevik yaylas\u0131ndaki maden i\u015fletmesi i\u00e7in ortada hen\u00fcz bir \u015fey yok iken ana muhalefet partisinin ge\u00e7mi\u015fte oldu\u011fu <a href=\"https:\/\/akdenizhaber.com.tr\/index.php\/2025\/09\/22\/ak-parti-manavgat-ilce-teskilati-gurlevik-yaylasi-icin-yine-yaygara-cikariyorlar\/\" class=\"read-more-link\">[more&#8230;]<\/a><\/p>\n","protected":false},"author":2,"featured_media":30148,"comment_status":"open","ping_status":"open","sticky":false,"template":"","format":"standard","meta":{"footnotes":""},"categories":[1],"tags":[],"class_list":["post-30147","post","type-post","status-publish","format-standard","has-post-thumbnail","hentry","category-blog"],"_links":{"self":[{"href":"https:\/\/akdenizhaber.com.tr\/index.php\/wp-json\/wp\/v2\/posts\/30147","targetHints":{"allow":["GET"]}}],"collection":[{"href":"https:\/\/akdenizhaber.com.tr\/index.php\/wp-json\/wp\/v2\/posts"}],"about":[{"href":"https:\/\/akdenizhaber.com.tr\/index.php\/wp-json\/wp\/v2\/types\/post"}],"author":[{"embeddable":true,"href":"https:\/\/akdenizhaber.com.tr\/index.php\/wp-json\/wp\/v2\/users\/2"}],"replies":[{"embeddable":true,"href":"https:\/\/akdenizhaber.com.tr\/index.php\/wp-json\/wp\/v2\/comments?post=30147"}],"version-history":[{"count":1,"href":"https:\/\/akdenizhaber.com.tr\/index.php\/wp-json\/wp\/v2\/posts\/30147\/revisions"}],"predecessor-version":[{"id":30149,"href":"https:\/\/akdenizhaber.com.tr\/index.php\/wp-json\/wp\/v2\/posts\/30147\/revisions\/30149"}],"wp:featuredmedia":[{"embeddable":true,"href":"https:\/\/akdenizhaber.com.tr\/index.php\/wp-json\/wp\/v2\/media\/30148"}],"wp:attachment":[{"href":"https:\/\/akdenizhaber.com.tr\/index.php\/wp-json\/wp\/v2\/media?parent=30147"}],"wp:term":[{"taxonomy":"category","embeddable":true,"href":"https:\/\/akdenizhaber.com.tr\/index.php\/wp-json\/wp\/v2\/categories?post=30147"},{"taxonomy":"post_tag","embeddable":true,"href":"https:\/\/akdenizhaber.com.tr\/index.php\/wp-json\/wp\/v2\/tags?post=30147"}],"curies":[{"name":"wp","href":"https:\/\/api.w.org\/{rel}","templated":true}]}}