{"id":30136,"date":"2025-09-22T17:06:50","date_gmt":"2025-09-22T14:06:50","guid":{"rendered":"https:\/\/akdenizhaber.com.tr\/?p=30136"},"modified":"2025-09-22T17:06:51","modified_gmt":"2025-09-22T14:06:51","slug":"baban-mi-takti","status":"publish","type":"post","link":"https:\/\/akdenizhaber.com.tr\/index.php\/2025\/09\/22\/baban-mi-takti\/","title":{"rendered":"BABAN MI TAKTI!?.."},"content":{"rendered":"\n<p>\u00c7ocuklu\u011fumdan kalma unutulmaz s\u00f6zlerden bir tanesi; baban m\u0131 takt\u0131 bu r\u00fctbeyi?<\/p>\n\n\n\n<p>R\u00fctbe derken,sak\u0131n yanl\u0131\u015f anla\u015f\u0131lmas\u0131n; bir on ba\u015f\u0131 r\u00fctbesi..<\/p>\n\n\n\n<p>Hani , askerlikte ki erba\u015fl\u0131\u011f\u0131n ilk basama\u011f\u0131,ilk r\u00fctbesi..<\/p>\n\n\n\n<figure class=\"wp-block-image size-large\"><img loading=\"lazy\" decoding=\"async\" width=\"1024\" height=\"1024\" src=\"https:\/\/akdenizhaber.com.tr\/wp-content\/uploads\/2025\/09\/4d593799-9ae9-44a8-8364-8d94b3bbacf8-1024x1024.jpg\" alt=\"\" class=\"wp-image-30137\" srcset=\"https:\/\/akdenizhaber.com.tr\/wp-content\/uploads\/2025\/09\/4d593799-9ae9-44a8-8364-8d94b3bbacf8-1024x1024.jpg 1024w, https:\/\/akdenizhaber.com.tr\/wp-content\/uploads\/2025\/09\/4d593799-9ae9-44a8-8364-8d94b3bbacf8-300x300.jpg 300w, https:\/\/akdenizhaber.com.tr\/wp-content\/uploads\/2025\/09\/4d593799-9ae9-44a8-8364-8d94b3bbacf8-150x150.jpg 150w, https:\/\/akdenizhaber.com.tr\/wp-content\/uploads\/2025\/09\/4d593799-9ae9-44a8-8364-8d94b3bbacf8-768x768.jpg 768w, https:\/\/akdenizhaber.com.tr\/wp-content\/uploads\/2025\/09\/4d593799-9ae9-44a8-8364-8d94b3bbacf8.jpg 1440w\" sizes=\"auto, (max-width: 1024px) 100vw, 1024px\" \/><\/figure>\n\n\n\n<p>Normalde pek de \u00f6nemsenmeyen bu k\u00fc\u00e7\u00fck r\u00fctbenin \u00f6nemini siz o r\u00fctbeyi gururla kolunda ta\u015f\u0131yana sorun..<\/p>\n\n\n\n<p>\u0130zinli olarak k\u00f6y\u00fcne d\u00f6nen yi\u011fit T\u00fcrk askeri, etraf\u0131na toplanan merakl\u0131 k\u00f6yl\u00fclerine askerli\u011fini anlat\u0131rken, \u00fczerinden \u00e7\u0131karmad\u0131\u011f\u0131 askeri elbisesinin kolunda ki onba\u015f\u0131 r\u00fctbesini g\u00f6sterirken, biran k\u00fc\u00e7\u00fcmsenme hissine kap\u0131lm\u0131\u015f olmal\u0131 ki ;<\/p>\n\n\n\n<p>\u201cBaban m\u0131 dikti bu r\u00fctbeyi? Kolay m\u0131 onu hak etmek, kolun da ta\u015f\u0131mak?\u201d Demi\u015f hakl\u0131 olarak..<\/p>\n\n\n\n<p>Askerlik de ,on ba\u015f\u0131, \u00e7avu\u015f, uzman \u00e7avu\u015f,ba\u015f \u00e7avu\u015f, k\u0131demli ba\u015f\u00e7avu\u015f,astsubay&#8230;diye basamak basamak gider..<\/p>\n\n\n\n<p>Subaylar\u0131n r\u00fctbeleri de; te\u011fmen, \u00fcste\u011fmen, y\u00fczba\u015f\u0131, binba\u015f\u0131, kurmay binba\u015f\u0131, albay, kurmay albay ve generaller olarak devam eder.<\/p>\n\n\n\n<p>Asker olmad\u0131\u011f\u0131m i\u00e7in varsa bir yanl\u0131\u015fl\u0131k \u00f6z\u00fcr dilerim..<\/p>\n\n\n\n<p>Kolay de\u011fil elbet hi\u00e7 bir askeri r\u00fctbeyi hak edip,kollarda ,omuzlarda ta\u015f\u0131mak..<\/p>\n\n\n\n<p>Her birinin kazan\u0131lmas\u0131 y\u0131llar s\u00fcrecek zorlu e\u011fitimler, s\u0131navlar hatta; d\u00fc\u015fmanla \u00f6l\u00fcm\u00fcne sava\u015flar gerektirir..<\/p>\n\n\n\n<p>Sava\u015f m\u0131 kald\u0131 demeyin, T\u00fcrk ordusu k\u0131rk y\u0131l d\u0131r hangi d\u00fc\u015fmanlarla sava\u015ft\u0131\u011f\u0131 belli olmayan zorlu bir m\u00fccadelenin , sava\u015f\u0131n i\u00e7inde..<\/p>\n\n\n\n<p>Bu m\u00fccadele de nice yi\u011fitler \u015fehit oldu, niceleri Gazi oldu, yaraland\u0131 sakat kald\u0131..<\/p>\n\n\n\n<p>Televizyonlar dan dinlemek, gazetelerden okumak, birilerinden dinlemek kolay..<\/p>\n\n\n\n<p>D\u0131\u015far\u0131dan gazel okumak ,yol g\u00f6stermek ,ak\u0131l vermek kolay..<\/p>\n\n\n\n<p>O m\u00fccadelenin, o sava\u015f\u0131n i\u00e7inde oldunuz mu hi\u00e7?<\/p>\n\n\n\n<p>Kur\u015funlar\u0131n aras\u0131nda \u00f6l\u00fcm\u00fc yak\u0131ndan hissettiniz mi?<\/p>\n\n\n\n<p>Kolunuza, v\u00fccudunuzun herhangi bir yerine kur\u015fun isabet etti mi?<\/p>\n\n\n\n<p>Yan\u0131 ba\u015f\u0131n\u0131zda, hatta kollar\u0131n\u0131z da bir arkada\u015f\u0131n\u0131z, bir askeriniz \u015fehit oldu mu?<\/p>\n\n\n\n<p>\u0130\u015fte bu sorular\u0131n cevab\u0131n\u0131 en iyi \u015fekilde, en do\u011fru \u015fekilde verebilecek yi\u011fit T\u00fcrk askerlerinden, komutanlar\u0131ndan birisi;<\/p>\n\n\n\n<p>Emekli Albay Orkun \u00d6zeller.<\/p>\n\n\n\n<p>O elde edilmesi zor olan r\u00fctbeleri omuzunda,elde edilmesi \u00e7ok daha zor olan \u015feref madalyalar\u0131 da g\u00f6\u011f\u00fcs\u00fcn de..<\/p>\n\n\n\n<p>Yi\u011fit T\u00fcrk askerinin, onba\u015f\u0131s\u0131n\u0131n k\u00f6yl\u00fclerine dedi\u011fi gibi, bende birilerine diyorum ki; bu r\u00fctbeleri, bu \u015feref madalyalar\u0131n\u0131; Baban\u0131z m\u0131 takt\u0131, var m\u0131 s\u00fclalenizde bu r\u00fctbeleri, bu \u015feref madalyalar\u0131n\u0131 ta\u015f\u0131yan birisi?<\/p>\n\n\n\n<p>Kal\u0131n sa\u011fl\u0131cakla\u2026<\/p>\n","protected":false},"excerpt":{"rendered":"<p>\u00c7ocuklu\u011fumdan kalma unutulmaz s\u00f6zlerden bir tanesi; baban m\u0131 takt\u0131 bu r\u00fctbeyi? R\u00fctbe derken,sak\u0131n yanl\u0131\u015f anla\u015f\u0131lmas\u0131n; bir on ba\u015f\u0131 r\u00fctbesi.. Hani , askerlikte ki erba\u015fl\u0131\u011f\u0131n ilk <a href=\"https:\/\/akdenizhaber.com.tr\/index.php\/2025\/09\/22\/baban-mi-takti\/\" class=\"read-more-link\">[more&#8230;]<\/a><\/p>\n","protected":false},"author":2,"featured_media":29939,"comment_status":"open","ping_status":"open","sticky":false,"template":"","format":"standard","meta":{"footnotes":""},"categories":[2],"tags":[],"class_list":["post-30136","post","type-post","status-publish","format-standard","has-post-thumbnail","hentry","category-gundem"],"_links":{"self":[{"href":"https:\/\/akdenizhaber.com.tr\/index.php\/wp-json\/wp\/v2\/posts\/30136","targetHints":{"allow":["GET"]}}],"collection":[{"href":"https:\/\/akdenizhaber.com.tr\/index.php\/wp-json\/wp\/v2\/posts"}],"about":[{"href":"https:\/\/akdenizhaber.com.tr\/index.php\/wp-json\/wp\/v2\/types\/post"}],"author":[{"embeddable":true,"href":"https:\/\/akdenizhaber.com.tr\/index.php\/wp-json\/wp\/v2\/users\/2"}],"replies":[{"embeddable":true,"href":"https:\/\/akdenizhaber.com.tr\/index.php\/wp-json\/wp\/v2\/comments?post=30136"}],"version-history":[{"count":1,"href":"https:\/\/akdenizhaber.com.tr\/index.php\/wp-json\/wp\/v2\/posts\/30136\/revisions"}],"predecessor-version":[{"id":30138,"href":"https:\/\/akdenizhaber.com.tr\/index.php\/wp-json\/wp\/v2\/posts\/30136\/revisions\/30138"}],"wp:featuredmedia":[{"embeddable":true,"href":"https:\/\/akdenizhaber.com.tr\/index.php\/wp-json\/wp\/v2\/media\/29939"}],"wp:attachment":[{"href":"https:\/\/akdenizhaber.com.tr\/index.php\/wp-json\/wp\/v2\/media?parent=30136"}],"wp:term":[{"taxonomy":"category","embeddable":true,"href":"https:\/\/akdenizhaber.com.tr\/index.php\/wp-json\/wp\/v2\/categories?post=30136"},{"taxonomy":"post_tag","embeddable":true,"href":"https:\/\/akdenizhaber.com.tr\/index.php\/wp-json\/wp\/v2\/tags?post=30136"}],"curies":[{"name":"wp","href":"https:\/\/api.w.org\/{rel}","templated":true}]}}