{"id":30127,"date":"2025-09-22T17:04:17","date_gmt":"2025-09-22T14:04:17","guid":{"rendered":"https:\/\/akdenizhaber.com.tr\/?p=30127"},"modified":"2025-09-22T17:04:18","modified_gmt":"2025-09-22T14:04:18","slug":"buyuksehirin-coban-haritasi-projesi-buyuk-ilgi-gordu","status":"publish","type":"post","link":"https:\/\/akdenizhaber.com.tr\/index.php\/2025\/09\/22\/buyuksehirin-coban-haritasi-projesi-buyuk-ilgi-gordu\/","title":{"rendered":"B\u00fcy\u00fck\u015fehir\u2019in \u2018\u00c7oban Haritas\u0131 Projesi\u2019 b\u00fcy\u00fck ilgi g\u00f6rd\u00fc"},"content":{"rendered":"\n<p>Antalya B\u00fcy\u00fck\u015fehir Belediyesi\u2019nin \u2018Yerelden Kalk\u0131nma Hedefleri\u2019 do\u011frultusunda, k\u00fc\u00e7\u00fckba\u015f hayvanc\u0131l\u0131\u011f\u0131n korunmas\u0131 ve s\u00fcrd\u00fcr\u00fclebilirli\u011fini destekleyen \u00c7oban Haritas\u0131 Projesi, b\u00fcy\u00fck ilgi g\u00f6rd\u00fc. Akdeniz B\u00f6lgesi Ke\u00e7i \u00c7al\u0131\u015ftay\u0131\u2019nda sekt\u00f6r bile\u015fenlerine tan\u0131t\u0131lan proje kat\u0131l\u0131mc\u0131lardan be\u011feni toplad\u0131.<\/p>\n\n\n\n<p>Antalya B\u00fcy\u00fck\u015fehir Belediyesi Tar\u0131msal Hizmetler Dairesi Ba\u015fkanl\u0131\u011f\u0131\u2019n\u0131n \u00e7obanl\u0131k mesle\u011finin s\u00fcrd\u00fcr\u00fclebilirli\u011fi, tar\u0131mda yerelden kalk\u0131nman\u0131n desteklenmesi, \u015fehirlere g\u00f6\u00e7\u00fcn \u00f6nlenmesi ve t\u00fcketicinin sa\u011fl\u0131kl\u0131 g\u0131dayla bulu\u015fturulmas\u0131 hedefiyle ba\u015flatt\u0131\u011f\u0131 \u201c\u00c7oban Haritas\u0131 Projesi\u201d 1. Akdeniz B\u00f6lgesi Ke\u00e7i \u00c7al\u0131\u015ftay\u0131\u2019nda anlat\u0131ld\u0131. Kat\u0131l\u0131mc\u0131lara sunum yapan B\u00fcy\u00fck\u015fehir Belediyesi Tar\u0131msal Hizmetler Dairesi Ba\u015fkanl\u0131\u011f\u0131 AR-GE Proje \u015eube M\u00fcd\u00fcr\u00fc Dr. Deniz \u0130laslan, B\u00fcy\u00fck\u015fehir Belediyesi\u2019nin Antalya\u2019da k\u00fc\u00e7\u00fckba\u015f hayvanc\u0131l\u0131\u011f\u0131n korunmas\u0131 ve ya\u015fat\u0131lmas\u0131 i\u00e7in s\u00fcrd\u00fcrd\u00fc\u011f\u00fc, \u00e7obanlar\u0131n yaylaklarda konaklad\u0131klar\u0131 alanlar\u0131 kay\u0131t alt\u0131na al\u0131nmas\u0131na katk\u0131 sa\u011flayan projeyi tan\u0131tt\u0131.<\/p>\n\n\n\n<p>BU MESLE\u011e\u0130N S\u00dcRD\u00dcR\u00dcLMES\u0130 \u00c7OK KIYMETL\u0130<\/p>\n\n\n\n<p>Kat\u0131l\u0131mc\u0131lar\u0131n b\u00fcy\u00fck bir ilgiye takip etti\u011fi \u201c\u00c7oban Haritas\u0131 Projesi\u201d hakk\u0131nda konu\u015fan Deniz \u0130laslan , \u201cProje ile Antalya\u2019da \u00e7obanlar\u0131m\u0131z\u0131n yaylaklardaki konumlar\u0131n\u0131 yerinde ald\u0131k. Bir ileti\u015fim a\u011f\u0131 kurarak anket \u00e7al\u0131\u015fmas\u0131 ger\u00e7ekle\u015ftirdik. \u00dcretim ve \u00fcreticiyi her alanda destekliyoruz. Antalya\u2019da \u00e7obanlar\u0131m\u0131z\u0131n konumlar\u0131n\u0131n belirlenmesi ile ilgili bu zamana kadar her hangi bir \u00e7al\u0131\u015fma yap\u0131lmam\u0131\u015f. Bu mesle\u011fin s\u00fcrd\u00fcr\u00fclebilirli\u011fi \u00e7ok \u00f6nemli. Bu miras\u0131n devaml\u0131l\u0131\u011f\u0131n\u0131 sa\u011flarsak gen\u00e7lerinde bu mesle\u011fe ilgisi artar. \u00c7obanl\u0131k ve ke\u00e7i eti \u00fcretiminin \u00f6zellikle Toroslarda devam ettirilmesi \u00e7ok k\u0131ymetli. Ke\u00e7iler Toroslar\u0131n g\u00fczel da\u011flar\u0131nda yay\u0131larak endemik otlar\u0131 otlayarak bizlere k\u0131ymetli ke\u00e7i etini ve s\u00fct\u00fcn\u00fc sunuyor. T\u00fcketicinin bu e\u015fsiz ve sa\u011fl\u0131kl\u0131 g\u0131daya ula\u015fabilmesi, bu zincirin kopmamas\u0131 \u00e7ok de\u011ferli. Bu y\u00fczden yapt\u0131\u011f\u0131m\u0131z \u00e7al\u0131\u015fmalar \u00e7obanlar\u0131n yer ve durumlar\u0131n\u0131n tespiti ve do\u011fru desteklemeler i\u00e7in yol g\u00f6sterici durumundad\u0131r\u201d dedi.<\/p>\n\n\n\n<p>Antalya B\u00fcy\u00fck\u015fehir Belediyesi \/ B\u00fclten<\/p>\n","protected":false},"excerpt":{"rendered":"<p>Antalya B\u00fcy\u00fck\u015fehir Belediyesi\u2019nin \u2018Yerelden Kalk\u0131nma Hedefleri\u2019 do\u011frultusunda, k\u00fc\u00e7\u00fckba\u015f hayvanc\u0131l\u0131\u011f\u0131n korunmas\u0131 ve s\u00fcrd\u00fcr\u00fclebilirli\u011fini destekleyen \u00c7oban Haritas\u0131 Projesi, b\u00fcy\u00fck ilgi g\u00f6rd\u00fc. Akdeniz B\u00f6lgesi Ke\u00e7i \u00c7al\u0131\u015ftay\u0131\u2019nda sekt\u00f6r bile\u015fenlerine <a href=\"https:\/\/akdenizhaber.com.tr\/index.php\/2025\/09\/22\/buyuksehirin-coban-haritasi-projesi-buyuk-ilgi-gordu\/\" class=\"read-more-link\">[more&#8230;]<\/a><\/p>\n","protected":false},"author":2,"featured_media":30128,"comment_status":"open","ping_status":"open","sticky":false,"template":"","format":"standard","meta":{"footnotes":""},"categories":[2],"tags":[],"class_list":["post-30127","post","type-post","status-publish","format-standard","has-post-thumbnail","hentry","category-gundem"],"_links":{"self":[{"href":"https:\/\/akdenizhaber.com.tr\/index.php\/wp-json\/wp\/v2\/posts\/30127","targetHints":{"allow":["GET"]}}],"collection":[{"href":"https:\/\/akdenizhaber.com.tr\/index.php\/wp-json\/wp\/v2\/posts"}],"about":[{"href":"https:\/\/akdenizhaber.com.tr\/index.php\/wp-json\/wp\/v2\/types\/post"}],"author":[{"embeddable":true,"href":"https:\/\/akdenizhaber.com.tr\/index.php\/wp-json\/wp\/v2\/users\/2"}],"replies":[{"embeddable":true,"href":"https:\/\/akdenizhaber.com.tr\/index.php\/wp-json\/wp\/v2\/comments?post=30127"}],"version-history":[{"count":1,"href":"https:\/\/akdenizhaber.com.tr\/index.php\/wp-json\/wp\/v2\/posts\/30127\/revisions"}],"predecessor-version":[{"id":30129,"href":"https:\/\/akdenizhaber.com.tr\/index.php\/wp-json\/wp\/v2\/posts\/30127\/revisions\/30129"}],"wp:featuredmedia":[{"embeddable":true,"href":"https:\/\/akdenizhaber.com.tr\/index.php\/wp-json\/wp\/v2\/media\/30128"}],"wp:attachment":[{"href":"https:\/\/akdenizhaber.com.tr\/index.php\/wp-json\/wp\/v2\/media?parent=30127"}],"wp:term":[{"taxonomy":"category","embeddable":true,"href":"https:\/\/akdenizhaber.com.tr\/index.php\/wp-json\/wp\/v2\/categories?post=30127"},{"taxonomy":"post_tag","embeddable":true,"href":"https:\/\/akdenizhaber.com.tr\/index.php\/wp-json\/wp\/v2\/tags?post=30127"}],"curies":[{"name":"wp","href":"https:\/\/api.w.org\/{rel}","templated":true}]}}