{"id":30101,"date":"2025-09-18T16:05:51","date_gmt":"2025-09-18T13:05:51","guid":{"rendered":"https:\/\/akdenizhaber.com.tr\/?p=30101"},"modified":"2025-09-18T16:10:25","modified_gmt":"2025-09-18T13:10:25","slug":"manavgat-sevdasi-ana-sevgisi-agir-basti-op-dr-mehmet-gul-artik-manavgatta","status":"publish","type":"post","link":"https:\/\/akdenizhaber.com.tr\/index.php\/2025\/09\/18\/manavgat-sevdasi-ana-sevgisi-agir-basti-op-dr-mehmet-gul-artik-manavgatta\/","title":{"rendered":"Manavgat Sevdas\u0131, Ana Sevgisi A\u011f\u0131r Bast\u0131                          Op. Dr. Mehmet G\u00fcl Art\u0131k Manavgat\u2019ta"},"content":{"rendered":"\n<p><\/p>\n\n\n\n<p>Ge\u00e7ti\u011fimiz g\u00fcnlerde Manavgat Belediye ba\u015fkan vekili Mehmet \u00c7i\u00e7ek ve protokol\u00fcn kat\u0131l\u0131m\u0131 ile Manavgat\u2019ta hastalar\u0131 ile bulu\u015fan Op. Dr. Mehmet G\u00fcl\u2019\u00fc muayenehanesinde ziyaret ettik..<\/p>\n\n\n\n<p>G\u00fcler y\u00fcz\u00fc koca y\u00fcre\u011fi ile kar\u015f\u0131lad\u0131 bizi.. Y\u0131llar\u0131n memleket \u00f6zlemine son veren muayenesini gezdi\u011fimizde teknolojinin en son ekipmanlar\u0131 ile kar\u015f\u0131la\u015ft\u0131k.<\/p>\n\n\n\n<p>Son sistem ultrason ve di\u011fer cihazlar modern bir hastane havas\u0131 vermi\u015f muayenesine bununla birlikte y\u0131llar\u0131n birikimi ve deneyimi ile a\u00e7\u0131l\u0131\u015f\u0131 ile birlikte t\u00fcm Manavgatl\u0131lar\u0131n emrinde oldu\u011funu s\u00f6yledi Op. Dr. Mehmet G\u00fcl bizlere..<\/p>\n\n\n\n<p>Hen\u00fcz b\u0131y\u0131klar\u0131 terlememi\u015fken ayr\u0131lm\u0131\u015f T\u0131p e\u011fitimi almak i\u00e7in Manavgat\u2019tan.. Manavgat&#8217;ta ilk, orta ve lise e\u011fitimini tamamlayan Op. Dr. Mehmet G\u00fcl, t\u0131p e\u011fitiminin ard\u0131ndan Kad\u0131n Hastal\u0131klar\u0131 ve Do\u011fum uzmanl\u0131k e\u011fitimini ba\u015far\u0131yla tamamlayarak mesle\u011fe ilk ad\u0131m\u0131 atm\u0131\u015f..<\/p>\n\n\n\n<p>Mecburi hizmet ard\u0131ndan \u00e7e\u015fitli \u00f6zel sa\u011fl\u0131k kurulu\u015flar\u0131ndaki g\u00f6revlerini takiben edindi\u011fi 13 y\u0131l\u0131 a\u015fk\u0131n tecr\u00fcbe ile alan\u0131nda yetkin ve aranan bir isim haline gelmekle birlikte, Gebelik takibi, do\u011fum, jinekolojik hastal\u0131klar\u0131n tan\u0131 ve tedavisi, infertilite (k\u0131s\u0131rl\u0131k) ve jinekolojik operasyonlar gibi geni\u015f bir yelpazede hizmet vererek \u00e7ok sevdi\u011fi kentinin insanlar\u0131na tecr\u00fcbelerini payla\u015fmak ad\u0131na a\u00e7m\u0131\u015f muayenehanesini..<\/p>\n\n\n\n<p>Op. Dr. Mehmet G\u00dcL, jinekoloji ve do\u011fum alanlar\u0131n\u0131n yan\u0131 s\u0131ra genital estetik konusunda kendisini geli\u015ftirmi\u015f, ayr\u0131ca kad\u0131n ve erkek cinsel i\u015flev bozukluklar\u0131 ile ilgilenen bir cinsel terapist olarak kendini alan\u0131nda geli\u015ftirmeye devam ederken, sa\u011fl\u0131kl\u0131 ve mutlu kad\u0131n, bebek ve aileler i\u00e7in \u00e7al\u0131\u015fmalar\u0131n\u0131 s\u00fcrd\u00fcrmeyi g\u00f6rev edinmi\u015f kendisine..<\/p>\n\n\n\n<p>G\u00f6rev a\u015f\u0131\u011f\u0131 y\u00fcre\u011fi insan sevgisi ile dolu Doktor Mehmet G\u00fcl 6 \u015eubat Kahramanmara\u015f Depremi sonras\u0131 \u00e7al\u0131\u015ft\u0131\u011f\u0131 Ad\u0131yaman\u2019daki hastaneden gece \u2013 g\u00fcnd\u00fcz ayr\u0131lmayan Op. Dr. Mehmet G\u00fcl, kendisi gibi birka\u00e7 doktor arkada\u015f\u0131 ile Ad\u0131yaman halk\u0131na ve depremde yaralanan vatanda\u015flara ve kendi bran\u015f\u0131yla ilgili hastalara hizmet vererek Ad\u0131yamanl\u0131lar\u0131n y\u00fcre\u011finde apayr\u0131 bir yer edinmi\u015ftir.<\/p>\n\n\n\n<p>\u201cAna gibi yar olmaz \u201c kelimesini ya\u015fama ge\u00e7iren ve Annesinin rahats\u0131zl\u0131\u011f\u0131 nedeniyle Manavgat\u2019\u0131n yolunu ailesi birlikte tutan Koca y\u00fcrekli Doktor Op. Dr. Mehmet G\u00fcl, Ad\u0131yaman\u2019dan ayr\u0131l\u0131rken sosyal medya hesab\u0131ndan yapt\u0131\u011f\u0131 payla\u015f\u0131mla sevenlerini duyguland\u0131rarak Ad\u0131yaman\u2019da b\u00fcy\u00fck iz b\u0131rakanlar listesine dahil olmu\u015ftur.<\/p>\n\n\n\n<p>Bir Ad\u0131yaman Hik\u00e2yesi<\/p>\n\n\n\n<p>Manavgat a\u015f\u0131\u011f\u0131, ana sevgisi a\u011f\u0131r basan Op. Dr. Mehmet G\u00fcl, Ad\u0131yaman\u2019dan ayr\u0131l\u0131\u015f\u0131n\u0131 \u015f\u00f6yle getiriyor dile;<\/p>\n\n\n\n<p>\u201c\u0130ki y\u0131l kal\u0131r, sonra d\u00f6nerim\u201d diye yola \u00e7\u0131km\u0131\u015ft\u0131m\u2026 13 y\u0131l ge\u00e7ti. Bu d\u00f6nem, sadece bir zaman dilimi de\u011fil; hayat\u0131m\u0131n en \u00f6zel, en derin izler b\u0131rakan duraklar\u0131ndan biri oldu.<\/p>\n\n\n\n<p>Ad\u0131yaman mesle\u011fimi icra ederken anne olan nice kad\u0131n\u0131n sevincine, binlerce bebe\u011fin d\u00fcnyaya g\u00f6zlerini a\u00e7\u0131\u015f\u0131na tan\u0131kl\u0131k etti\u011fim, bir\u00e7ok kad\u0131n\u0131n sorunlar\u0131n\u0131 birlikte g\u00f6\u011f\u00fcsleyip sevin\u00e7lerini \u00e7o\u011faltt\u0131\u011f\u0131m\u0131z bir yuvaya d\u00f6n\u00fc\u015ft\u00fc.<\/p>\n\n\n\n<p>Takip etti\u011fim her gebe, kuca\u011f\u0131na bebek alan her anne, g\u00f6z\u00fcmde b\u00fcy\u00fcyen her \u00e7ocuk; hepsi ayr\u0131 bir iz b\u0131rakt\u0131.<\/p>\n\n\n\n<p>Bu topraklarda, sadece mesle\u011fimi yapmad\u0131m; dostluklar kurdum, toplumun her kesiminden \u00e7ok de\u011ferli arkada\u015flar edindim.<\/p>\n\n\n\n<p>Bu \u015fehirde \u00e7ocuklar\u0131m b\u00fcy\u00fcd\u00fc. K\u00fc\u00e7\u00fc\u011f\u00fc burada do\u011fdu, ilk emeklemelerine, ilk kelimelerine, hepsinin arkada\u015flar\u0131na, e\u011fitimlerine, sevin\u00e7lerine ve \u00fcz\u00fcnt\u00fclerine burada \u015fahit olduk.<\/p>\n\n\n\n<p>Ad\u0131yaman\u2019da b\u00fcy\u00fcyen sadece evlatlar\u0131m olmad\u0131; ben de burada b\u00fcy\u00fcd\u00fcm, olgunla\u015ft\u0131m, insan\u0131n kalbine dokunman\u0131n ne denli k\u0131ymetli oldu\u011funu \u00f6\u011frendim.<\/p>\n\n\n\n<p>T\u00fcm Ad\u0131yaman ailesi ile birlikte depremi ya\u015fad\u0131k. Bu zor zamanlarda buray\u0131 terk etmeyi\u015fimiz; insanlar\u0131n ac\u0131s\u0131n\u0131 payla\u015fmak, yaralar\u0131n\u0131 sarmalar\u0131na yard\u0131mc\u0131 olmak, azalan ailelerle yeniden do\u011fmak, \u00f6l\u00fcmlerle k\u00fc\u00e7\u00fclen hayat\u0131n anlam\u0131n\u0131 tekrar derinle\u015ftirmek amac\u0131yla Ad\u0131yaman\u2019a olan sevgi ve vefam\u0131za denk d\u00fc\u015fm\u00fc\u015ft\u00fc.<\/p>\n\n\n\n<p>Bu hik\u00e2yeyi tek ba\u015f\u0131ma yazmad\u0131m\u2026 En b\u00fcy\u00fck destek\u00e7im, hayat yolculu\u011fumdaki en k\u0131ymetli yolda\u015f\u0131m sevgili e\u015fim ve bana hayat\u0131n en g\u00fczel anlamlar\u0131n\u0131 \u00f6\u011freten can\u0131m evlatlar\u0131m\u2026<\/p>\n\n\n\n<p>Bu hik\u00e2ye, hep birlikte yazd\u0131\u011f\u0131m\u0131z bir aile hikayesiydi\u2026<\/p>\n\n\n\n<p>Y\u0131llar\u0131m\u0131 birlikte ge\u00e7irdi\u011fim t\u00fcm dostlar\u0131m, arkada\u015flar\u0131m, hastalar\u0131m, bebeklerim\u2026<\/p>\n\n\n\n<p>\u0130yi ki yollar\u0131m\u0131z kesi\u015fti.<\/p>\n\n\n\n<p>\u0130yi ki bu \u015fehrin bir par\u00e7as\u0131 oldum.<\/p>\n\n\n\n<p>Her \u015fey i\u00e7in, kalpten bir te\u015fekk\u00fcr\u00fc size bor\u00e7 bilirim.<\/p>\n\n\n\n<p>Ama Latin yazar Gabriel Garcia&nbsp; Marquezin dedi\u011fi gibi \u201dbitti diye \u00fcz\u00fclm\u00fcyorum ya\u015fand\u0131 diye seviniyorum\u201d \u015eimdi veda vakti\u2026Kolay de\u011fil.. Hakk\u0131n\u0131z\u0131 helal edin.<\/p>\n\n\n\n<p>Sevgiyle, sayg\u0131yla, minnetle\u2026\u201d s\u00f6ylemi ile Ad\u0131yaman\u2019a veda ederken, do\u011fup b\u00fcy\u00fcd\u00fc\u011f\u00fc y\u00f6r\u00fck kenti Manavgat a\u015fk\u0131 ve annesi sevgi a\u011f\u0131r bast\u0131\u011f\u0131 i\u00e7in memleketine d\u00f6n\u00fcyor.<\/p>\n\n\n\n<p>O art\u0131k Manavgat\u2019ta..O art\u0131k bizlerle a\u011flayacak, bizlerle g\u00fclecek..<\/p>\n\n\n\n<p>Yeni \u00e7ocuklar\u0131n d\u00fcnyaya gelmesine vesile olurken, anne adaylar\u0131n\u0131n en b\u00fcy\u00fck dostu ve s\u0131rda\u015f\u0131 olacak..<\/p>\n\n\n\n<p>Ho\u015f geldin Doktor Mehmet G\u00fcl..Soy ismin gibi t\u00fcm hastalar\u0131nda \u015fifa bulup \u00f6m\u00fcr boyu g\u00fcls\u00fcnler\u2026<\/p>\n\n\n\n<p>Op. Dr. Mehmet G\u00fcl\u2019\u00fcn Klini\u011finde \u00f6zellikle genital estetik, gebelik ve do\u011fum, cinsel i\u015flev bozukluklar\u0131 ve infertilite (k\u0131s\u0131rl\u0131k) tedavileri \u00fczerine yo\u011funla\u015ft\u0131\u011f\u0131n\u0131 belirten Dr. G\u00fcl, hastalar\u0131na sundu\u011fu hizmetleri \u015f\u00f6yle s\u0131ralad\u0131:<\/p>\n\n\n\n<p>\u2022Gebelik Takibi &amp; Normal\/Sezaryen Do\u011fum<\/p>\n\n\n\n<p>\u2022Genital Estetik<\/p>\n\n\n\n<p>\u2022Kad\u0131n Hastal\u0131klar\u0131<\/p>\n\n\n\n<p>\u2022Vajinismus &amp; \u0130nfertilite Tedavisi<\/p>\n\n\n\n<p>\u2022\u0130drar Ka\u00e7\u0131rma Tedavisi<\/p>\n\n\n\n<p>\u2022Laparoskopik Ameliyatlar<\/p>\n\n\n\n<p>\u2022T\u00fcp Bebek<\/p>\n\n\n\n<p>Dr. G\u00fcl&#8217;\u00fcn klini\u011fi Yukar\u0131 Hisar Mahallesi, Hastane Caddesi, No:29 Daire:6 adresinde yer al\u0131yor.<\/p>\n\n\n\n<p>Haber Merkezi<\/p>\n","protected":false},"excerpt":{"rendered":"<p>Ge\u00e7ti\u011fimiz g\u00fcnlerde Manavgat Belediye ba\u015fkan vekili Mehmet \u00c7i\u00e7ek ve protokol\u00fcn kat\u0131l\u0131m\u0131 ile Manavgat\u2019ta hastalar\u0131 ile bulu\u015fan Op. Dr. Mehmet G\u00fcl\u2019\u00fc muayenehanesinde ziyaret ettik.. G\u00fcler y\u00fcz\u00fc <a href=\"https:\/\/akdenizhaber.com.tr\/index.php\/2025\/09\/18\/manavgat-sevdasi-ana-sevgisi-agir-basti-op-dr-mehmet-gul-artik-manavgatta\/\" class=\"read-more-link\">[more&#8230;]<\/a><\/p>\n","protected":false},"author":2,"featured_media":30102,"comment_status":"open","ping_status":"open","sticky":false,"template":"","format":"standard","meta":{"footnotes":""},"categories":[2],"tags":[],"class_list":["post-30101","post","type-post","status-publish","format-standard","has-post-thumbnail","hentry","category-gundem"],"_links":{"self":[{"href":"https:\/\/akdenizhaber.com.tr\/index.php\/wp-json\/wp\/v2\/posts\/30101","targetHints":{"allow":["GET"]}}],"collection":[{"href":"https:\/\/akdenizhaber.com.tr\/index.php\/wp-json\/wp\/v2\/posts"}],"about":[{"href":"https:\/\/akdenizhaber.com.tr\/index.php\/wp-json\/wp\/v2\/types\/post"}],"author":[{"embeddable":true,"href":"https:\/\/akdenizhaber.com.tr\/index.php\/wp-json\/wp\/v2\/users\/2"}],"replies":[{"embeddable":true,"href":"https:\/\/akdenizhaber.com.tr\/index.php\/wp-json\/wp\/v2\/comments?post=30101"}],"version-history":[{"count":2,"href":"https:\/\/akdenizhaber.com.tr\/index.php\/wp-json\/wp\/v2\/posts\/30101\/revisions"}],"predecessor-version":[{"id":30116,"href":"https:\/\/akdenizhaber.com.tr\/index.php\/wp-json\/wp\/v2\/posts\/30101\/revisions\/30116"}],"wp:featuredmedia":[{"embeddable":true,"href":"https:\/\/akdenizhaber.com.tr\/index.php\/wp-json\/wp\/v2\/media\/30102"}],"wp:attachment":[{"href":"https:\/\/akdenizhaber.com.tr\/index.php\/wp-json\/wp\/v2\/media?parent=30101"}],"wp:term":[{"taxonomy":"category","embeddable":true,"href":"https:\/\/akdenizhaber.com.tr\/index.php\/wp-json\/wp\/v2\/categories?post=30101"},{"taxonomy":"post_tag","embeddable":true,"href":"https:\/\/akdenizhaber.com.tr\/index.php\/wp-json\/wp\/v2\/tags?post=30101"}],"curies":[{"name":"wp","href":"https:\/\/api.w.org\/{rel}","templated":true}]}}