{"id":30087,"date":"2025-09-18T16:02:24","date_gmt":"2025-09-18T13:02:24","guid":{"rendered":"https:\/\/akdenizhaber.com.tr\/?p=30087"},"modified":"2025-09-18T16:02:25","modified_gmt":"2025-09-18T13:02:25","slug":"sedat-pekerden-kepezspor-futbol-a-s-ye-destek","status":"publish","type":"post","link":"https:\/\/akdenizhaber.com.tr\/index.php\/2025\/09\/18\/sedat-pekerden-kepezspor-futbol-a-s-ye-destek\/","title":{"rendered":"Sedat Peker\u2019den Kepezspor Futbol A.\u015e.\u2019ye destek"},"content":{"rendered":"\n<p>Antalyaspor\u2019un eski ba\u015fkan\u0131 Sedat Peker, Antalya\u2019n\u0131n 2. Lig temsilcisi Kepezspor Futbol A.\u015e.\u2019ye b\u00fcy\u00fck destek verdi.<\/p>\n\n\n\n<p>Antalya\u2019n\u0131n 2. Lig temsilcisi Kepezspor Futbol A.\u015e.\u2019ye, Antalyaspor\u2019un eski ba\u015fkan\u0131 Sedat Peker, \u201c\u015eehrimizin tak\u0131m\u0131 Kepezspor\u2019a \u015fimdi destek zaman\u0131\u201d diyerek, \u00f6nemli bir katk\u0131da bulundu. Peker, \u201cBiz de elimizden geldi\u011fi kadar Kepezsporumuza destek olmak i\u00e7in ta\u015f\u0131n alt\u0131na elimizi koyduk. Bundan sonraki s\u00fcre\u00e7te ve ma\u00e7larda Kepezsporumuza ba\u015far\u0131lar diliyorum\u201d dedi.<\/p>\n\n\n\n<p>Kepez Belediye Ba\u015fkan\u0131 Mesut Kocag\u00f6z, Antalyaspor\u2019un eski ba\u015fkan\u0131 Sedat Peker\u2019e te\u015fekk\u00fcr ederek, \u015eehrimizin tak\u0131m\u0131 Kepezsporumuza verdi\u011fi destekten dolay\u0131 kendilerine minnettar\u0131z\u201d dedi.<\/p>\n\n\n\n<p>Sedat Peker\u2019e Kepezspor Futbol A.\u015e.\u2019ye desteklerinden dolay\u0131 tak\u0131m\u0131n&nbsp; formas\u0131 hediye edildi.<\/p>\n\n\n\n<p>Kepez Belediyesi \/ B\u00fclten<\/p>\n","protected":false},"excerpt":{"rendered":"<p>Antalyaspor\u2019un eski ba\u015fkan\u0131 Sedat Peker, Antalya\u2019n\u0131n 2. Lig temsilcisi Kepezspor Futbol A.\u015e.\u2019ye b\u00fcy\u00fck destek verdi. Antalya\u2019n\u0131n 2. Lig temsilcisi Kepezspor Futbol A.\u015e.\u2019ye, Antalyaspor\u2019un eski ba\u015fkan\u0131 <a href=\"https:\/\/akdenizhaber.com.tr\/index.php\/2025\/09\/18\/sedat-pekerden-kepezspor-futbol-a-s-ye-destek\/\" class=\"read-more-link\">[more&#8230;]<\/a><\/p>\n","protected":false},"author":2,"featured_media":30088,"comment_status":"open","ping_status":"open","sticky":false,"template":"","format":"standard","meta":{"footnotes":""},"categories":[2],"tags":[],"class_list":["post-30087","post","type-post","status-publish","format-standard","has-post-thumbnail","hentry","category-gundem"],"_links":{"self":[{"href":"https:\/\/akdenizhaber.com.tr\/index.php\/wp-json\/wp\/v2\/posts\/30087","targetHints":{"allow":["GET"]}}],"collection":[{"href":"https:\/\/akdenizhaber.com.tr\/index.php\/wp-json\/wp\/v2\/posts"}],"about":[{"href":"https:\/\/akdenizhaber.com.tr\/index.php\/wp-json\/wp\/v2\/types\/post"}],"author":[{"embeddable":true,"href":"https:\/\/akdenizhaber.com.tr\/index.php\/wp-json\/wp\/v2\/users\/2"}],"replies":[{"embeddable":true,"href":"https:\/\/akdenizhaber.com.tr\/index.php\/wp-json\/wp\/v2\/comments?post=30087"}],"version-history":[{"count":1,"href":"https:\/\/akdenizhaber.com.tr\/index.php\/wp-json\/wp\/v2\/posts\/30087\/revisions"}],"predecessor-version":[{"id":30089,"href":"https:\/\/akdenizhaber.com.tr\/index.php\/wp-json\/wp\/v2\/posts\/30087\/revisions\/30089"}],"wp:featuredmedia":[{"embeddable":true,"href":"https:\/\/akdenizhaber.com.tr\/index.php\/wp-json\/wp\/v2\/media\/30088"}],"wp:attachment":[{"href":"https:\/\/akdenizhaber.com.tr\/index.php\/wp-json\/wp\/v2\/media?parent=30087"}],"wp:term":[{"taxonomy":"category","embeddable":true,"href":"https:\/\/akdenizhaber.com.tr\/index.php\/wp-json\/wp\/v2\/categories?post=30087"},{"taxonomy":"post_tag","embeddable":true,"href":"https:\/\/akdenizhaber.com.tr\/index.php\/wp-json\/wp\/v2\/tags?post=30087"}],"curies":[{"name":"wp","href":"https:\/\/api.w.org\/{rel}","templated":true}]}}