{"id":30083,"date":"2025-09-18T16:01:40","date_gmt":"2025-09-18T13:01:40","guid":{"rendered":"https:\/\/akdenizhaber.com.tr\/?p=30083"},"modified":"2025-09-18T16:01:41","modified_gmt":"2025-09-18T13:01:41","slug":"cosar-tasimali-egitimde-ogrencilerin-ulasim-sorunu-artiyor","status":"publish","type":"post","link":"https:\/\/akdenizhaber.com.tr\/index.php\/2025\/09\/18\/cosar-tasimali-egitimde-ogrencilerin-ulasim-sorunu-artiyor\/","title":{"rendered":"Co\u015far, \u2018Ta\u015f\u0131mal\u0131 E\u011fitimde \u00d6\u011frencilerin Ula\u015f\u0131m Sorunu Art\u0131yor\u2019"},"content":{"rendered":"\n<p>CHP Antalya Milletvekili Aliye Co\u015far, ta\u015f\u0131mal\u0131 e\u011fitimde \u00f6\u011frenci ta\u015f\u0131mac\u0131l\u0131\u011f\u0131nda ya\u015fanan sorunlar\u0131 verdi\u011fi soru \u00f6nergesi ile TBMM\u2019ye ta\u015f\u0131d\u0131.<\/p>\n\n\n\n<p>2025-2026 e\u011fitim-\u00f6\u011fretim y\u0131l\u0131 ba\u015flarken ta\u015f\u0131mal\u0131 e\u011fitimde servis ihalelerinin sonu\u00e7suz kalmas\u0131, bir\u00e7ok il ve il\u00e7ede \u00f6\u011frencilerin okula ula\u015f\u0131m\u0131n\u0131 tehlikeye soktu\u011funu belirten CHP\u2019li Co\u015far, \u00f6zellikle Manavgat\u2019ta velilerin, \u00e7ocuklar\u0131n\u0131n ta\u015f\u0131mal\u0131 sistem kapsam\u0131nda servis bulamamas\u0131 nedeniyle b\u00fcy\u00fck ma\u011fduriyet ya\u015fad\u0131\u011f\u0131n\u0131 belirtti.<\/p>\n\n\n\n<p>CHP Antalya Milletvekili Co\u015far, verdi\u011fi \u00f6nerge sonras\u0131 yapt\u0131\u011f\u0131 a\u00e7\u0131klama da \u015fu ifadeleri kulland\u0131;<\/p>\n\n\n\n<p>\u201cMilli E\u011fitim Bakanl\u0131\u011f\u0131, ta\u015f\u0131mal\u0131 e\u011fitimde servis \u00fccretlerini ge\u00e7ti\u011fimiz y\u0131lda oldu\u011fu gibi bu y\u0131lda \u00fclkenin ger\u00e7ek ekonomik verilerine g\u00f6re haz\u0131rlamam\u0131\u015f, belirledi\u011fi 0-3 kilometre g\u00fcnl\u00fck yevmiye oran\u0131 1.100 TL olarak a\u00e7\u0131klayan bakanl\u0131k artan akaryak\u0131t, sigorta, bak\u0131m ve yedek par\u00e7a maliyetlerini d\u00fc\u015f\u00fcnmeden ta\u015f\u0131ma yapan esnaf\u0131 g\u00f6rmezden geldi\u011fi i\u00e7in, ihaleler sonu\u00e7suz kal\u0131yor. Esnaf\u0131n ihalelere girmemesi sonucunda ta\u015f\u0131mal\u0131 sistem bir\u00e7ok yerde i\u015flemezken, veliler kendi imkanlar\u0131yla servis ayarlamak zorunda kal\u0131yor. Ne var ki velilerin servis \u00fccretlerini kar\u015f\u0131layacak ekonomik g\u00fcc\u00fc yok. Veliler, ekonomik \u015fartlar\u0131n a\u011f\u0131rl\u0131\u011f\u0131 nedeniyle \u00e7ocuklar\u0131n\u0131 kendi imkanlar\u0131yla okula g\u00f6nderemeyecek durumda olduklar\u0131n\u0131 vurguluyor. Manavgat\u2019ta \u00e7ok say\u0131da ailenin, servis \u00fccretlerini kar\u015f\u0131layamad\u0131\u011f\u0131 i\u00e7in \u00e7aresiz kald\u0131\u011f\u0131 ifade ediliyor.\u201d<\/p>\n\n\n\n<p>BAKANLIK G\u00d6RMEZDEN GEL\u0130YOR, \u00c7OCUKLAR OKULA G\u0130DEM\u0130YOR<\/p>\n\n\n\n<p>\u201cTa\u015f\u0131mal\u0131 e\u011fitim sisteminden sorumlu olan bakanl\u0131k, \u00f6\u011frencilerin e\u011fitim hakk\u0131ndan oldu\u011fu kadar ula\u015f\u0131mlar\u0131ndan da sorumludur. Ancak iktidar\u0131n yanl\u0131\u015f e\u011fitim politikalar\u0131 \u00f6\u011frencileri, velileri ve esnaf\u0131 da ayn\u0131 anda ma\u011fdur ediyor. Sadece Manavgat\u2019ta elliye yak\u0131n hatta \u00f6\u011frenci servisi ihalesi yap\u0131lamad\u0131\u011f\u0131 i\u00e7in k\u0131rsaldaki \u00f6\u011frencilerin e\u011fitim hakk\u0131 elinden al\u0131n\u0131yor. \u00d6\u011frenci ta\u015f\u0131mac\u0131l\u0131\u011f\u0131nda ya\u015fanan bu durum nedeniyle bir\u00e7ok \u00f6\u011frenci okula ba\u015flayamad\u0131. Ekonomik kriz ortam\u0131nda veliler \u00f6zel servis imkanlar\u0131n\u0131 kar\u015f\u0131layamaz. Milli E\u011fitim Bakan\u0131 Tekin ta\u015f\u0131mal\u0131 sistemdeki \u00f6\u011frencilerimizin ula\u015f\u0131m sorununu g\u00f6rmemezlikten geliyor. \u00d6\u011frencileri okullar\u0131na g\u00f6t\u00fcremeyen bir bakan o koltu\u011fu daha fazla i\u015fgal etmemelidir. \u00d6\u011frencilerimizin e\u011fitim hakk\u0131na eri\u015fimini engelleyen bu sorun zaman kaybedilmeden \u00e7\u00f6z\u00fclmelidir.\u201d&nbsp; &nbsp;<\/p>\n\n\n\n<p>Haber Merkezi<\/p>\n","protected":false},"excerpt":{"rendered":"<p>CHP Antalya Milletvekili Aliye Co\u015far, ta\u015f\u0131mal\u0131 e\u011fitimde \u00f6\u011frenci ta\u015f\u0131mac\u0131l\u0131\u011f\u0131nda ya\u015fanan sorunlar\u0131 verdi\u011fi soru \u00f6nergesi ile TBMM\u2019ye ta\u015f\u0131d\u0131. 2025-2026 e\u011fitim-\u00f6\u011fretim y\u0131l\u0131 ba\u015flarken ta\u015f\u0131mal\u0131 e\u011fitimde servis ihalelerinin <a href=\"https:\/\/akdenizhaber.com.tr\/index.php\/2025\/09\/18\/cosar-tasimali-egitimde-ogrencilerin-ulasim-sorunu-artiyor\/\" class=\"read-more-link\">[more&#8230;]<\/a><\/p>\n","protected":false},"author":2,"featured_media":30085,"comment_status":"open","ping_status":"open","sticky":false,"template":"","format":"standard","meta":{"footnotes":""},"categories":[2],"tags":[],"class_list":["post-30083","post","type-post","status-publish","format-standard","has-post-thumbnail","hentry","category-gundem"],"_links":{"self":[{"href":"https:\/\/akdenizhaber.com.tr\/index.php\/wp-json\/wp\/v2\/posts\/30083","targetHints":{"allow":["GET"]}}],"collection":[{"href":"https:\/\/akdenizhaber.com.tr\/index.php\/wp-json\/wp\/v2\/posts"}],"about":[{"href":"https:\/\/akdenizhaber.com.tr\/index.php\/wp-json\/wp\/v2\/types\/post"}],"author":[{"embeddable":true,"href":"https:\/\/akdenizhaber.com.tr\/index.php\/wp-json\/wp\/v2\/users\/2"}],"replies":[{"embeddable":true,"href":"https:\/\/akdenizhaber.com.tr\/index.php\/wp-json\/wp\/v2\/comments?post=30083"}],"version-history":[{"count":1,"href":"https:\/\/akdenizhaber.com.tr\/index.php\/wp-json\/wp\/v2\/posts\/30083\/revisions"}],"predecessor-version":[{"id":30086,"href":"https:\/\/akdenizhaber.com.tr\/index.php\/wp-json\/wp\/v2\/posts\/30083\/revisions\/30086"}],"wp:featuredmedia":[{"embeddable":true,"href":"https:\/\/akdenizhaber.com.tr\/index.php\/wp-json\/wp\/v2\/media\/30085"}],"wp:attachment":[{"href":"https:\/\/akdenizhaber.com.tr\/index.php\/wp-json\/wp\/v2\/media?parent=30083"}],"wp:term":[{"taxonomy":"category","embeddable":true,"href":"https:\/\/akdenizhaber.com.tr\/index.php\/wp-json\/wp\/v2\/categories?post=30083"},{"taxonomy":"post_tag","embeddable":true,"href":"https:\/\/akdenizhaber.com.tr\/index.php\/wp-json\/wp\/v2\/tags?post=30083"}],"curies":[{"name":"wp","href":"https:\/\/api.w.org\/{rel}","templated":true}]}}