{"id":30068,"date":"2025-09-15T17:20:40","date_gmt":"2025-09-15T14:20:40","guid":{"rendered":"https:\/\/akdenizhaber.com.tr\/?p=30068"},"modified":"2025-09-15T17:20:41","modified_gmt":"2025-09-15T14:20:41","slug":"turkiyenin-en-buyuk-tarim-teknokenti-antalyada-hayata-geciyor","status":"publish","type":"post","link":"https:\/\/akdenizhaber.com.tr\/index.php\/2025\/09\/15\/turkiyenin-en-buyuk-tarim-teknokenti-antalyada-hayata-geciyor\/","title":{"rendered":"T\u00fcrkiye\u2019nin En B\u00fcy\u00fck Tar\u0131m Teknokenti Antalya\u2019da Hayata Ge\u00e7iyor"},"content":{"rendered":"\n<p>T\u00fcrkiye\u2019nin en b\u00fcy\u00fck tar\u0131m teknokenti Antalya\u2019da kuruluyor. Antalya Tar\u0131m Teknokenti, ileri teknoloji ve bilimsel altyap\u0131yla tar\u0131m\u0131n gelece\u011fini \u015fekillendirecek; Antalya\u2019y\u0131 Akdeniz\u2019in tar\u0131m inovasyon merkezi haline getirecek.<\/p>\n\n\n\n<p>Akdeniz \u00dcniversitesi, Antalya\u2019n\u0131n tar\u0131msal g\u00fcc\u00fcn\u00fc ileri teknolojiyle bulu\u015fturacak yeni bir projeyi hayata ge\u00e7iriyor. Cumhurba\u015fkanl\u0131\u011f\u0131 karar\u0131yla Bat\u0131 Akdeniz Teknokenti Teknoloji Geli\u015ftirme B\u00f6lgesi TGB-2 ek alan\u0131 olarak ilan edilen Antalya Tar\u0131m Teknokenti, Antalya Aksu\u2019da yakla\u015f\u0131k 1.100 dekar (110 hektar) alanda kurulacak.<\/p>\n\n\n\n<p>TARIMDA TEKNOLOJ\u0130 \u00dcSS\u00dc<\/p>\n\n\n\n<p>Antalya Tar\u0131m Teknokenti; su verimli \u00fcretim sistemleri, ak\u0131ll\u0131 sera otomasyonu, biyoteknoloji ve genetik \u0131slah, tar\u0131m robotlar\u0131, hassas tar\u0131m ve yapay zek\u00e2 uygulamalar\u0131 gibi alanlarda m\u00fckemmeliyet k\u00fcmeleri olu\u015fturacak. B\u00f6ylece \u00e7ift\u00e7iler, giri\u015fimciler, sanayi temsilcileri ve akademisyenler ayn\u0131 sahada bulu\u015farak tar\u0131m\u0131n gelece\u011fine y\u00f6n verecek inovatif \u00e7\u00f6z\u00fcmler geli\u015ftirecek.<\/p>\n\n\n\n<p>ANTALYA\u2019NIN STRATEJ\u0130K KONUMU<\/p>\n\n\n\n<p>T\u00fcrkiye\u2019nin \u00f6rt\u00fcalt\u0131 \u00fcretim merkezi olan Antalya, sahip oldu\u011fu potansiyelle tar\u0131m teknolojileri i\u00e7in do\u011fal bir \u201cya\u015fayan laboratuvar\u201d konumunda. Tar\u0131m Teknokenti, bu \u00fcst\u00fcnl\u00fc\u011f\u00fc bilimsel altyap\u0131 ve ileri teknolojiyle birle\u015ftirerek hem T\u00fcrkiye\u2019de hem de Akdeniz havzas\u0131nda \u00f6nc\u00fc bir merkez olmay\u0131 hedefliyor.<\/p>\n\n\n\n<p>ANTALYA\u2019YI TARIMDA D\u00dcNYA L\u0130G\u0130NE TA\u015eIYACAK<\/p>\n\n\n\n<p>Akdeniz \u00dcniversitesi Rekt\u00f6r\u00fc Prof. Dr. \u00d6zlenen \u00d6zkan, projeyle ilgili yapt\u0131\u011f\u0131 de\u011ferlendirmede \u015funlar\u0131 s\u00f6yledi: \u201cAntalya Tar\u0131m Teknokenti, \u015fehrimizin tar\u0131msal g\u00fcc\u00fcn\u00fc ileri teknolojiyle bulu\u015fturacak, su verimlili\u011fi ve iklim-diren\u00e7li \u00fcretimi merkezine alan bir yenilik \u00fcss\u00fc olacak. Bu ad\u0131m, Antalya\u2019y\u0131 yaln\u0131zca T\u00fcrkiye\u2019de de\u011fil, Akdeniz havzas\u0131nda da bir tar\u0131m teknolojileri cazibe merkezi haline getirecek. Bu \u00f6nemli konuda k\u0131ymetli destekleri i\u00e7in Cumhurba\u015fkan\u0131m\u0131z Say\u0131n Recep Tayyip Erdo\u011fan\u2019a ve Sanayi ve Teknoloji Bakanl\u0131\u011f\u0131m\u0131z Say\u0131n Mehmet Fatih&nbsp; Kac\u0131r\u2019a \u015f\u00fckranlar\u0131m\u0131 sunuyor; \u00fcniversitemizin akademik birikimini giri\u015fimcilerimiz ve sanayimizle birlikte gelece\u011fe ta\u015f\u0131maktan b\u00fcy\u00fck gurur duyuyorum.\u201d<\/p>\n\n\n\n<p>T\u00dcRK\u0130YE\u2019N\u0130N EN B\u00dcY\u00dcK TARIM TEKNOKENT\u0130<\/p>\n\n\n\n<p>Antalya Teknokent Genel M\u00fcd\u00fcr\u00fc Dr. \u0130brahim Yavuz ise proje i\u00e7in \u015fu ifadeleri kulland\u0131: \u201cAntalya Tar\u0131m Teknokenti, Antalya\u2019m\u0131za ve \u00fclkemize hay\u0131rl\u0131 u\u011furlu olsun. Uzun y\u0131llard\u0131r yo\u011fun \u00e7aba sarf etti\u011fimiz bu projenin ger\u00e7ekle\u015fmesinin mutlulu\u011funu ve gururunu ya\u015f\u0131yoruz. 12 Eyl\u00fcl 2025 tarih ve 10389 say\u0131l\u0131 Cumhurba\u015fkanl\u0131\u011f\u0131 karar\u0131 ile ilan edilen bu ek alan, Akdeniz \u00dcniversitesi Antalya Teknokent\u2019in ek alan\u0131 olarak faaliyet g\u00f6sterecek ve \u00f6ncelikli olarak G\u0131da ve Tar\u0131m Teknolojileri alan\u0131na odaklanacakt\u0131r. 1100 d\u00f6n\u00fcml\u00fck alanda hayata ge\u00e7irece\u011fimiz Tar\u0131m Teknokenti, T\u00fcrkiye\u2019nin en b\u00fcy\u00fc\u011f\u00fc, d\u00fcnyan\u0131n ise say\u0131l\u0131 Tar\u0131m Teknokentleri aras\u0131nda yer alacakt\u0131r. Projemiz, \u00fcniversite-sanayi i\u015f birli\u011finin de en g\u00fc\u00e7l\u00fc \u00f6rneklerinden biri olacak. Bu s\u00fcre\u00e7te desteklerini esirgemeyen ba\u015fta Rekt\u00f6r\u00fcm\u00fcz ve Y\u00f6netim Kurulu Ba\u015fkan\u0131m\u0131z Prof. Dr. \u00d6zlenen \u00d6zkan hocam\u0131za, Sanayi ve Teknoloji Bakanl\u0131\u011f\u0131m\u0131za ve Antalya Teknokent ekibimize te\u015fekk\u00fcr&nbsp;ediyorum.\u201d<\/p>\n\n\n\n<p>Akdeniz \u00dcniversitesi Rekt\u00f6rl\u00fc\u011f\u00fc \/ B\u00fclten<\/p>\n","protected":false},"excerpt":{"rendered":"<p>T\u00fcrkiye\u2019nin en b\u00fcy\u00fck tar\u0131m teknokenti Antalya\u2019da kuruluyor. Antalya Tar\u0131m Teknokenti, ileri teknoloji ve bilimsel altyap\u0131yla tar\u0131m\u0131n gelece\u011fini \u015fekillendirecek; Antalya\u2019y\u0131 Akdeniz\u2019in tar\u0131m inovasyon merkezi haline getirecek. <a href=\"https:\/\/akdenizhaber.com.tr\/index.php\/2025\/09\/15\/turkiyenin-en-buyuk-tarim-teknokenti-antalyada-hayata-geciyor\/\" class=\"read-more-link\">[more&#8230;]<\/a><\/p>\n","protected":false},"author":2,"featured_media":30069,"comment_status":"open","ping_status":"open","sticky":false,"template":"","format":"standard","meta":{"footnotes":""},"categories":[2],"tags":[],"class_list":["post-30068","post","type-post","status-publish","format-standard","has-post-thumbnail","hentry","category-gundem"],"_links":{"self":[{"href":"https:\/\/akdenizhaber.com.tr\/index.php\/wp-json\/wp\/v2\/posts\/30068","targetHints":{"allow":["GET"]}}],"collection":[{"href":"https:\/\/akdenizhaber.com.tr\/index.php\/wp-json\/wp\/v2\/posts"}],"about":[{"href":"https:\/\/akdenizhaber.com.tr\/index.php\/wp-json\/wp\/v2\/types\/post"}],"author":[{"embeddable":true,"href":"https:\/\/akdenizhaber.com.tr\/index.php\/wp-json\/wp\/v2\/users\/2"}],"replies":[{"embeddable":true,"href":"https:\/\/akdenizhaber.com.tr\/index.php\/wp-json\/wp\/v2\/comments?post=30068"}],"version-history":[{"count":1,"href":"https:\/\/akdenizhaber.com.tr\/index.php\/wp-json\/wp\/v2\/posts\/30068\/revisions"}],"predecessor-version":[{"id":30070,"href":"https:\/\/akdenizhaber.com.tr\/index.php\/wp-json\/wp\/v2\/posts\/30068\/revisions\/30070"}],"wp:featuredmedia":[{"embeddable":true,"href":"https:\/\/akdenizhaber.com.tr\/index.php\/wp-json\/wp\/v2\/media\/30069"}],"wp:attachment":[{"href":"https:\/\/akdenizhaber.com.tr\/index.php\/wp-json\/wp\/v2\/media?parent=30068"}],"wp:term":[{"taxonomy":"category","embeddable":true,"href":"https:\/\/akdenizhaber.com.tr\/index.php\/wp-json\/wp\/v2\/categories?post=30068"},{"taxonomy":"post_tag","embeddable":true,"href":"https:\/\/akdenizhaber.com.tr\/index.php\/wp-json\/wp\/v2\/tags?post=30068"}],"curies":[{"name":"wp","href":"https:\/\/api.w.org\/{rel}","templated":true}]}}