{"id":30062,"date":"2025-09-15T17:19:37","date_gmt":"2025-09-15T14:19:37","guid":{"rendered":"https:\/\/akdenizhaber.com.tr\/?p=30062"},"modified":"2025-09-15T17:19:37","modified_gmt":"2025-09-15T14:19:37","slug":"akdeniz-universitesi-hastanesi-noroloji-poliklinigi-yeni-binasinin-temeli-atildi","status":"publish","type":"post","link":"https:\/\/akdenizhaber.com.tr\/index.php\/2025\/09\/15\/akdeniz-universitesi-hastanesi-noroloji-poliklinigi-yeni-binasinin-temeli-atildi\/","title":{"rendered":"Akdeniz \u00dcniversitesi Hastanesi N\u00f6roloji Poliklini\u011fi Yeni Binas\u0131n\u0131n Temeli At\u0131ld\u0131"},"content":{"rendered":"\n<p>Akdeniz \u00dcniversitesi, sa\u011fl\u0131k yat\u0131r\u0131mlar\u0131na bir yenisini daha ekleyerek N\u00f6roloji Poliklini\u011fi\u2019nin yeni hizmet binas\u0131n\u0131n temelini att\u0131. \u00dcniversitede her ay gelece\u011fe y\u00f6nelik \u00f6nemli bir ad\u0131m at\u0131lmas\u0131na \u015fahit olmaktan mutluluk duydu\u011funu s\u00f6yleyen Vali Hulusi \u015eahin, Akdeniz \u00dcniversitesi\u2019nin Antalya\u2019n\u0131n medar\u0131iftihar\u0131 oldu\u011funu s\u00f6yledi. Rekt\u00f6r \u00d6zkan da sa\u011fl\u0131k alan\u0131ndaki yat\u0131r\u0131mlar\u0131n h\u0131z kesmeden s\u00fcrece\u011fini vurgulad\u0131.<\/p>\n\n\n\n<p>A\u011fustos ay\u0131nda 900 yatakl\u0131 yeni hastane binas\u0131n\u0131n temelinin at\u0131lmas\u0131n\u0131n ard\u0131ndan Akdeniz \u00dcniversitesi Hastanesinde N\u00f6roloji Poliklini\u011finin yeni binas\u0131 i\u00e7in de in\u015faat \u00e7al\u0131\u015fmalar\u0131 ba\u015flad\u0131. Akdeniz \u00dcniversitesi Hastanesi K Blok yan\u0131na yap\u0131lacak N\u00f6roloji Poliklini\u011fi yeni binas\u0131n\u0131n temeli, Antalya Valisi Hulusi \u015eahin ve Akdeniz \u00dcniversitesi Rekt\u00f6r\u00fc Prof. Dr. \u00d6zlenen \u00d6zkan\u2019\u0131n kat\u0131l\u0131m\u0131yla d\u00fczenlenen t\u00f6renle at\u0131ld\u0131. T\u00f6rene Cumhuriyet Ba\u015fsavc\u0131s\u0131 Yakup Ali Kahveci, Tuncer Karpuzo\u011flu Organ Nakli Enstit\u00fcs\u00fc M\u00fcd\u00fcr\u00fc Prof. Dr. \u00d6mer \u00d6zkan, Rekt\u00f6r Yard\u0131mc\u0131lar\u0131 Prof. Dr. \u015e\u00fckr\u00fc \u00d6zen, Prof. Dr. Cengiz Toker, Hastane Ba\u015fhekimi Prof. Dr. Y\u0131ld\u0131ray \u00c7ete, Genel Sekreter Dr. Ali Evren \u0130mre, fak\u00fclte dekanlar\u0131, ba\u015fhekim yard\u0131mc\u0131lar\u0131, hastane y\u00f6neticileri ve \u00e7al\u0131\u015fanlar kat\u0131ld\u0131.<\/p>\n\n\n\n<p>AKDEN\u0130Z \u00dcN\u0130VERS\u0130TES\u0130 ANTALYA&#8217;NIN MEDARI\u0130FT\u0130HARI<\/p>\n\n\n\n<p>Akdeniz \u00dcniversitesi&#8217;nde yine bir temel atma t\u00f6reninde daha bir arada olmaktan mutluluk duydu\u011funu belirten Antalya Valisi Hulusi \u015eahin, \u201c\u00dc\u00e7 haftada bir, ayda bir Akdeniz \u00dcniversitesi&#8217;nde olumlu, g\u00fczel, gelece\u011fe y\u00f6nelik mutlaka bir ad\u0131m at\u0131l\u0131yor. Bu bir temel atma oluyor. Ya bir yeni bilimsel bir \u00e7al\u0131\u015fma, ya bir proje oluyor. Ama Akdeniz \u00dcniversitesi Antalya&#8217;n\u0131n g\u00f6z bebe\u011fi, medar\u0131iftihar\u0131 olmaya devam ediyor. Bunda eme\u011fi ge\u00e7en ba\u015fta k\u0131ymetli rekt\u00f6r hocam\u0131z Prof. Dr. \u00d6zlenen \u00d6zkan hocam\u0131za ve hepimizin medar\u0131iftihar\u0131 \u00e7ok k\u0131ymetli Prof. Dr. \u00d6mer \u00d6zkan hocam\u0131za, rekt\u00f6r yard\u0131mc\u0131lar\u0131m\u0131za, dekanlar\u0131m\u0131za, hocalar\u0131m\u0131za ve bu b\u00fcy\u00fck Akdeniz \u00dcniversitesi ailesinin t\u00fcm mensuplar\u0131na te\u015fekk\u00fcr ediyoruz.\u201d diye konu\u015ftu.<\/p>\n\n\n\n<p>EME\u011e\u0130 GE\u00c7ENLERE TE\u015eEKK\u00dcR<\/p>\n\n\n\n<p>Projede eme\u011fi ge\u00e7enlere te\u015fekk\u00fcr eden Vali \u015eahin, \u201cTedavisi uzun s\u00fcren zor ve zahmetli olan hastal\u0131klar i\u00e7in uzun s\u00fcreli bir rehabilitasyon ve bak\u0131m s\u00fcreci gerektiriyor. Bunun i\u00e7in de ger\u00e7ekten farkl\u0131 m\u00fcstakil bir binaya ihtiya\u00e7 oldu\u011fu anla\u015f\u0131l\u0131yor. Bu sebeple Rekt\u00f6r Hocam\u0131z\u0131n liderli\u011finde Mimarl\u0131k Fak\u00fcltemizin katk\u0131lar\u0131, k\u0131ymetli Akta\u015f ailesinin de destekleriyle b\u00f6yle g\u00fczel bir tesis in\u015fallah hayata ge\u00e7irilecek. \u00d6mer Hoca&#8217;n\u0131n titizli\u011fi sayesinde \u00fc\u00e7 ay i\u00e7erisinde in\u015fallah bitecek. Hep birlikte k\u0131rm\u0131z\u0131 kurdeleyi \u0130rfan Bey ve \u00e7ok k\u0131ymetli e\u015fleriyle beraber kesmek nasip olur diyorum. Hay\u0131rlara vesile olmas\u0131n\u0131 diliyorum.\u201d diye konu\u015ftu.<\/p>\n\n\n\n<p>SA\u011eLIK YATIRIMLARINA HIZ KESMEDEN DEVAM<\/p>\n\n\n\n<p>Akdeniz \u00dcniversitesi Rekt\u00f6r\u00fc Prof. Dr. \u00d6zlenen \u00d6zkan ise t\u00f6rende yapt\u0131\u011f\u0131 konu\u015fmada Akdeniz \u00dcniversitesi\u2019nin sa\u011fl\u0131k alan\u0131ndaki yat\u0131r\u0131mlar\u0131na h\u0131z kesmeden devam etti\u011fini belirterek birka\u00e7 hafta \u00f6nce 900 yatakl\u0131 yeni hastane binas\u0131n\u0131n, bug\u00fcn de n\u00f6roloji poliklini\u011finin yeni binas\u0131n\u0131n temelini att\u0131klar\u0131n\u0131 s\u00f6yledi.<\/p>\n\n\n\n<p>N\u00d6ROLOJ\u0130 HASTALARINA \u00d6ZEL MR VE TOMOGRAF\u0130 C\u0130HAZLARI<\/p>\n\n\n\n<p>Yeni poliklini\u011fin \u00f6zellikle hareket k\u0131s\u0131tl\u0131l\u0131\u011f\u0131 bulunan n\u00f6roloji hastalar\u0131 i\u00e7in konforlu bir tedavi ortam\u0131 sunaca\u011f\u0131n\u0131 vurgulayan Rekt\u00f6r \u00d6zkan \u201cY\u0131l ba\u015f\u0131nda N\u00f6roloji Servisini K Blo\u011fa ta\u015f\u0131yarak yatak say\u0131s\u0131n\u0131 2 kat\u0131na \u00e7\u0131karm\u0131\u015ft\u0131k. Hastalar\u0131m\u0131z yeni yerlerinden \u00e7ok memnunlar. N\u00f6roloji b\u00f6l\u00fcm\u00fcnde yat\u0131l\u0131 ve hareketi k\u0131s\u0131tl\u0131 hasta say\u0131s\u0131 fazla. Bu a\u00e7\u0131dan burada yatan hastalar\u0131 tomografi ve MR i\u00e7in ba\u015fka bloklara g\u00f6t\u00fcrmek konforsuz oldu\u011fu i\u00e7in biz bu binaya MR ve tomografi cihazlar\u0131n\u0131 kazand\u0131rd\u0131k. N\u00f6rolojinin kendine ait MR ve tomografisi var. Bizim y\u00f6netimimizden \u00f6nce Akdeniz \u00dcniversitesi Hastanesi\u2019nin kendine ait tomografi ve MR\u2019\u0131 yokmu\u015f. Ba\u015fkas\u0131n\u0131n MR ve tomografi cihazlar\u0131 ile hizmet sat\u0131n al\u0131yormu\u015fuz. Bu kanayan yaray\u0131 da b\u00f6ylece tedavi ettik. \u015eu anda bir\u00e7ok MR ve tomografi cihaz\u0131m\u0131z var. Randevular da olabildi\u011fince k\u0131sa s\u00fcrede veriliyor. Bu yeni yap\u0131lacak N\u00f6roloji Poliklini\u011fi ile hocalar\u0131m\u0131z rahat rahat \u00e7al\u0131\u015facak, hastalar\u0131m\u0131z ve \u00e7al\u0131\u015fanlar\u0131m\u0131z ferah, nitelikli bir ortamda hizmet alacaklar.\u201d \u015feklinde konu\u015ftu.<\/p>\n\n\n\n<p>ESTET\u0130K VE MODERN ALTYAPI \u0130LE UZUN \u00d6M\u00dcRL\u00dc YATIRIM<\/p>\n\n\n\n<p>Prof. Dr. \u00d6zkan, yeni poliklini\u011fin modern altyap\u0131s\u0131yla dikkat \u00e7ekece\u011fini ifade ederek, \u201cEEG ve EMG \u00fcniteleri, toplant\u0131 salonlar\u0131 ve estetik tasar\u0131m\u0131yla n\u00f6roloji kendi alan\u0131nda g\u00fc\u00e7l\u00fc bir merkez olacak. Bu bina planlan\u0131rken g\u00fczel, estetik bir yap\u0131 olmas\u0131n\u0131 da \u00e7ok arzu ettim. Burada ilk defa bir hastane projesine Mimarl\u0131k Fak\u00fcltemizin \u00e7ok ciddi katk\u0131lar\u0131 oldu. Bir di\u011fer nokta, bu binan\u0131n \u00e7ok uzun y\u0131llar hizmet vermesi. 900 yatakl\u0131 hastanemiz temelini g\u00f6r\u00fcnce \u00e7ok mutlu oldum. Alt\u0131 kaya. D\u00fcnyada bir\u00e7ok \u00fclkede yap\u0131lar \u00e7ok uzun \u00f6m\u00fcrl\u00fc. Bu binam\u0131z\u0131n da y\u00fczy\u0131llarca dimdik ayakta kalaca\u011f\u0131na, en g\u00fczel hizmetleri verece\u011fine inan\u0131yorum. Binam\u0131z\u0131n dayan\u0131kl\u0131l\u0131\u011f\u0131nda katk\u0131 veren M\u00fchendislik Fak\u00fcltesi hocalar\u0131m\u0131za da \u00e7ok te\u015fekk\u00fcr ediyorum.\u201d ifadelerini kulland\u0131.<\/p>\n\n\n\n<p>HAYIRSEVERE TE\u015eEKK\u00dcR<\/p>\n\n\n\n<p>Konu\u015fmas\u0131n\u0131n sonunda Rekt\u00f6r \u00d6zkan, yeni binan\u0131n yap\u0131m\u0131na katk\u0131da bulunan ba\u011f\u0131\u015f\u00e7\u0131 \u0130rfan Akta\u015f\u2019a te\u015fekk\u00fcr ederek, \u201cYapt\u0131\u011f\u0131n\u0131z bu hay\u0131rla bir\u00e7ok insan \u015fifa bulacak, \u00f6\u011frencilerimiz kaliteli e\u011fitim alacak. \u0130sminiz daima g\u00fczel an\u0131lacak. Tekrar te\u015fekk\u00fcr ediyorum. Antalya\u2019ma, \u00fcniversiteme, \u00f6\u011fretim \u00fcyelerimize, \u00f6\u011frencilerimize tekrar hay\u0131rl\u0131, u\u011furlu olsun.\u201d dedi.<\/p>\n\n\n\n<p>MODERN B\u0130R ORTAMDA H\u0130ZMET VERECEK<\/p>\n\n\n\n<p>Konu\u015fmalar\u0131n ard\u0131ndan \u0130lahiyat Fak\u00fcltesi Dekan\u0131 Prof. Dr. Kemal S\u00f6zen\u2019in dua etmesinin akabinde Vali \u015eahin, Rekt\u00f6r \u00d6zkan, Hay\u0131rsever \u0130rfan Akta\u015f temel atma butonuna basarak hay\u0131rl\u0131 olmas\u0131n\u0131 dilediler.<\/p>\n\n\n\n<p>Akdeniz \u00dcniversitesi Hastanesi K Blok yan\u0131na yap\u0131lacak olan Yeni N\u00f6roloji Poliklini\u011fi 2.111 m\u00b2 alana yap\u0131lacak bina n\u00f6roloji hastalar\u0131na uygun \u015fekilde 1 katl\u0131, 8 poliklinik odas\u0131 ile \u00f6\u011fretim \u00fcyesi odalar\u0131, EEG, EMG \u00fcniteleri, m\u00fcdahale odalar\u0131, dersliklerden olu\u015facak. Yeni bina tamamland\u0131\u011f\u0131nda hem hastalara hem de sa\u011fl\u0131k \u00e7al\u0131\u015fanlar\u0131na daha ferah ve modern bir ortamda hizmet verecek.<\/p>\n\n\n\n<p>Akdeniz \u00dcniversitesi Rekt\u00f6rl\u00fc\u011f\u00fc\/B\u00fclten<\/p>\n","protected":false},"excerpt":{"rendered":"<p>Akdeniz \u00dcniversitesi, sa\u011fl\u0131k yat\u0131r\u0131mlar\u0131na bir yenisini daha ekleyerek N\u00f6roloji Poliklini\u011fi\u2019nin yeni hizmet binas\u0131n\u0131n temelini att\u0131. \u00dcniversitede her ay gelece\u011fe y\u00f6nelik \u00f6nemli bir ad\u0131m at\u0131lmas\u0131na \u015fahit <a href=\"https:\/\/akdenizhaber.com.tr\/index.php\/2025\/09\/15\/akdeniz-universitesi-hastanesi-noroloji-poliklinigi-yeni-binasinin-temeli-atildi\/\" class=\"read-more-link\">[more&#8230;]<\/a><\/p>\n","protected":false},"author":2,"featured_media":30063,"comment_status":"open","ping_status":"open","sticky":false,"template":"","format":"standard","meta":{"footnotes":""},"categories":[2],"tags":[],"class_list":["post-30062","post","type-post","status-publish","format-standard","has-post-thumbnail","hentry","category-gundem"],"_links":{"self":[{"href":"https:\/\/akdenizhaber.com.tr\/index.php\/wp-json\/wp\/v2\/posts\/30062","targetHints":{"allow":["GET"]}}],"collection":[{"href":"https:\/\/akdenizhaber.com.tr\/index.php\/wp-json\/wp\/v2\/posts"}],"about":[{"href":"https:\/\/akdenizhaber.com.tr\/index.php\/wp-json\/wp\/v2\/types\/post"}],"author":[{"embeddable":true,"href":"https:\/\/akdenizhaber.com.tr\/index.php\/wp-json\/wp\/v2\/users\/2"}],"replies":[{"embeddable":true,"href":"https:\/\/akdenizhaber.com.tr\/index.php\/wp-json\/wp\/v2\/comments?post=30062"}],"version-history":[{"count":1,"href":"https:\/\/akdenizhaber.com.tr\/index.php\/wp-json\/wp\/v2\/posts\/30062\/revisions"}],"predecessor-version":[{"id":30064,"href":"https:\/\/akdenizhaber.com.tr\/index.php\/wp-json\/wp\/v2\/posts\/30062\/revisions\/30064"}],"wp:featuredmedia":[{"embeddable":true,"href":"https:\/\/akdenizhaber.com.tr\/index.php\/wp-json\/wp\/v2\/media\/30063"}],"wp:attachment":[{"href":"https:\/\/akdenizhaber.com.tr\/index.php\/wp-json\/wp\/v2\/media?parent=30062"}],"wp:term":[{"taxonomy":"category","embeddable":true,"href":"https:\/\/akdenizhaber.com.tr\/index.php\/wp-json\/wp\/v2\/categories?post=30062"},{"taxonomy":"post_tag","embeddable":true,"href":"https:\/\/akdenizhaber.com.tr\/index.php\/wp-json\/wp\/v2\/tags?post=30062"}],"curies":[{"name":"wp","href":"https:\/\/api.w.org\/{rel}","templated":true}]}}