{"id":30049,"date":"2025-09-15T17:17:03","date_gmt":"2025-09-15T14:17:03","guid":{"rendered":"https:\/\/akdenizhaber.com.tr\/?p=30049"},"modified":"2025-09-15T17:17:04","modified_gmt":"2025-09-15T14:17:04","slug":"minikler-halk-sut-ile-saglikla-buyuyor","status":"publish","type":"post","link":"https:\/\/akdenizhaber.com.tr\/index.php\/2025\/09\/15\/minikler-halk-sut-ile-saglikla-buyuyor\/","title":{"rendered":"Minikler Halk S\u00fct ile sa\u011fl\u0131kla b\u00fcy\u00fcyor"},"content":{"rendered":"\n<p>Antalya B\u00fcy\u00fck\u015fehir Belediyesi\u2019nin sa\u011fl\u0131kl\u0131 nesillerin yeti\u015fmesi ve \u00e7ocuklar\u0131n do\u011fal s\u00fctle bulu\u015fmas\u0131 amac\u0131yla 2020 y\u0131l\u0131nda ba\u015flatt\u0131\u011f\u0131 Halk S\u00fct Projesi, ihtiya\u00e7 sahibi ailelerin 2-5 ya\u015f aras\u0131 \u00e7ocuklar\u0131na ula\u015fmaya devam ediyor.<\/p>\n\n\n\n<p>Antalya B\u00fcy\u00fck\u015fehir Belediyesi\u2019nin sosyal belediyecilik kapsam\u0131nda hayata ge\u00e7irdi\u011fi Halk S\u00fct Projesi, 2020 y\u0131l\u0131ndan beri minikler i\u00e7in sa\u011fl\u0131kl\u0131 bir besin kayna\u011f\u0131 olmay\u0131 s\u00fcrd\u00fcr\u00fcyor. B\u00fcy\u00fck\u015fehir Belediyesi Sosyal Hizmetler Dairesi taraf\u0131ndan, ihtiya\u00e7 sahibi ailelerin her bir \u00e7ocu\u011fu i\u00e7in ayl\u0131k 8 litre s\u00fct deste\u011fi sa\u011flan\u0131yor. Hijyenik ve sa\u011fl\u0131kl\u0131 ko\u015fullarda haz\u0131rlan\u0131p paketlenen s\u00fctler, \u00fccretsiz \u015fekilde miniklere ula\u015f\u0131yor. Projeden, ihtiya\u00e7 sahibi ailelerin 2-5 ya\u015f aras\u0131ndaki t\u00fcm \u00e7ocuklar\u0131 faydalanabiliyor.<\/p>\n\n\n\n<p>525 B\u0130N L\u0130TRE S\u00dcT DA\u011eITILDI<\/p>\n\n\n\n<p>Gazipa\u015fa\u2019dan Ka\u015f\u2019a kadar, Antalya\u2019n\u0131n 19 il\u00e7esinde \u00e7ocuklar\u0131n sa\u011fl\u0131kl\u0131 yeti\u015fmesi amac\u0131yla sunulan hizmet, 2025 y\u0131l\u0131 Ocak-A\u011fustos d\u00f6neminde on binlerce \u00e7ocu\u011fa ula\u015ft\u0131. Antalya B\u00fcy\u00fck\u015fehir Belediyesi Sosyal Hizmetler Dairesi Ba\u015fkanl\u0131\u011f\u0131\u2019na ba\u011fl\u0131 Sosyal Yard\u0131mlar \u015eube M\u00fcd\u00fcr\u00fc Funda Alpaslan Talay, 2025 y\u0131l\u0131 i\u00e7erisinde toplamda 10 bin 241 \u00e7ocu\u011fa s\u00fct ula\u015ft\u0131r\u0131ld\u0131\u011f\u0131n\u0131 belirterek, \u201c9 bin 773 aile bu hizmetten yararlan\u0131rken, 525 bin 288 litre s\u00fct da\u011f\u0131t\u0131ld\u0131. 5 ya\u015f\u0131n\u0131 doldurana kadar \u00e7ocuklar\u0131m\u0131z her ay projemizden faydalanmaya devam edebiliyor\u201d dedi.<\/p>\n\n\n\n<p>\u00c7OCUKLAR SEVEREK \u0130\u00c7\u0130YOR<\/p>\n\n\n\n<p>Yakla\u015f\u0131k 3 y\u0131ld\u0131r hizmetten faydalanan G\u00fclizar \u00dcren, ekonomik ko\u015fullardan kaynakl\u0131 d\u0131\u015far\u0131dan s\u00fct temininin zor oldu\u011funu belirterek Halk S\u00fct Projesi\u2019nden memnuniyetini dile getirdi. \u00dcren, \u201cD\u0131\u015far\u0131da ger\u00e7ekten s\u00fctler pahal\u0131 ve 3 \u00e7ocu\u011fum var. Belediyenin \u00fccretsiz olarak s\u00fct vermesinden memnunuz, \u00e7ok te\u015fekk\u00fcr ediyoruz. \u00c7ocuklar\u0131m da severek i\u00e7iyor, b\u00fcy\u00fcmelerine yard\u0131mc\u0131 oluyor\u201d diye konu\u015ftu.<\/p>\n\n\n\n<p>19 \u0130L\u00c7EYE H\u0130ZMET<\/p>\n\n\n\n<p>Bir y\u0131ld\u0131r \u00e7ocu\u011funu Halk S\u00fct ile besleyen anne Ebru T\u00fcrkkot ise, \u201cBa\u015fvuru yapt\u0131ktan hemen sonra taraf\u0131ma ula\u015f\u0131larak da\u011f\u0131t\u0131ma ba\u015fland\u0131. S\u00fctlerimiz her ay d\u00fczenli bir \u015fekilde geliyor. Aksu\u2019da ya\u015famama ra\u011fmen hi\u00e7 aksat\u0131lm\u0131yor ve biz bunu \u00fccretsiz olarak belediyemiz sayesinde al\u0131yoruz.\u201d ifadelerini kullanarak Antalya B\u00fcy\u00fck\u015fehir Belediyesi\u2019ne te\u015fekk\u00fcr etti.<\/p>\n\n\n\n<p>ONL\u0130NE BA\u015eVURU<\/p>\n\n\n\n<p>Antalya B\u00fcy\u00fck\u015fehir Belediyesi\u2019nin Halk S\u00fct Projesi\u2019ne ba\u015fvurmak isteyen aileler, Antalya B\u00fcy\u00fck\u015fehir Belediyesi\u2019nin internet sitesi olan antalya.bel.tr adresinden ba\u015fvuru formunu doldurarak online ba\u015fvuru ger\u00e7ekle\u015ftirebiliyor.<\/p>\n\n\n\n<p>Antalya B\u00fcy\u00fck\u015fehir Belediyesi \/ B\u00fclten<\/p>\n","protected":false},"excerpt":{"rendered":"<p>Antalya B\u00fcy\u00fck\u015fehir Belediyesi\u2019nin sa\u011fl\u0131kl\u0131 nesillerin yeti\u015fmesi ve \u00e7ocuklar\u0131n do\u011fal s\u00fctle bulu\u015fmas\u0131 amac\u0131yla 2020 y\u0131l\u0131nda ba\u015flatt\u0131\u011f\u0131 Halk S\u00fct Projesi, ihtiya\u00e7 sahibi ailelerin 2-5 ya\u015f aras\u0131 \u00e7ocuklar\u0131na <a href=\"https:\/\/akdenizhaber.com.tr\/index.php\/2025\/09\/15\/minikler-halk-sut-ile-saglikla-buyuyor\/\" class=\"read-more-link\">[more&#8230;]<\/a><\/p>\n","protected":false},"author":2,"featured_media":30052,"comment_status":"open","ping_status":"open","sticky":false,"template":"","format":"standard","meta":{"footnotes":""},"categories":[2],"tags":[],"class_list":["post-30049","post","type-post","status-publish","format-standard","has-post-thumbnail","hentry","category-gundem"],"_links":{"self":[{"href":"https:\/\/akdenizhaber.com.tr\/index.php\/wp-json\/wp\/v2\/posts\/30049","targetHints":{"allow":["GET"]}}],"collection":[{"href":"https:\/\/akdenizhaber.com.tr\/index.php\/wp-json\/wp\/v2\/posts"}],"about":[{"href":"https:\/\/akdenizhaber.com.tr\/index.php\/wp-json\/wp\/v2\/types\/post"}],"author":[{"embeddable":true,"href":"https:\/\/akdenizhaber.com.tr\/index.php\/wp-json\/wp\/v2\/users\/2"}],"replies":[{"embeddable":true,"href":"https:\/\/akdenizhaber.com.tr\/index.php\/wp-json\/wp\/v2\/comments?post=30049"}],"version-history":[{"count":1,"href":"https:\/\/akdenizhaber.com.tr\/index.php\/wp-json\/wp\/v2\/posts\/30049\/revisions"}],"predecessor-version":[{"id":30053,"href":"https:\/\/akdenizhaber.com.tr\/index.php\/wp-json\/wp\/v2\/posts\/30049\/revisions\/30053"}],"wp:featuredmedia":[{"embeddable":true,"href":"https:\/\/akdenizhaber.com.tr\/index.php\/wp-json\/wp\/v2\/media\/30052"}],"wp:attachment":[{"href":"https:\/\/akdenizhaber.com.tr\/index.php\/wp-json\/wp\/v2\/media?parent=30049"}],"wp:term":[{"taxonomy":"category","embeddable":true,"href":"https:\/\/akdenizhaber.com.tr\/index.php\/wp-json\/wp\/v2\/categories?post=30049"},{"taxonomy":"post_tag","embeddable":true,"href":"https:\/\/akdenizhaber.com.tr\/index.php\/wp-json\/wp\/v2\/tags?post=30049"}],"curies":[{"name":"wp","href":"https:\/\/api.w.org\/{rel}","templated":true}]}}