{"id":30039,"date":"2025-09-12T17:02:03","date_gmt":"2025-09-12T14:02:03","guid":{"rendered":"https:\/\/akdenizhaber.com.tr\/?p=30039"},"modified":"2025-09-12T17:02:15","modified_gmt":"2025-09-12T14:02:15","slug":"manavgatta-veliler-isyanda","status":"publish","type":"post","link":"https:\/\/akdenizhaber.com.tr\/index.php\/2025\/09\/12\/manavgatta-veliler-isyanda\/","title":{"rendered":"Manavgat\u2019ta Veliler \u0130syanda!.."},"content":{"rendered":"\n<p>Manavgat&#8217;ta, devlet okullar\u0131nda g\u00f6revli baz\u0131 \u00f6\u011fretmenlerin ayn\u0131 zamanda \u00f6zel dershanelerin ( \u00f6zel \u00f6\u011fretim kursu veya sosyal etkinlik merkezi)&nbsp; kurucusu, y\u00f6neticisi veya orta\u011f\u0131 oldu\u011fu y\u00f6n\u00fcndeki iddialar, il\u00e7ede velileri harekete ge\u00e7irdi.<\/p>\n\n\n\n<p>Bu iddialara g\u00f6re, \u00f6\u011fretmenler yasalara ayk\u0131r\u0131 bir \u015fekilde kendi kurduklar\u0131 veya ortak olduklar\u0131 dershanelerde \u00f6\u011frencilere ders veriyor. \u00d6\u011frenciler kendilerine mecbur b\u0131rak\u0131ld\u0131\u011f\u0131 i\u00e7in daha y\u00fcksek \u00fccretler talip ediliyor.<\/p>\n\n\n\n<p>Haks\u0131z Rekabet ve Zorlama \u0130ddialar\u0131 bir yana asli g\u00f6revinin d\u0131\u015f\u0131na \u00e7\u0131k\u0131p \u00d6\u011fretmenlik mesle\u011finin kutsaliyeti ve g\u00f6revlerini k\u00f6t\u00fcye kullanma gibi durumlar\u0131 ak\u0131llara getiriyor.<\/p>\n\n\n\n<p>Veliler, bu durumun haks\u0131z rekabete yol a\u00e7t\u0131\u011f\u0131n\u0131 ve ekonomik zorluklar i\u00e7inde olduklar\u0131n\u0131 belirtiyor.<\/p>\n\n\n\n<p>\u00c7ocuklar\u0131n\u0131n okul \u00f6\u011fretmenlerinin ayn\u0131 zamanda dershane sahibi veya \u00e7al\u0131\u015fan\u0131 olmas\u0131 nedeniyle, bu kurslara kay\u0131t yapt\u0131rmazlarsa derslerden geri kalma korkusu ya\u015fad\u0131klar\u0131n\u0131 ifade ediyorlar. Ders \u00fccretlerinin y\u00fcksekli\u011fine de dikkat \u00e7eken veliler, bu durumun adeta bir zorlama oldu\u011funu vurguluyor.<\/p>\n\n\n\n<p>\u00d6zellikle fen lisesi \u00f6\u011frencilerinin zaten nitelikli bir e\u011fitim ald\u0131klar\u0131 halde neden ek olarak kurslara y\u00f6nlendirildikleri de velilerin merak etti\u011fi bir di\u011fer konu.<\/p>\n\n\n\n<p>Kaymakaml\u0131k ve Milli E\u011fitim M\u00fcd\u00fcrl\u00fc\u011f\u00fc&#8217;nden A\u00e7\u0131klama Beklentisi<\/p>\n\n\n\n<p>Bu iddialar \u00fczerine \u00f6\u011fretmenlerin okuldaki \u00f6\u011frencilerine bask\u0131 uygulayarak (yaz\u0131l\u0131 notlar\u0131n\u0131 tehdit olarak kullanarak) kendi dershanelerine y\u00f6nlendirdi\u011fi iddialar\u0131 g\u00fcndemdeki yerini koruyor. \u0130ddialar do\u011fru ise Milli E\u011fitim \u00f6\u011fretmenlerinin yasa d\u0131\u015f\u0131 Dershanede derse girmesi ve bu esnada sigortas\u0131z \u00e7al\u0131\u015fmas\u0131 da ayr\u0131ca Maliye bakanl\u0131\u011f\u0131n\u0131 ilgilendiren bir konu!<\/p>\n\n\n\n<p>5-6 tane dershanede benzer durumun olmas\u0131 ve 200 milyon gibi i\u015f hacmine ula\u015fmas\u0131 vergi dairesi taraf\u0131ndan da konunun \u00e7ok y\u00f6nl\u00fc ele al\u0131nabilece\u011fini g\u00f6steriyor.<\/p>\n\n\n\n<p>&nbsp;\u00d6\u011frenci velileri, bu konuda Kaymakaml\u0131k ve \u0130l\u00e7e Milli E\u011fitim M\u00fcd\u00fcrl\u00fc\u011f\u00fc&#8217;nden acil bir a\u00e7\u0131klama bekliyor.<\/p>\n\n\n\n<p>Gelen duyumlara g\u00f6re Antalya il Milli E\u011fitim m\u00fcd\u00fcrl\u00fc\u011f\u00fcnce konu ile ilgili m\u00fcfetti\u015f g\u00f6nderildi\u011fi \u00f6n\u00fcm\u00fczdeki hafta geli\u015fmelerle ilgili bilgi verilece\u011fi gelen haberler aras\u0131nda yer al\u0131yor.<\/p>\n\n\n\n<p>Haber Merkezi<\/p>\n\n\n\n<p><\/p>\n","protected":false},"excerpt":{"rendered":"<p>Manavgat&#8217;ta, devlet okullar\u0131nda g\u00f6revli baz\u0131 \u00f6\u011fretmenlerin ayn\u0131 zamanda \u00f6zel dershanelerin ( \u00f6zel \u00f6\u011fretim kursu veya sosyal etkinlik merkezi)&nbsp; kurucusu, y\u00f6neticisi veya orta\u011f\u0131 oldu\u011fu y\u00f6n\u00fcndeki iddialar, <a href=\"https:\/\/akdenizhaber.com.tr\/index.php\/2025\/09\/12\/manavgatta-veliler-isyanda\/\" class=\"read-more-link\">[more&#8230;]<\/a><\/p>\n","protected":false},"author":2,"featured_media":30037,"comment_status":"open","ping_status":"open","sticky":false,"template":"","format":"standard","meta":{"footnotes":""},"categories":[2],"tags":[],"class_list":["post-30039","post","type-post","status-publish","format-standard","has-post-thumbnail","hentry","category-gundem"],"_links":{"self":[{"href":"https:\/\/akdenizhaber.com.tr\/index.php\/wp-json\/wp\/v2\/posts\/30039","targetHints":{"allow":["GET"]}}],"collection":[{"href":"https:\/\/akdenizhaber.com.tr\/index.php\/wp-json\/wp\/v2\/posts"}],"about":[{"href":"https:\/\/akdenizhaber.com.tr\/index.php\/wp-json\/wp\/v2\/types\/post"}],"author":[{"embeddable":true,"href":"https:\/\/akdenizhaber.com.tr\/index.php\/wp-json\/wp\/v2\/users\/2"}],"replies":[{"embeddable":true,"href":"https:\/\/akdenizhaber.com.tr\/index.php\/wp-json\/wp\/v2\/comments?post=30039"}],"version-history":[{"count":2,"href":"https:\/\/akdenizhaber.com.tr\/index.php\/wp-json\/wp\/v2\/posts\/30039\/revisions"}],"predecessor-version":[{"id":30041,"href":"https:\/\/akdenizhaber.com.tr\/index.php\/wp-json\/wp\/v2\/posts\/30039\/revisions\/30041"}],"wp:featuredmedia":[{"embeddable":true,"href":"https:\/\/akdenizhaber.com.tr\/index.php\/wp-json\/wp\/v2\/media\/30037"}],"wp:attachment":[{"href":"https:\/\/akdenizhaber.com.tr\/index.php\/wp-json\/wp\/v2\/media?parent=30039"}],"wp:term":[{"taxonomy":"category","embeddable":true,"href":"https:\/\/akdenizhaber.com.tr\/index.php\/wp-json\/wp\/v2\/categories?post=30039"},{"taxonomy":"post_tag","embeddable":true,"href":"https:\/\/akdenizhaber.com.tr\/index.php\/wp-json\/wp\/v2\/tags?post=30039"}],"curies":[{"name":"wp","href":"https:\/\/api.w.org\/{rel}","templated":true}]}}