{"id":30027,"date":"2025-09-11T16:53:19","date_gmt":"2025-09-11T13:53:19","guid":{"rendered":"https:\/\/akdenizhaber.com.tr\/?p=30027"},"modified":"2025-09-11T16:53:20","modified_gmt":"2025-09-11T13:53:20","slug":"antalyaya-yeni-emniyet-muduru-sabit-akin-zaimoglu","status":"publish","type":"post","link":"https:\/\/akdenizhaber.com.tr\/index.php\/2025\/09\/11\/antalyaya-yeni-emniyet-muduru-sabit-akin-zaimoglu\/","title":{"rendered":"Antalya&#8217;ya Yeni Emniyet M\u00fcd\u00fcr\u00fc: Sabit Ak\u0131n Zaimo\u011flu"},"content":{"rendered":"\n<p><\/p>\n\n\n\n<p>Antalya&#8217;da, B\u00fcy\u00fck\u015fehir Belediyesi&#8217;ne y\u00f6nelik y\u00fcr\u00fct\u00fclen r\u00fc\u015fvet ve usuls\u00fczl\u00fck soru\u015fturmas\u0131 kapsam\u0131nda tutuklanan eski \u0130l Emniyet M\u00fcd\u00fcr\u00fc \u0130lker Arslan&#8217;\u0131n Emniyet Genel M\u00fcd\u00fcrl\u00fc\u011f\u00fc emrine \u00e7ekilmesinin ard\u0131ndan bo\u015falan koltu\u011fa Bursa \u0130l Emniyet M\u00fcd\u00fcr\u00fc Sabit Ak\u0131n Zaimo\u011flu atand\u0131. Atama, Resmi Gazete&#8217;de yay\u0131mlanan Cumhurba\u015fkanl\u0131\u011f\u0131 kararnamesiyle kesinle\u015fti.<\/p>\n\n\n\n<p>Sabit Ak\u0131n Zaimo\u011flu&#8217;nun Kariyeri<\/p>\n\n\n\n<p>1988&#8217;de Polis Koleji&#8217;ni, 1992&#8217;de ise Polis Akademisi&#8217;ni tamamlayan Sabit Ak\u0131n Zaimo\u011flu, emniyet te\u015fkilat\u0131nda \u00e7e\u015fitli kademelerde g\u00f6rev ald\u0131. \u0130stihbarat Daire Ba\u015fkanl\u0131\u011f\u0131 dahil olmak \u00fczere Bursa, Diyarbak\u0131r, Konya ve Adana gibi illerde istihbarat, \u00f6zel g\u00fcvenlik, \u00e7ocuk \u015fube ve asayi\u015f birimlerinde deneyim kazand\u0131. Ayr\u0131ca Ka\u00e7ak\u00e7\u0131l\u0131k ve Organize Su\u00e7larla M\u00fccadele Daire Ba\u015fkanl\u0131\u011f\u0131&#8217;nda da g\u00f6rev yapm\u0131\u015f olmas\u0131 dikkat \u00e7ekiyor.<\/p>\n\n\n\n<p>Uluslararas\u0131 alanda da g\u00f6rev ve incelemelerde bulunan Zaimo\u011flu, ABD, \u0130ngiltere, Hollanda, \u00c7in, \u0130ran ve Birle\u015fik Arap Emirlikleri gibi \u00fclkelerde \u00e7e\u015fitli g\u00f6revler \u00fcstlendi. Teknik Takip, Lider Y\u00f6neticilik ve Durum E\u011fitimi gibi konularda uluslararas\u0131 e\u011fitmenlik sertifikas\u0131na sahip olmas\u0131, tecr\u00fcbesini g\u00f6zler \u00f6n\u00fcne seriyor. Yeralt\u0131 Y\u0131k\u0131c\u0131 Faaliyetlerle M\u00fccadele, Temel \u0130stihbarat, De\u011fi\u015fim ve S\u00fcrekli Geli\u015fim Stratejileri gibi alanlarda da e\u011fitimler ald\u0131.<\/p>\n\n\n\n<p>Kariyeri boyunca ba\u015far\u0131lar\u0131ndan dolay\u0131 \u0130\u00e7i\u015fleri Bakanl\u0131\u011f\u0131, Emniyet Genel M\u00fcd\u00fcrl\u00fc\u011f\u00fc ve Valilik makamlar\u0131nca bir\u00e7ok takdirname ile \u00f6d\u00fcllendirilen Zaimo\u011flu, en son 2 A\u011fustos 2023 tarihinde Bursa \u0130l Emniyet M\u00fcd\u00fcr\u00fc olarak atanm\u0131\u015ft\u0131.<\/p>\n\n\n\n<p>Haber Merkezi<\/p>\n","protected":false},"excerpt":{"rendered":"<p>Antalya&#8217;da, B\u00fcy\u00fck\u015fehir Belediyesi&#8217;ne y\u00f6nelik y\u00fcr\u00fct\u00fclen r\u00fc\u015fvet ve usuls\u00fczl\u00fck soru\u015fturmas\u0131 kapsam\u0131nda tutuklanan eski \u0130l Emniyet M\u00fcd\u00fcr\u00fc \u0130lker Arslan&#8217;\u0131n Emniyet Genel M\u00fcd\u00fcrl\u00fc\u011f\u00fc emrine \u00e7ekilmesinin ard\u0131ndan bo\u015falan koltu\u011fa <a href=\"https:\/\/akdenizhaber.com.tr\/index.php\/2025\/09\/11\/antalyaya-yeni-emniyet-muduru-sabit-akin-zaimoglu\/\" class=\"read-more-link\">[more&#8230;]<\/a><\/p>\n","protected":false},"author":2,"featured_media":30028,"comment_status":"open","ping_status":"open","sticky":false,"template":"","format":"standard","meta":{"footnotes":""},"categories":[2],"tags":[],"class_list":["post-30027","post","type-post","status-publish","format-standard","has-post-thumbnail","hentry","category-gundem"],"_links":{"self":[{"href":"https:\/\/akdenizhaber.com.tr\/index.php\/wp-json\/wp\/v2\/posts\/30027","targetHints":{"allow":["GET"]}}],"collection":[{"href":"https:\/\/akdenizhaber.com.tr\/index.php\/wp-json\/wp\/v2\/posts"}],"about":[{"href":"https:\/\/akdenizhaber.com.tr\/index.php\/wp-json\/wp\/v2\/types\/post"}],"author":[{"embeddable":true,"href":"https:\/\/akdenizhaber.com.tr\/index.php\/wp-json\/wp\/v2\/users\/2"}],"replies":[{"embeddable":true,"href":"https:\/\/akdenizhaber.com.tr\/index.php\/wp-json\/wp\/v2\/comments?post=30027"}],"version-history":[{"count":1,"href":"https:\/\/akdenizhaber.com.tr\/index.php\/wp-json\/wp\/v2\/posts\/30027\/revisions"}],"predecessor-version":[{"id":30029,"href":"https:\/\/akdenizhaber.com.tr\/index.php\/wp-json\/wp\/v2\/posts\/30027\/revisions\/30029"}],"wp:featuredmedia":[{"embeddable":true,"href":"https:\/\/akdenizhaber.com.tr\/index.php\/wp-json\/wp\/v2\/media\/30028"}],"wp:attachment":[{"href":"https:\/\/akdenizhaber.com.tr\/index.php\/wp-json\/wp\/v2\/media?parent=30027"}],"wp:term":[{"taxonomy":"category","embeddable":true,"href":"https:\/\/akdenizhaber.com.tr\/index.php\/wp-json\/wp\/v2\/categories?post=30027"},{"taxonomy":"post_tag","embeddable":true,"href":"https:\/\/akdenizhaber.com.tr\/index.php\/wp-json\/wp\/v2\/tags?post=30027"}],"curies":[{"name":"wp","href":"https:\/\/api.w.org\/{rel}","templated":true}]}}