{"id":30024,"date":"2025-09-11T16:52:57","date_gmt":"2025-09-11T13:52:57","guid":{"rendered":"https:\/\/akdenizhaber.com.tr\/?p=30024"},"modified":"2025-09-11T16:52:57","modified_gmt":"2025-09-11T13:52:57","slug":"piyade-er-fikret-karamusaoglu-caddesinde-duzenleme-calismalari-basladi","status":"publish","type":"post","link":"https:\/\/akdenizhaber.com.tr\/index.php\/2025\/09\/11\/piyade-er-fikret-karamusaoglu-caddesinde-duzenleme-calismalari-basladi\/","title":{"rendered":"Piyade Er Fikret Karamusao\u011flu Caddesi\u2019nde D\u00fczenleme \u00c7al\u0131\u015fmalar\u0131 Ba\u015flad\u0131"},"content":{"rendered":"\n<p>Manavgat Belediyesi, kent genelinde s\u00fcrd\u00fcrd\u00fc\u011f\u00fc yol ve altyap\u0131 yat\u0131r\u0131mlar\u0131na bir yenisini daha ekledi. Fen \u0130\u015fleri M\u00fcd\u00fcrl\u00fc\u011f\u00fc ekipleri, Piyade Er Fikret Karamusao\u011flu Caddesi\u2019nde yol, kald\u0131r\u0131m, ref\u00fcj ve kav\u015fak d\u00fczenleme \u00e7al\u0131\u015fmalar\u0131na ba\u015flad\u0131.<\/p>\n\n\n\n<p>\u00c7al\u0131\u015fmalar kapsam\u0131nda Remzi G\u00fcven Caddesi\u2019nin bitiminden \u00c7eltik\u00e7i Mahallesi giri\u015fine kadar uzanan toplam <strong>450 metrelik g\u00fczergah<\/strong>, 30 metre geni\u015fli\u011finde ve <strong>2&#215;2 b\u00f6l\u00fcnm\u00fc\u015f yol<\/strong> olarak d\u00fczenlenecek. Projede ayr\u0131ca <strong>4000 metrekare parke ta\u015f\u0131<\/strong> ve <strong>2000 metrekare bord\u00fcr<\/strong> kullan\u0131larak modern bir kent dokusu olu\u015fturulacak.<\/p>\n\n\n\n<p>Yetkililer, d\u00fczenleme tamamland\u0131\u011f\u0131nda b\u00f6lgede uzun s\u00fcredir ya\u015fanan trafik yo\u011funlu\u011funun sona erece\u011fini ve g\u00fcvenli bir ula\u015f\u0131m altyap\u0131s\u0131n\u0131n sa\u011flanaca\u011f\u0131n\u0131 belirtti.<\/p>\n\n\n\n<p>Manavgat Belediyesi, vatanda\u015flar\u0131n ya\u015fam kalitesini art\u0131rmak ve ula\u015f\u0131mda modern standartlar\u0131 hayata ge\u00e7irmek i\u00e7in yol, kald\u0131r\u0131m ve altyap\u0131 \u00e7al\u0131\u015fmalar\u0131na kent genelinde aral\u0131ks\u0131z devam ediyor.<\/p>\n\n\n\n<p>Manavgat Belediyesi \/B\u00fclten<\/p>\n","protected":false},"excerpt":{"rendered":"<p>Manavgat Belediyesi, kent genelinde s\u00fcrd\u00fcrd\u00fc\u011f\u00fc yol ve altyap\u0131 yat\u0131r\u0131mlar\u0131na bir yenisini daha ekledi. Fen \u0130\u015fleri M\u00fcd\u00fcrl\u00fc\u011f\u00fc ekipleri, Piyade Er Fikret Karamusao\u011flu Caddesi\u2019nde yol, kald\u0131r\u0131m, ref\u00fcj <a href=\"https:\/\/akdenizhaber.com.tr\/index.php\/2025\/09\/11\/piyade-er-fikret-karamusaoglu-caddesinde-duzenleme-calismalari-basladi\/\" class=\"read-more-link\">[more&#8230;]<\/a><\/p>\n","protected":false},"author":2,"featured_media":30025,"comment_status":"open","ping_status":"open","sticky":false,"template":"","format":"standard","meta":{"footnotes":""},"categories":[2],"tags":[],"class_list":["post-30024","post","type-post","status-publish","format-standard","has-post-thumbnail","hentry","category-gundem"],"_links":{"self":[{"href":"https:\/\/akdenizhaber.com.tr\/index.php\/wp-json\/wp\/v2\/posts\/30024","targetHints":{"allow":["GET"]}}],"collection":[{"href":"https:\/\/akdenizhaber.com.tr\/index.php\/wp-json\/wp\/v2\/posts"}],"about":[{"href":"https:\/\/akdenizhaber.com.tr\/index.php\/wp-json\/wp\/v2\/types\/post"}],"author":[{"embeddable":true,"href":"https:\/\/akdenizhaber.com.tr\/index.php\/wp-json\/wp\/v2\/users\/2"}],"replies":[{"embeddable":true,"href":"https:\/\/akdenizhaber.com.tr\/index.php\/wp-json\/wp\/v2\/comments?post=30024"}],"version-history":[{"count":1,"href":"https:\/\/akdenizhaber.com.tr\/index.php\/wp-json\/wp\/v2\/posts\/30024\/revisions"}],"predecessor-version":[{"id":30026,"href":"https:\/\/akdenizhaber.com.tr\/index.php\/wp-json\/wp\/v2\/posts\/30024\/revisions\/30026"}],"wp:featuredmedia":[{"embeddable":true,"href":"https:\/\/akdenizhaber.com.tr\/index.php\/wp-json\/wp\/v2\/media\/30025"}],"wp:attachment":[{"href":"https:\/\/akdenizhaber.com.tr\/index.php\/wp-json\/wp\/v2\/media?parent=30024"}],"wp:term":[{"taxonomy":"category","embeddable":true,"href":"https:\/\/akdenizhaber.com.tr\/index.php\/wp-json\/wp\/v2\/categories?post=30024"},{"taxonomy":"post_tag","embeddable":true,"href":"https:\/\/akdenizhaber.com.tr\/index.php\/wp-json\/wp\/v2\/tags?post=30024"}],"curies":[{"name":"wp","href":"https:\/\/api.w.org\/{rel}","templated":true}]}}