{"id":30005,"date":"2025-09-11T16:45:13","date_gmt":"2025-09-11T13:45:13","guid":{"rendered":"https:\/\/akdenizhaber.com.tr\/?p=30005"},"modified":"2025-09-11T16:45:14","modified_gmt":"2025-09-11T13:45:14","slug":"buyuksehirden-dosemealtina-123-kmlik-dev-altyapi-mujdesi","status":"publish","type":"post","link":"https:\/\/akdenizhaber.com.tr\/index.php\/2025\/09\/11\/buyuksehirden-dosemealtina-123-kmlik-dev-altyapi-mujdesi\/","title":{"rendered":"B\u00fcy\u00fck\u015fehir\u2019den D\u00f6\u015femealt\u0131\u2019na 123 km\u2019lik dev altyap\u0131 m\u00fcjdesi"},"content":{"rendered":"\n<p>B\u00fcy\u00fck\u015fehir Belediyesi ASAT Genel M\u00fcd\u00fcrl\u00fc\u011f\u00fc, D\u00f6\u015femealt\u0131\u2019na 123 kilometrelik yeni kanalizasyon hatt\u0131 in\u015fa edecek. \u0130halesi tamamlanan ve k\u0131sa s\u0131rada hayata ge\u00e7irilecek bu yat\u0131r\u0131mla D\u00f6\u015femaalt\u0131\u2019nan altyap\u0131 kapasitesi g\u00fc\u00e7lendirilecek.<\/p>\n\n\n\n<p>Antalya B\u00fcy\u00fck\u015fehir Belediyesi planl\u0131, kurall\u0131 ve kimlikli bir kent vizyonuyla Antalya\u2019n\u0131n altyap\u0131s\u0131n\u0131 g\u00fc\u00e7lendirme \u00e7al\u0131\u015fmalar\u0131n\u0131 s\u00fcrd\u00fcr\u00fcyor. Belirlenen programlar do\u011frultusunda il\u00e7elerde altyap\u0131 \u00e7al\u0131\u015fmalar\u0131n\u0131 ger\u00e7ekle\u015ftiren B\u00fcy\u00fck\u015fehir Belediyesi ASAT Genel M\u00fcd\u00fcrl\u00fc\u011f\u00fc, D\u00f6\u015femealt\u0131\u2019nda 123 kilometrelik bir kanalizasyon hatt\u0131 in\u015fa edecek. Proje kapsam\u0131nda ve D\u00f6\u015femealt\u0131\u2019na yap\u0131lacak altyap\u0131 \u00e7al\u0131\u015fmalar\u0131na ili\u015fkin B\u00fcy\u00fck\u015fehir Belediyesi ASAT Genel M\u00fcd\u00fcr\u00fc \u0130brahim Kurt, D\u00f6\u015femealt\u0131 Belediye Ba\u015fkan\u0131 Menderes Dal, Belediye Ba\u015fkan Yard\u0131mc\u0131s\u0131 \u00d6mer K\u0131vrak ve Fen \u0130\u015fleri M\u00fcd\u00fcr\u00fc Harun Erbil ve ASAT b\u00fcrokratlar\u0131 bir araya geldi.<\/p>\n\n\n\n<p>ALTYAPI KAPAS\u0130TES\u0130 G\u00dc\u00c7LENECEK<\/p>\n\n\n\n<p>Kar\u015f\u0131l\u0131kl\u0131 i\u015f birli\u011fi i\u00e7inde ge\u00e7en toplant\u0131da, il\u00e7ede tamamlanan ve devam eden altyap\u0131 projeleri detayl\u0131 \u015fekilde de\u011ferlendirildi. G\u00f6r\u00fc\u015fmede ayr\u0131ca ihalesi tamamlanan ve yer tahsisi yap\u0131lan yakla\u015f\u0131k 123 kilometrelik yeni kanalizasyon hatt\u0131 projesinin k\u0131sa s\u00fcrede hayata ge\u00e7irilece\u011fi m\u00fcjdesi payla\u015f\u0131ld\u0131. Bu yat\u0131r\u0131mla birlikte D\u00f6\u015femealt\u0131\u2019n\u0131n altyap\u0131 kapasitesinin g\u00fc\u00e7lendirilmesi hedefleniyor.<\/p>\n\n\n\n<p>D\u00d6\u015eEMEALTI \u0130\u00c7\u0130N TAR\u0130H\u0130 YATIRIM<\/p>\n\n\n\n<p>ASAT Genel M\u00fcd\u00fcr\u00fc \u0130brahim Kurt, D\u00f6\u015femealt\u0131\u2019nda ger\u00e7ekle\u015ftirecekleri yeni yat\u0131r\u0131mlarla il\u00e7enin gelece\u011fine g\u00fc\u00e7l\u00fc bir katk\u0131 sunacaklar\u0131n\u0131 kaydetti. D\u00f6\u015femealt\u0131 Belediye Ba\u015fkan\u0131 Menderes Dal ise, \u201cASAT ile uyumlu i\u015f birli\u011fimiz sayesinde il\u00e7emizde \u00f6nemli projeler hayata ge\u00e7iyor. 123 kilometrelik yeni kanalizasyon hatt\u0131 D\u00f6\u015femealt\u0131 i\u00e7in tarihi bir yat\u0131r\u0131m olacak. Bu \u00e7al\u0131\u015fma i\u00e7in Muhittin Ba\u015fkan\u2019a te\u015fekk\u00fcr ediyoruz\u201d ifadelerini kulland\u0131.<\/p>\n\n\n\n<p>Antalya B\u00fcy\u00fck\u015fehir Belediyesi \/ B\u00fclten<\/p>\n","protected":false},"excerpt":{"rendered":"<p>B\u00fcy\u00fck\u015fehir Belediyesi ASAT Genel M\u00fcd\u00fcrl\u00fc\u011f\u00fc, D\u00f6\u015femealt\u0131\u2019na 123 kilometrelik yeni kanalizasyon hatt\u0131 in\u015fa edecek. \u0130halesi tamamlanan ve k\u0131sa s\u0131rada hayata ge\u00e7irilecek bu yat\u0131r\u0131mla D\u00f6\u015femaalt\u0131\u2019nan altyap\u0131 kapasitesi <a href=\"https:\/\/akdenizhaber.com.tr\/index.php\/2025\/09\/11\/buyuksehirden-dosemealtina-123-kmlik-dev-altyapi-mujdesi\/\" class=\"read-more-link\">[more&#8230;]<\/a><\/p>\n","protected":false},"author":2,"featured_media":30006,"comment_status":"open","ping_status":"open","sticky":false,"template":"","format":"standard","meta":{"footnotes":""},"categories":[2],"tags":[],"class_list":["post-30005","post","type-post","status-publish","format-standard","has-post-thumbnail","hentry","category-gundem"],"_links":{"self":[{"href":"https:\/\/akdenizhaber.com.tr\/index.php\/wp-json\/wp\/v2\/posts\/30005","targetHints":{"allow":["GET"]}}],"collection":[{"href":"https:\/\/akdenizhaber.com.tr\/index.php\/wp-json\/wp\/v2\/posts"}],"about":[{"href":"https:\/\/akdenizhaber.com.tr\/index.php\/wp-json\/wp\/v2\/types\/post"}],"author":[{"embeddable":true,"href":"https:\/\/akdenizhaber.com.tr\/index.php\/wp-json\/wp\/v2\/users\/2"}],"replies":[{"embeddable":true,"href":"https:\/\/akdenizhaber.com.tr\/index.php\/wp-json\/wp\/v2\/comments?post=30005"}],"version-history":[{"count":1,"href":"https:\/\/akdenizhaber.com.tr\/index.php\/wp-json\/wp\/v2\/posts\/30005\/revisions"}],"predecessor-version":[{"id":30007,"href":"https:\/\/akdenizhaber.com.tr\/index.php\/wp-json\/wp\/v2\/posts\/30005\/revisions\/30007"}],"wp:featuredmedia":[{"embeddable":true,"href":"https:\/\/akdenizhaber.com.tr\/index.php\/wp-json\/wp\/v2\/media\/30006"}],"wp:attachment":[{"href":"https:\/\/akdenizhaber.com.tr\/index.php\/wp-json\/wp\/v2\/media?parent=30005"}],"wp:term":[{"taxonomy":"category","embeddable":true,"href":"https:\/\/akdenizhaber.com.tr\/index.php\/wp-json\/wp\/v2\/categories?post=30005"},{"taxonomy":"post_tag","embeddable":true,"href":"https:\/\/akdenizhaber.com.tr\/index.php\/wp-json\/wp\/v2\/tags?post=30005"}],"curies":[{"name":"wp","href":"https:\/\/api.w.org\/{rel}","templated":true}]}}