{"id":30002,"date":"2025-09-11T16:44:20","date_gmt":"2025-09-11T13:44:20","guid":{"rendered":"https:\/\/akdenizhaber.com.tr\/?p=30002"},"modified":"2025-09-11T16:44:21","modified_gmt":"2025-09-11T13:44:21","slug":"antalya-kutuphanesi-kitap-kulubu-okurlari-bulusturuyor","status":"publish","type":"post","link":"https:\/\/akdenizhaber.com.tr\/index.php\/2025\/09\/11\/antalya-kutuphanesi-kitap-kulubu-okurlari-bulusturuyor\/","title":{"rendered":"Antalya K\u00fct\u00fcphanesi Kitap Kul\u00fcb\u00fc okurlar\u0131 bulu\u015fturuyor"},"content":{"rendered":"\n<p>Antalya\u2019n\u0131n k\u00fclt\u00fcrel hayat\u0131na yeni bir canl\u0131l\u0131k kazand\u0131rmak amac\u0131yla Antalya K\u00fct\u00fcphanesi b\u00fcnyesinde Kitap Kul\u00fcb\u00fc kuruldu. Kul\u00fcp, okuma al\u0131\u015fkanl\u0131\u011f\u0131n\u0131 yayg\u0131nla\u015ft\u0131rmay\u0131, edebiyatseverleri bir araya getirmeyi ve k\u00fclt\u00fcrel etkile\u015fimi art\u0131rmay\u0131 hedefliyor.<\/p>\n\n\n\n<p>Kepez Belediyesi b\u00fcnyesinde hizmet veren Antalya K\u00fct\u00fcphanesi, Kitap Kul\u00fcb\u00fc ile okurlar\u0131 ayn\u0131 \u00e7at\u0131 alt\u0131nda bulu\u015fturuyor. &nbsp;Kitap Kul\u00fcb\u00fc, k\u00fct\u00fcphanelerin yaln\u0131zca s\u0131nav haz\u0131rl\u0131k ya da sessiz et\u00fct merkezleri de\u011fil; ayn\u0131 zamanda edebiyat\u0131n, k\u00fclt\u00fcr\u00fcn ve d\u00fc\u015f\u00fcncenin payla\u015f\u0131ld\u0131\u011f\u0131 sosyal alanlar oldu\u011funu g\u00f6stermeyi ama\u00e7l\u0131yor. Lectopus Kitap Okuma Grubu i\u015f birli\u011fiyle hayata ge\u00e7irilen ve yo\u011fun ilgi g\u00f6ren kul\u00fcp, her ay i\u00e7in haz\u0131rlanan okuma listesi ile \u00fcyelerine farkl\u0131 ufuklar a\u00e7\u0131yor. Yaln\u0131zca romanlarla s\u0131n\u0131rl\u0131 kalmayan listelerde tarih, k\u00fclt\u00fcr, felsefe ve \u015fiirden \u00f6rnekler de yer al\u0131yor. B\u00f6ylece kat\u0131l\u0131mc\u0131lar hem klasik hem de \u00e7a\u011fda\u015f eserlerle tan\u0131\u015f\u0131yor.<\/p>\n\n\n\n<p>\u00d6NCE OKUYORLAR SONRA TARTI\u015eIYORLAR<\/p>\n\n\n\n<p>Kul\u00fcp \u00fcyeleri her \u00e7ar\u015famba Antalya K\u00fct\u00fcphanesi\u2019nde bir araya gelerek okunan kitab\u0131 ve yazar\u0131n\u0131 tart\u0131\u015f\u0131yor. Kat\u0131l\u0131mc\u0131lar, kimi zaman eserlerin felsefi arka plan\u0131n\u0131, kimi zaman tarihsel g\u00f6ndermelerini, kimi zaman da g\u00fcn\u00fcm\u00fczle ba\u011flant\u0131lar\u0131n\u0131 de\u011ferlendiriyor. Etkinliklerde ayr\u0131ca \u00f6d\u00fcll\u00fc bilgi yar\u0131\u015fmalar\u0131, \u015fiir okuma g\u00fcnleri, \u201cya\u015famayan bir yazara ya da bir roman kahraman\u0131na mektup yazma\u201d gibi yarat\u0131c\u0131 \u00e7al\u0131\u015fmalar da yap\u0131l\u0131yor.<\/p>\n\n\n\n<p>HER HAFTA B\u0130R BA\u015eKA D\u00dcNYA<\/p>\n\n\n\n<p>Kul\u00fcp \u00fcyeleri bu bulu\u015fmalar\u0131n yaln\u0131zca okuma de\u011fil, ayn\u0131 zamanda d\u00fc\u015f\u00fcnce payla\u015f\u0131m\u0131 f\u0131rsat\u0131 sundu\u011funu belirtti. &nbsp;Bir kat\u0131l\u0131mc\u0131 duygular\u0131n\u0131; \u201cHi\u00e7 bilmedi\u011fim, haberdar olmad\u0131\u011f\u0131m kitaplardan haberdar oluyorum. Her hafta farkl\u0131 bir d\u00fcnyaya ad\u0131m at\u0131yor, kendi d\u00fc\u015f\u00fcncelerimi ba\u015fkalar\u0131n\u0131n yorumlar\u0131yla s\u0131nama f\u0131rsat\u0131 buluyorum\u201d s\u00f6zleriyle ifade etti.<\/p>\n\n\n\n<p>K\u00dcT\u00dcPHANELER\u0130 YA\u015eAYAN MEKANLAR HAL\u0130NE GET\u0130RMEK<\/p>\n\n\n\n<p>Kitap kul\u00fcb\u00fcn\u00fc kentin k\u00fclt\u00fcrel ya\u015fam\u0131 i\u00e7in \u00f6nemli bir giri\u015fim olarak g\u00f6rd\u00fc\u011f\u00fcn\u00fc ifade eden Kepez Belediye Ba\u015fkan\u0131 Mesut Kocag\u00f6z, \u201cAntalya K\u00fct\u00fcphanesi Kitap Kul\u00fcb\u00fc\u2019n\u00fc yaln\u0131zca bir okuma faaliyeti olarak de\u011fil, \u015fehirde ortak bir k\u00fclt\u00fcr dili olu\u015fturma \u00e7abas\u0131n\u0131n par\u00e7as\u0131 olarak de\u011ferlendiriyoruz. Hedefimiz, k\u00fct\u00fcphaneleri ya\u015fayan mek\u00e2nlar haline getirmek; gen\u00e7lerin, kad\u0131nlar\u0131n ve her ya\u015ftan insan\u0131n kendine ait bir k\u00fclt\u00fcrel ortam bulmas\u0131n\u0131 sa\u011flamak. Kitap, insanlar\u0131 bir araya getirmenin en g\u00fc\u00e7l\u00fc yollar\u0131ndan biridir\u201d dedi.<\/p>\n\n\n\n<p>K\u0130TAP KUL\u00dcB\u00dcNE NASIL KATILIRIM ?<\/p>\n\n\n\n<p>Antalya K\u00fct\u00fcphanesi Kitap Kul\u00fcb\u00fc\u2019ne kat\u0131l\u0131m tamamen \u00fccretsiz. Kul\u00fcp hakk\u0131nda g\u00fcncel bilgiler ve duyurular k\u00fct\u00fcphanenin Instagram hesab\u0131 \u00fczerinden payla\u015f\u0131l\u0131yor. Yetkililer, \u00f6n\u00fcm\u00fczdeki s\u00fcre\u00e7te kul\u00fcb\u00fcn yaln\u0131zca Antalya K\u00fct\u00fcphanesi ile s\u0131n\u0131rl\u0131 kalmayaca\u011f\u0131n\u0131, il\u00e7edeki farkl\u0131 k\u00fct\u00fcphanelerde de benzer \u00e7al\u0131\u015fmalar\u0131n ba\u015flat\u0131labilece\u011fini vurgulad\u0131lar.<\/p>\n\n\n\n<p>Kepez Belediyesi \/ B\u00fclten<\/p>\n\n\n\n<p><\/p>\n","protected":false},"excerpt":{"rendered":"<p>Antalya\u2019n\u0131n k\u00fclt\u00fcrel hayat\u0131na yeni bir canl\u0131l\u0131k kazand\u0131rmak amac\u0131yla Antalya K\u00fct\u00fcphanesi b\u00fcnyesinde Kitap Kul\u00fcb\u00fc kuruldu. Kul\u00fcp, okuma al\u0131\u015fkanl\u0131\u011f\u0131n\u0131 yayg\u0131nla\u015ft\u0131rmay\u0131, edebiyatseverleri bir araya getirmeyi ve k\u00fclt\u00fcrel etkile\u015fimi <a href=\"https:\/\/akdenizhaber.com.tr\/index.php\/2025\/09\/11\/antalya-kutuphanesi-kitap-kulubu-okurlari-bulusturuyor\/\" class=\"read-more-link\">[more&#8230;]<\/a><\/p>\n","protected":false},"author":2,"featured_media":30003,"comment_status":"open","ping_status":"open","sticky":false,"template":"","format":"standard","meta":{"footnotes":""},"categories":[2],"tags":[],"class_list":["post-30002","post","type-post","status-publish","format-standard","has-post-thumbnail","hentry","category-gundem"],"_links":{"self":[{"href":"https:\/\/akdenizhaber.com.tr\/index.php\/wp-json\/wp\/v2\/posts\/30002","targetHints":{"allow":["GET"]}}],"collection":[{"href":"https:\/\/akdenizhaber.com.tr\/index.php\/wp-json\/wp\/v2\/posts"}],"about":[{"href":"https:\/\/akdenizhaber.com.tr\/index.php\/wp-json\/wp\/v2\/types\/post"}],"author":[{"embeddable":true,"href":"https:\/\/akdenizhaber.com.tr\/index.php\/wp-json\/wp\/v2\/users\/2"}],"replies":[{"embeddable":true,"href":"https:\/\/akdenizhaber.com.tr\/index.php\/wp-json\/wp\/v2\/comments?post=30002"}],"version-history":[{"count":1,"href":"https:\/\/akdenizhaber.com.tr\/index.php\/wp-json\/wp\/v2\/posts\/30002\/revisions"}],"predecessor-version":[{"id":30004,"href":"https:\/\/akdenizhaber.com.tr\/index.php\/wp-json\/wp\/v2\/posts\/30002\/revisions\/30004"}],"wp:featuredmedia":[{"embeddable":true,"href":"https:\/\/akdenizhaber.com.tr\/index.php\/wp-json\/wp\/v2\/media\/30003"}],"wp:attachment":[{"href":"https:\/\/akdenizhaber.com.tr\/index.php\/wp-json\/wp\/v2\/media?parent=30002"}],"wp:term":[{"taxonomy":"category","embeddable":true,"href":"https:\/\/akdenizhaber.com.tr\/index.php\/wp-json\/wp\/v2\/categories?post=30002"},{"taxonomy":"post_tag","embeddable":true,"href":"https:\/\/akdenizhaber.com.tr\/index.php\/wp-json\/wp\/v2\/tags?post=30002"}],"curies":[{"name":"wp","href":"https:\/\/api.w.org\/{rel}","templated":true}]}}