{"id":29998,"date":"2025-09-08T17:06:05","date_gmt":"2025-09-08T14:06:05","guid":{"rendered":"https:\/\/akdenizhaber.com.tr\/?p=29998"},"modified":"2025-09-08T17:10:59","modified_gmt":"2025-09-08T14:10:59","slug":"metabilim-derece-yapan-ogrencilerini-odullendirdi","status":"publish","type":"post","link":"https:\/\/akdenizhaber.com.tr\/index.php\/2025\/09\/08\/metabilim-derece-yapan-ogrencilerini-odullendirdi\/","title":{"rendered":"METAB\u0130L\u0130M, DERECE YAPAN \u00d6\u011eRENC\u0130LER\u0130N\u0130 \u00d6D\u00dcLLEND\u0130RD\u0130"},"content":{"rendered":"\n<p>2025 YKS\u2019de T\u00fcrkiye birincili\u011fi d\u00e2hil olmak \u00fczere \u00f6nemli dereceler elde eden Metabilim E\u011fitim Kurumlar\u0131 \u00f6\u011frencileri, d\u00fczenlenen t\u00f6renle \u00f6d\u00fcllerini ald\u0131.<\/p>\n\n\n\n<p><\/p>\n\n\n\n<p>Metabilim E\u011fitim Kurumlar\u0131 y\u00f6neticileri, dereceye giren \u00f6\u011frencilerine plaketlerini takdim etti.<\/p>\n\n\n\n<p>Metabilim E\u011fitim Kurumlar\u0131, 2025 Y\u00fcksek\u00f6\u011fretim Kurumlar\u0131 S\u0131nav\u0131\u2019nda (YKS) T\u00fcrkiye genelinde dereceye giren \u00f6\u011frencilerini onurland\u0131rmak i\u00e7in \u00f6zel bir t\u00f6ren d\u00fczenledi. Ba\u015far\u0131 elde eden \u00f6\u011frencilere plaketleri takdim edildi.<\/p>\n\n\n\n<p>Kurum yetkilileri, \u00f6\u011frencilerin y\u0131l boyunca g\u00f6sterdi\u011fi disiplinli \u00e7al\u0131\u015fma ve azmin, yaln\u0131zca Metabilim ailesi i\u00e7in de\u011fil t\u00fcm T\u00fcrkiye i\u00e7in gurur kayna\u011f\u0131 oldu\u011funu belirtti. Ayr\u0131ca, bu ba\u015far\u0131lar\u0131n gelecekte de artarak devam edece\u011fine inand\u0131klar\u0131n\u0131 ifade etti.<\/p>\n\n\n\n<p><\/p>\n\n\n\n<p>AYT T\u00fcrkiye birincileri O\u011fuzhan Din\u00e7er ve Bu\u011fra Aslany\u00fcrek, ba\u015far\u0131 hik\u00e2yelerini payla\u015ft\u0131.<\/p>\n\n\n\n<p>Alan Yeterlilik Testi\u2019nde (AYT) t\u00fcm sorular\u0131 do\u011fru yan\u0131tlayarak T\u00fcrkiye birincisi olan O\u011fuzhan Din\u00e7er ve Bu\u011fra Aslany\u00fcrek, ba\u015far\u0131ya giden yolu Atat\u00fcrk\u2019\u00fcn \u201cDinlenmemek \u00fczere yola \u00e7\u0131kanlar asla yorulmazlar\u201d s\u00f6z\u00fcyle anlatt\u0131. \u00c7al\u0131\u015fman\u0131n yan\u0131 s\u0131ra do\u011fru e\u011fitimin de b\u00fcy\u00fck \u00f6nem ta\u015f\u0131d\u0131\u011f\u0131n\u0131 vurgulayan \u00f6\u011frenciler, Metabilim\u2019in nitelikli e\u011fitim kadrosu ve kazand\u0131ran g\u00fcc\u00fcyle fark yaratt\u0131\u011f\u0131n\u0131 s\u00f6yledi.<\/p>\n\n\n\n<p><\/p>\n\n\n\n<p>Dereceye giren \u00f6\u011frenciler, Metabilim\u2019de sadece s\u0131nava de\u011fil hayata haz\u0131rland\u0131klar\u0131n\u0131 s\u00f6yledi.<\/p>\n\n\n\n<p>T\u00f6rende ayr\u0131ca T\u00fcrkiye YKS 5.si ve T\u00fcrkiye YKS 52.si olan \u00f6\u011frenciler de ba\u015far\u0131 hik\u00e2yelerini payla\u015ft\u0131. \u00d6\u011frenciler, \u201cMetabilim E\u011fitim Kurumu bizlere yaln\u0131zca ders \u00e7al\u0131\u015fmay\u0131 de\u011fil, hayallerimize inanmay\u0131 da \u00f6\u011fretti. Burada ge\u00e7irdi\u011fimiz s\u00fcre boyunca \u00f6zg\u00fcven kazand\u0131k ve hayat boyu kullanabilece\u011fimiz de\u011ferli bir bak\u0131\u015f a\u00e7\u0131s\u0131 edindik.\u201d dedi.<\/p>\n\n\n\n<p>B\u00fc\u015fra Deveci \/ Haber<\/p>\n","protected":false},"excerpt":{"rendered":"<p>2025 YKS\u2019de T\u00fcrkiye birincili\u011fi d\u00e2hil olmak \u00fczere \u00f6nemli dereceler elde eden Metabilim E\u011fitim Kurumlar\u0131 \u00f6\u011frencileri, d\u00fczenlenen t\u00f6renle \u00f6d\u00fcllerini ald\u0131. Metabilim E\u011fitim Kurumlar\u0131 y\u00f6neticileri, dereceye giren <a href=\"https:\/\/akdenizhaber.com.tr\/index.php\/2025\/09\/08\/metabilim-derece-yapan-ogrencilerini-odullendirdi\/\" class=\"read-more-link\">[more&#8230;]<\/a><\/p>\n","protected":false},"author":2,"featured_media":29996,"comment_status":"open","ping_status":"open","sticky":false,"template":"","format":"standard","meta":{"footnotes":""},"categories":[2],"tags":[],"class_list":["post-29998","post","type-post","status-publish","format-standard","has-post-thumbnail","hentry","category-gundem"],"_links":{"self":[{"href":"https:\/\/akdenizhaber.com.tr\/index.php\/wp-json\/wp\/v2\/posts\/29998","targetHints":{"allow":["GET"]}}],"collection":[{"href":"https:\/\/akdenizhaber.com.tr\/index.php\/wp-json\/wp\/v2\/posts"}],"about":[{"href":"https:\/\/akdenizhaber.com.tr\/index.php\/wp-json\/wp\/v2\/types\/post"}],"author":[{"embeddable":true,"href":"https:\/\/akdenizhaber.com.tr\/index.php\/wp-json\/wp\/v2\/users\/2"}],"replies":[{"embeddable":true,"href":"https:\/\/akdenizhaber.com.tr\/index.php\/wp-json\/wp\/v2\/comments?post=29998"}],"version-history":[{"count":2,"href":"https:\/\/akdenizhaber.com.tr\/index.php\/wp-json\/wp\/v2\/posts\/29998\/revisions"}],"predecessor-version":[{"id":30001,"href":"https:\/\/akdenizhaber.com.tr\/index.php\/wp-json\/wp\/v2\/posts\/29998\/revisions\/30001"}],"wp:featuredmedia":[{"embeddable":true,"href":"https:\/\/akdenizhaber.com.tr\/index.php\/wp-json\/wp\/v2\/media\/29996"}],"wp:attachment":[{"href":"https:\/\/akdenizhaber.com.tr\/index.php\/wp-json\/wp\/v2\/media?parent=29998"}],"wp:term":[{"taxonomy":"category","embeddable":true,"href":"https:\/\/akdenizhaber.com.tr\/index.php\/wp-json\/wp\/v2\/categories?post=29998"},{"taxonomy":"post_tag","embeddable":true,"href":"https:\/\/akdenizhaber.com.tr\/index.php\/wp-json\/wp\/v2\/tags?post=29998"}],"curies":[{"name":"wp","href":"https:\/\/api.w.org\/{rel}","templated":true}]}}