{"id":29995,"date":"2025-09-08T17:04:31","date_gmt":"2025-09-08T14:04:31","guid":{"rendered":"https:\/\/akdenizhaber.com.tr\/?p=29995"},"modified":"2025-09-08T17:05:40","modified_gmt":"2025-09-08T14:05:40","slug":"masmo-bilirkisi-egitimi-duzenledi","status":"publish","type":"post","link":"https:\/\/akdenizhaber.com.tr\/index.php\/2025\/09\/08\/masmo-bilirkisi-egitimi-duzenledi\/","title":{"rendered":"MASMO Bilirki\u015fi E\u011fitimi D\u00fczenledi"},"content":{"rendered":"\n<p>MASMO Ba\u015fkan\u0131 Erkan Tuncer \u201cBa\u015far\u0131l\u0131 bir E\u011fitim sonras\u0131 oda \u00fcyelerimiz belgelerini ald\u0131\u201d<\/p>\n\n\n\n<p>Manavgat Serbest Muhasebeci ve Mali M\u00fc\u015favirler Odas\u0131 ba\u015fkan\u0131 Erkan Tuncer ge\u00e7ti\u011fimiz hafta d\u00fczenlenen Bilirki\u015fi e\u011fitimini ba\u015far\u0131yla tamamlayanlara belgelerinin verildi\u011fini a\u00e7\u0131klad\u0131.<\/p>\n\n\n\n<p>Prof. Dr. Nedim Meri\u00e7 ve Do\u00e7. Dr. Ferhat Bitlisli\u2019nin kat\u0131l\u0131m\u0131 ile ger\u00e7ekle\u015fen bilirki\u015fi e\u011fitim program\u0131na kat\u0131lan oda \u00fcyelerinden 23 Mali M\u00fc\u015favir ile 1 Yeminli Mali M\u00fc\u015favir e\u011fitimden sonra alanlar\u0131nda bilirki\u015fi olmaya hak kazand\u0131.<\/p>\n\n\n\n<p>G\u00fcnl\u00fck 6 saat e\u011fitim toplam 24 saatten olu\u015fan e\u011fitimin oda \u00fcyeleri taraf\u0131ndan ilgiyle takip edildi\u011fine ve \u00e7ok verimli bir e\u011fitim program\u0131 oldu\u011funa dikkat \u00e7eken Manavgat Serbest Muhasebeci ve Mali m\u00fc\u015favirler odas\u0131 ba\u015fkan\u0131 Erkan Tuncer \u015f\u00f6yle konu\u015ftu;<\/p>\n\n\n\n<p>\u201cOdam\u0131z taraf\u0131ndan meslek \u00e7al\u0131\u015fanlar\u0131na y\u00f6nelik bilirki\u015fi e\u011fitimi verildi. \u00c7ok de\u011fi\u015fik kanunlar\u0131n \u00e7\u0131kt\u0131\u011f\u0131n\u0131 ve bunlarla ilgili bilgilendirme seminerleri ile \u00fcyelerimiz bilgilendirildi. Mesle\u011fimizle ilgili bilirki\u015filik konusunda uzman arkada\u015flar\u0131m\u0131z\u0131 yeti\u015ftirmek i\u00e7in bu \u00e7al\u0131\u015fma her y\u0131l tekrarlan\u0131yor. Buradan yeti\u015fen arkada\u015flar\u0131m\u0131z adaletin d\u00fczg\u00fcn bir \u015fekilde i\u015flemesi i\u00e7in sundu\u011fu raporlarla devletimize yararl\u0131 olmaya \u00e7al\u0131\u015f\u0131yorlar. Bilirki\u015fi semineri sonras\u0131nda 23 Mali M\u00fc\u015favir ile 1 Yeminli Mali M\u00fc\u015favir e\u011fitimden sonra alanlar\u0131nda bilirki\u015fi olmaya hak kazand\u0131.&nbsp; Vergi davalar\u0131 uzmanl\u0131\u011f\u0131, adli muhasebe uzmanl\u0131\u011f\u0131n\u0131 \u00f6rnek verebiliriz&#8221; dedi.<\/p>\n\n\n\n<p>E\u011fitim seminerine kat\u0131lan ve oda \u00fcyelerini bilgilendiren Prof. Dr. Nedim Meri\u00e7 ve Do\u00e7. Dr. Ferhat Bitlisli\u2019ye Manavgat Serbest Muhasebeci ve Mali m\u00fc\u015favirler odas\u0131 olarak te\u015fekk\u00fcrlerini ileten ba\u015fkan Erkan Tuncer, e\u011fitim sonras\u0131 belgeleri ve plaketleri kat\u0131l\u0131mc\u0131lara takdim ettiklerini s\u00f6zlerine ekledi.<\/p>\n\n\n\n<p>B\u00fc\u015fra Deveci \/ Haber<\/p>\n","protected":false},"excerpt":{"rendered":"<p>MASMO Ba\u015fkan\u0131 Erkan Tuncer \u201cBa\u015far\u0131l\u0131 bir E\u011fitim sonras\u0131 oda \u00fcyelerimiz belgelerini ald\u0131\u201d Manavgat Serbest Muhasebeci ve Mali M\u00fc\u015favirler Odas\u0131 ba\u015fkan\u0131 Erkan Tuncer ge\u00e7ti\u011fimiz hafta d\u00fczenlenen <a href=\"https:\/\/akdenizhaber.com.tr\/index.php\/2025\/09\/08\/masmo-bilirkisi-egitimi-duzenledi\/\" class=\"read-more-link\">[more&#8230;]<\/a><\/p>\n","protected":false},"author":2,"featured_media":29999,"comment_status":"open","ping_status":"open","sticky":false,"template":"","format":"standard","meta":{"footnotes":""},"categories":[2],"tags":[],"class_list":["post-29995","post","type-post","status-publish","format-standard","has-post-thumbnail","hentry","category-gundem"],"_links":{"self":[{"href":"https:\/\/akdenizhaber.com.tr\/index.php\/wp-json\/wp\/v2\/posts\/29995","targetHints":{"allow":["GET"]}}],"collection":[{"href":"https:\/\/akdenizhaber.com.tr\/index.php\/wp-json\/wp\/v2\/posts"}],"about":[{"href":"https:\/\/akdenizhaber.com.tr\/index.php\/wp-json\/wp\/v2\/types\/post"}],"author":[{"embeddable":true,"href":"https:\/\/akdenizhaber.com.tr\/index.php\/wp-json\/wp\/v2\/users\/2"}],"replies":[{"embeddable":true,"href":"https:\/\/akdenizhaber.com.tr\/index.php\/wp-json\/wp\/v2\/comments?post=29995"}],"version-history":[{"count":1,"href":"https:\/\/akdenizhaber.com.tr\/index.php\/wp-json\/wp\/v2\/posts\/29995\/revisions"}],"predecessor-version":[{"id":29997,"href":"https:\/\/akdenizhaber.com.tr\/index.php\/wp-json\/wp\/v2\/posts\/29995\/revisions\/29997"}],"wp:featuredmedia":[{"embeddable":true,"href":"https:\/\/akdenizhaber.com.tr\/index.php\/wp-json\/wp\/v2\/media\/29999"}],"wp:attachment":[{"href":"https:\/\/akdenizhaber.com.tr\/index.php\/wp-json\/wp\/v2\/media?parent=29995"}],"wp:term":[{"taxonomy":"category","embeddable":true,"href":"https:\/\/akdenizhaber.com.tr\/index.php\/wp-json\/wp\/v2\/categories?post=29995"},{"taxonomy":"post_tag","embeddable":true,"href":"https:\/\/akdenizhaber.com.tr\/index.php\/wp-json\/wp\/v2\/tags?post=29995"}],"curies":[{"name":"wp","href":"https:\/\/api.w.org\/{rel}","templated":true}]}}