{"id":29989,"date":"2025-09-08T17:02:56","date_gmt":"2025-09-08T14:02:56","guid":{"rendered":"https:\/\/akdenizhaber.com.tr\/?p=29989"},"modified":"2025-09-08T17:02:56","modified_gmt":"2025-09-08T14:02:56","slug":"vatandas-abdiyi-rahmetle-aniyoruz","status":"publish","type":"post","link":"https:\/\/akdenizhaber.com.tr\/index.php\/2025\/09\/08\/vatandas-abdiyi-rahmetle-aniyoruz\/","title":{"rendered":"Vatanda\u015f Abdi&#8217;yi Rahmetle An\u0131yoruz"},"content":{"rendered":"\n<p>Yakaland\u0131\u011f\u0131 akci\u011fer ve g\u0131rtlak kanseri nedeniyle tedavi g\u00f6rd\u00fc\u011f\u00fc hastanede 08 Eyl\u00fcl 2021 tarihinde hayat\u0131n\u0131 kaybeden, Manavgat&#8217;\u0131n sevilen sempatik ve &#8216;Vatanda\u015f Abdi&#8217; lakapl\u0131 gazetecisi Abdi I\u015f\u0131k, \u00f6l\u00fcm\u00fcn\u00fcn d\u00f6rd\u00fcnc\u00fc y\u0131l\u0131nda an\u0131l\u0131yor.<\/p>\n\n\n\n<p>Uzun y\u0131llard\u0131r Manavgat&#8217;ta gazetecilik yapan, halk aras\u0131nda &#8216;Vatanda\u015f Abdi&#8217; lakab\u0131yla ve sempatik ki\u015fili\u011fi ile tan\u0131nan Abdi I\u015f\u0131k, yakaland\u0131\u011f\u0131 g\u0131rtlak ve akci\u011fer kanseri nedeniyle tedavi g\u00f6rd\u00fc\u011f\u00fc hastanede hayat\u0131n\u0131 kaybetti.<br>Aslen Ankaral\u0131 olan ancak 27 y\u0131l Manavgat&#8217;ta ya\u015fam\u0131n\u0131 s\u00fcrd\u00fcren Abdi I\u015f\u0131k, 16 Temmuz 2021 tarihinde evinde rahats\u0131zlanm\u0131\u015f ve hastaneye kald\u0131r\u0131lm\u0131\u015ft\u0131. \u00d6nce Manavgat Devlet Hastanesi sonra Akdeniz \u00dcniversitesi Hastanesinde ard\u0131ndan da \u00f6zel bir hastanede tedavi g\u00f6ren I\u015f\u0131k, son g\u00fcnlerini ya\u015fam destek \u00fcnitesine ba\u011fl\u0131 olarak ge\u00e7irmi\u015f ve 8 Eyl\u00fcl 2021 tarihinde 66 ya\u015f\u0131nda iken hayat\u0131n\u0131 kaybetmi\u015fti.<br>&#8216;Vatanda\u015f Abdi&#8217;nin vefat\u0131n\u0131n d\u00f6rd\u00fcnc\u00fc y\u0131ld\u00f6n\u00fcm\u00fcnde, rahmet ve \u00f6zlemle an\u0131yoruz.<br>B\u00fc\u015fra Deveci<\/p>\n","protected":false},"excerpt":{"rendered":"<p>Yakaland\u0131\u011f\u0131 akci\u011fer ve g\u0131rtlak kanseri nedeniyle tedavi g\u00f6rd\u00fc\u011f\u00fc hastanede 08 Eyl\u00fcl 2021 tarihinde hayat\u0131n\u0131 kaybeden, Manavgat&#8217;\u0131n sevilen sempatik ve &#8216;Vatanda\u015f Abdi&#8217; lakapl\u0131 gazetecisi Abdi I\u015f\u0131k, <a href=\"https:\/\/akdenizhaber.com.tr\/index.php\/2025\/09\/08\/vatandas-abdiyi-rahmetle-aniyoruz\/\" class=\"read-more-link\">[more&#8230;]<\/a><\/p>\n","protected":false},"author":2,"featured_media":29990,"comment_status":"open","ping_status":"open","sticky":false,"template":"","format":"standard","meta":{"footnotes":""},"categories":[2],"tags":[],"class_list":["post-29989","post","type-post","status-publish","format-standard","has-post-thumbnail","hentry","category-gundem"],"_links":{"self":[{"href":"https:\/\/akdenizhaber.com.tr\/index.php\/wp-json\/wp\/v2\/posts\/29989","targetHints":{"allow":["GET"]}}],"collection":[{"href":"https:\/\/akdenizhaber.com.tr\/index.php\/wp-json\/wp\/v2\/posts"}],"about":[{"href":"https:\/\/akdenizhaber.com.tr\/index.php\/wp-json\/wp\/v2\/types\/post"}],"author":[{"embeddable":true,"href":"https:\/\/akdenizhaber.com.tr\/index.php\/wp-json\/wp\/v2\/users\/2"}],"replies":[{"embeddable":true,"href":"https:\/\/akdenizhaber.com.tr\/index.php\/wp-json\/wp\/v2\/comments?post=29989"}],"version-history":[{"count":1,"href":"https:\/\/akdenizhaber.com.tr\/index.php\/wp-json\/wp\/v2\/posts\/29989\/revisions"}],"predecessor-version":[{"id":29991,"href":"https:\/\/akdenizhaber.com.tr\/index.php\/wp-json\/wp\/v2\/posts\/29989\/revisions\/29991"}],"wp:featuredmedia":[{"embeddable":true,"href":"https:\/\/akdenizhaber.com.tr\/index.php\/wp-json\/wp\/v2\/media\/29990"}],"wp:attachment":[{"href":"https:\/\/akdenizhaber.com.tr\/index.php\/wp-json\/wp\/v2\/media?parent=29989"}],"wp:term":[{"taxonomy":"category","embeddable":true,"href":"https:\/\/akdenizhaber.com.tr\/index.php\/wp-json\/wp\/v2\/categories?post=29989"},{"taxonomy":"post_tag","embeddable":true,"href":"https:\/\/akdenizhaber.com.tr\/index.php\/wp-json\/wp\/v2\/tags?post=29989"}],"curies":[{"name":"wp","href":"https:\/\/api.w.org\/{rel}","templated":true}]}}