{"id":29980,"date":"2025-09-08T16:59:41","date_gmt":"2025-09-08T13:59:41","guid":{"rendered":"https:\/\/akdenizhaber.com.tr\/?p=29980"},"modified":"2025-09-08T16:59:41","modified_gmt":"2025-09-08T13:59:41","slug":"vize-sorunu-bitiyor-nobel-vize-manavgatta","status":"publish","type":"post","link":"https:\/\/akdenizhaber.com.tr\/index.php\/2025\/09\/08\/vize-sorunu-bitiyor-nobel-vize-manavgatta\/","title":{"rendered":"Vize Sorunu Bitiyor: Nobel Vize Manavgat&#8217;ta!"},"content":{"rendered":"\n<p>Vize ba\u015fvurular\u0131ndaki yo\u011funluk ve karma\u015f\u0131k s\u00fcre\u00e7, seyahat etmek isteyenleri maddi ve manevi olarak zorlamaya devam ediyor. Vize i\u00e7in aylarca sonraya verilen randevulara dikkat \u00e7eken Nobel Vize Manavgat temsilcisi Ahmet Korkutalp, bu sorunu en aza indirmek i\u00e7in \u00e7al\u0131\u015ft\u0131klar\u0131n\u0131 s\u00f6yledi. Korkutalp, \u00f6zellikle son aylarda vize talebinde a\u015f\u0131r\u0131 yo\u011funluk ya\u015fad\u0131klar\u0131n\u0131 belirtti.<\/p>\n\n\n\n<p>VATANDA\u015eA KOLAYLIK \u0130\u00c7\u0130N YEN\u0130 \u015eUBELER A\u00c7ILDI<\/p>\n\n\n\n<p>Ankara&#8217;daki 35 y\u0131ll\u0131k tecr\u00fcbelerini Antalya ve Manavgat&#8217;a ta\u015f\u0131d\u0131klar\u0131n\u0131 belirten Korkutalp, yeni \u015fubelerle vize s\u00fcre\u00e7lerini kolayla\u015ft\u0131rmay\u0131 hedeflediklerini ifade etti. Korkutalp, &#8220;Amac\u0131m\u0131z, vatanda\u015flar\u0131m\u0131z\u0131n vize s\u00fcrecini kolayla\u015ft\u0131rmak. En \u00e7ok zorland\u0131klar\u0131 randevu i\u015flemini biz kolayca al\u0131yoruz. Ba\u015fvuru sahipleri sadece imza ve parmak izi a\u015famas\u0131nda bulunuyor, geri kalan t\u00fcm i\u015flemleri biz takip ediyoruz&#8221; dedi.<\/p>\n\n\n\n<p>7\/24 \u00dcCRETS\u0130Z DANI\u015eMANLIK H\u0130ZMET\u0130<\/p>\n\n\n\n<p>Vizeyle ilgili merak edilen t\u00fcm konularda 7\/24 \u00fccretsiz dan\u0131\u015fmanl\u0131k hizmeti sunduklar\u0131n\u0131 dile getiren Korkutalp, aile birle\u015fimi, \u00e7al\u0131\u015fma, e\u011fitim, k\u00fclt\u00fcr vizeleri ve oturum izni yenileme gibi bir\u00e7ok alanda hizmet verdiklerini belirtti. Ahmet Korkutalp, Nobel Vize&#8217;ye ula\u015fmak isteyenler i\u00e7in ileti\u015fim numaralar\u0131n\u0131 payla\u015ft\u0131; 0533 499 57 50 ve 0506 971 89 73.<\/p>\n\n\n\n<p>Haber Merkezi<\/p>\n","protected":false},"excerpt":{"rendered":"<p>Vize ba\u015fvurular\u0131ndaki yo\u011funluk ve karma\u015f\u0131k s\u00fcre\u00e7, seyahat etmek isteyenleri maddi ve manevi olarak zorlamaya devam ediyor. Vize i\u00e7in aylarca sonraya verilen randevulara dikkat \u00e7eken Nobel <a href=\"https:\/\/akdenizhaber.com.tr\/index.php\/2025\/09\/08\/vize-sorunu-bitiyor-nobel-vize-manavgatta\/\" class=\"read-more-link\">[more&#8230;]<\/a><\/p>\n","protected":false},"author":2,"featured_media":29981,"comment_status":"open","ping_status":"open","sticky":false,"template":"","format":"standard","meta":{"footnotes":""},"categories":[2],"tags":[],"class_list":["post-29980","post","type-post","status-publish","format-standard","has-post-thumbnail","hentry","category-gundem"],"_links":{"self":[{"href":"https:\/\/akdenizhaber.com.tr\/index.php\/wp-json\/wp\/v2\/posts\/29980","targetHints":{"allow":["GET"]}}],"collection":[{"href":"https:\/\/akdenizhaber.com.tr\/index.php\/wp-json\/wp\/v2\/posts"}],"about":[{"href":"https:\/\/akdenizhaber.com.tr\/index.php\/wp-json\/wp\/v2\/types\/post"}],"author":[{"embeddable":true,"href":"https:\/\/akdenizhaber.com.tr\/index.php\/wp-json\/wp\/v2\/users\/2"}],"replies":[{"embeddable":true,"href":"https:\/\/akdenizhaber.com.tr\/index.php\/wp-json\/wp\/v2\/comments?post=29980"}],"version-history":[{"count":1,"href":"https:\/\/akdenizhaber.com.tr\/index.php\/wp-json\/wp\/v2\/posts\/29980\/revisions"}],"predecessor-version":[{"id":29982,"href":"https:\/\/akdenizhaber.com.tr\/index.php\/wp-json\/wp\/v2\/posts\/29980\/revisions\/29982"}],"wp:featuredmedia":[{"embeddable":true,"href":"https:\/\/akdenizhaber.com.tr\/index.php\/wp-json\/wp\/v2\/media\/29981"}],"wp:attachment":[{"href":"https:\/\/akdenizhaber.com.tr\/index.php\/wp-json\/wp\/v2\/media?parent=29980"}],"wp:term":[{"taxonomy":"category","embeddable":true,"href":"https:\/\/akdenizhaber.com.tr\/index.php\/wp-json\/wp\/v2\/categories?post=29980"},{"taxonomy":"post_tag","embeddable":true,"href":"https:\/\/akdenizhaber.com.tr\/index.php\/wp-json\/wp\/v2\/tags?post=29980"}],"curies":[{"name":"wp","href":"https:\/\/api.w.org\/{rel}","templated":true}]}}