{"id":29944,"date":"2025-09-04T17:02:43","date_gmt":"2025-09-04T14:02:43","guid":{"rendered":"https:\/\/akdenizhaber.com.tr\/?p=29944"},"modified":"2025-09-04T17:02:44","modified_gmt":"2025-09-04T14:02:44","slug":"sahilde-erkek-cesedi-bulundu","status":"publish","type":"post","link":"https:\/\/akdenizhaber.com.tr\/index.php\/2025\/09\/04\/sahilde-erkek-cesedi-bulundu\/","title":{"rendered":"Sahilde erkek cesedi bulundu"},"content":{"rendered":"\n<p>Manavgat\u2019\u0131n Il\u0131ca Mahallesi Kumk\u00f6y mevkisi sahilinde denizden sahile vurmu\u015f bir erke\u011fe ait cesedi bulundu.<\/p>\n\n\n\n<p>\u0130hbar \u00fczerine olay yerine jandarma ve sa\u011fl\u0131k ekipleri sevk edildi. Jandarma ve sa\u011fl\u0131k ekipleri taraf\u0131ndan yap\u0131lan incelemenin ard\u0131ndan cesedin 47 ya\u015f\u0131ndaki G\u00f6khan Varo\u011flu\u2019na ait oldu\u011fu tespit edildi. Varo\u011flu\u2019nun Kumk\u00f6y b\u00f6lgesinde d\u00f6vmecilik yapt\u0131\u011f\u0131 \u00f6\u011frenildi.<\/p>\n\n\n\n<p>Cumhuriyet savc\u0131s\u0131n\u0131n incelemesinin ard\u0131ndan, ceset kesin \u00f6l\u00fcm nedeninin belirlenmesi i\u00e7in Antalya Adli T\u0131p Kurumu morguna g\u00f6t\u00fcr\u00fcld\u00fc.<\/p>\n\n\n\n<p>Olayla ilgili soru\u015fturma ba\u015flat\u0131ld\u0131.<\/p>\n\n\n\n<p>Haber Merkezi<\/p>\n","protected":false},"excerpt":{"rendered":"<p>Manavgat\u2019\u0131n Il\u0131ca Mahallesi Kumk\u00f6y mevkisi sahilinde denizden sahile vurmu\u015f bir erke\u011fe ait cesedi bulundu. \u0130hbar \u00fczerine olay yerine jandarma ve sa\u011fl\u0131k ekipleri sevk edildi. Jandarma <a href=\"https:\/\/akdenizhaber.com.tr\/index.php\/2025\/09\/04\/sahilde-erkek-cesedi-bulundu\/\" class=\"read-more-link\">[more&#8230;]<\/a><\/p>\n","protected":false},"author":2,"featured_media":29945,"comment_status":"open","ping_status":"open","sticky":false,"template":"","format":"standard","meta":{"footnotes":""},"categories":[2],"tags":[],"class_list":["post-29944","post","type-post","status-publish","format-standard","has-post-thumbnail","hentry","category-gundem"],"_links":{"self":[{"href":"https:\/\/akdenizhaber.com.tr\/index.php\/wp-json\/wp\/v2\/posts\/29944","targetHints":{"allow":["GET"]}}],"collection":[{"href":"https:\/\/akdenizhaber.com.tr\/index.php\/wp-json\/wp\/v2\/posts"}],"about":[{"href":"https:\/\/akdenizhaber.com.tr\/index.php\/wp-json\/wp\/v2\/types\/post"}],"author":[{"embeddable":true,"href":"https:\/\/akdenizhaber.com.tr\/index.php\/wp-json\/wp\/v2\/users\/2"}],"replies":[{"embeddable":true,"href":"https:\/\/akdenizhaber.com.tr\/index.php\/wp-json\/wp\/v2\/comments?post=29944"}],"version-history":[{"count":1,"href":"https:\/\/akdenizhaber.com.tr\/index.php\/wp-json\/wp\/v2\/posts\/29944\/revisions"}],"predecessor-version":[{"id":29946,"href":"https:\/\/akdenizhaber.com.tr\/index.php\/wp-json\/wp\/v2\/posts\/29944\/revisions\/29946"}],"wp:featuredmedia":[{"embeddable":true,"href":"https:\/\/akdenizhaber.com.tr\/index.php\/wp-json\/wp\/v2\/media\/29945"}],"wp:attachment":[{"href":"https:\/\/akdenizhaber.com.tr\/index.php\/wp-json\/wp\/v2\/media?parent=29944"}],"wp:term":[{"taxonomy":"category","embeddable":true,"href":"https:\/\/akdenizhaber.com.tr\/index.php\/wp-json\/wp\/v2\/categories?post=29944"},{"taxonomy":"post_tag","embeddable":true,"href":"https:\/\/akdenizhaber.com.tr\/index.php\/wp-json\/wp\/v2\/tags?post=29944"}],"curies":[{"name":"wp","href":"https:\/\/api.w.org\/{rel}","templated":true}]}}